{"id":268219,"date":"2025-12-03T01:44:11","date_gmt":"2025-12-03T01:44:11","guid":{"rendered":"https:\/\/www.europesays.com\/es\/268219\/"},"modified":"2025-12-03T01:44:11","modified_gmt":"2025-12-03T01:44:11","slug":"el-gobierno-acumula-proyectos-sociales-en-el-ultimo-pleno-del-ano-para-compensar-la-derrota-de-la-senda-presupuestaria-espana","status":"publish","type":"post","link":"https:\/\/www.europesays.com\/es\/268219\/","title":{"rendered":"El Gobierno acumula proyectos sociales en el \u00faltimo pleno del a\u00f1o para compensar la derrota de la senda presupuestaria | Espa\u00f1a"},"content":{"rendered":"<p class=\"\">El Gobierno de coalici\u00f3n de Pedro S\u00e1nchez se mueve en tres ejes en este nuevo momento cr\u00edtico de la legislatura con la idea de aguantar lo m\u00e1ximo posible. El presidente le lanz\u00f3 este martes un<a href=\"https:\/\/elpais.com\/espana\/catalunya\/2025-12-02\/junts-celebra-que-sanchez-que-admita-sus-incumplimientos-pero-desconfia-de-que-quiera-restablecer-relaciones.html\" target=\"_self\" rel=\"nofollow noopener\" title=\"https:\/\/elpais.com\/espana\/catalunya\/2025-12-02\/junts-celebra-que-sanchez-que-admita-sus-incumplimientos-pero-desconfia-de-que-quiera-restablecer-relaciones.html\"> guante a Junts para que revise su salida del bloque de investidura.<\/a> PSOE y Sumar han operado para llenar la semana que viene el \u00faltimo pleno de este periodo de sesiones con leyes sociales de muy dif\u00edcil oposici\u00f3n, como <a href=\"https:\/\/elpais.com\/noticias\/ley-dependencia\/\" target=\"_self\" rel=\"nofollow noopener\" title=\"https:\/\/elpais.com\/noticias\/ley-dependencia\/\">la gran reforma de la dependencia<\/a> y la ley de atenci\u00f3n a la clientela, que contrarresten posibles varapalos de varios decretos econ\u00f3micos, fundamentalmente a la senda de estabilidad para los presupuestos, que se votar\u00e1 por segunda vez en el Congreso. El Ejecutivo someter\u00e1 adem\u00e1s a votaci\u00f3n los reales decretos aprobados este martes en el Consejo de Ministros sobre la subida salarial a los empleados p\u00fablicos y la ampliaci\u00f3n del margen de gasto para los ayuntamientos, medidas en las que Junts y tambi\u00e9n el PP, tienen menos margen para oponerse. <\/p>\n<p class=\"\">La <a href=\"https:\/\/elpais.com\/espana\/2025-12-02\/feijoo-sobre-si-sanchez-aguantara-hasta-2027-tras-el-paquete-de-medidas-prometido-a-junts-eso-no-depende-de-el.html\" target=\"_self\" rel=\"nofollow noopener\" title=\"https:\/\/elpais.com\/espana\/2025-12-02\/feijoo-sobre-si-sanchez-aguantara-hasta-2027-tras-el-paquete-de-medidas-prometido-a-junts-eso-no-depende-de-el.html\">oposici\u00f3n del PP y Vox <\/a>lleva pr\u00e1cticamente toda la XV legislatura asegurando que el Gobierno est\u00e1 paralizado, no gobierna y vive de espaldas al Parlamento. Junts, que hab\u00eda formado a trompicones parte del bloque de investidura, se desmarc\u00f3 hace varias semanas de ese conjunto y anunci\u00f3 enmiendas a la totalidad para todo. Pero el Congreso vivir\u00e1 el jueves de la semana que viene un pleno legislativo bien cargado.<\/p>\n<p class=\"\">La Junta de Portavoces aprob\u00f3 este martes la agenda de ese pleno y en el mismo se discutir\u00e1n varias leyes de m\u00e1xima relevancia social y que afectan al bienestar de millones de personas y que m\u00e1s que probablemente volver\u00e1n a contar con el apoyo tambi\u00e9n de Junts. <a href=\"https:\/\/elpais.com\/espana\/2025-06-01\/pablo-bustinduy-el-ministro-que-conquista-espacios.html\" target=\"_self\" rel=\"nofollow noopener\" title=\"https:\/\/elpais.com\/espana\/2025-06-01\/pablo-bustinduy-el-ministro-que-conquista-espacios.html\">El ministro de Derechos Sociales y Agenda 2030, Pablo Bustinduy,<\/a> ser\u00e1 otra vez uno de los grandes protagonistas de la jornada, como viene sucediendo desde hace unos meses, al ser el que defender\u00e1 otro proyecto m\u00e1s que previsiblemente de gran consenso o \u201cde pa\u00eds\u201d, como le gusta destacar.<\/p>\n<p class=\"\">El <a href=\"https:\/\/www.congreso.es\/es\/web\/guest\" target=\"_self\" rel=\"nofollow noopener\" title=\"https:\/\/www.congreso.es\/es\/web\/guest\">Congreso debatir\u00e1 as\u00ed<\/a> la reforma de la ley de dependencia y discapacidad, que se aprob\u00f3 en 2006, y que ahora quiere revisar profundamente la idea de la atenci\u00f3n externa y en residencias a las personas con distintos tipos de necesidades para profundizar en un concepto de vigilancia y cuidados en los propios hogares.<\/p>\n<p class=\"\">Junts y PNV hab\u00edan planteado enmiendas de totalidad, no el PP ni Vox, pero en el Ministerio auguran un gran respaldo sin atreverse a hablar de unanimidad, como sucedi\u00f3 la semana pasada con la convalidaci\u00f3n del decreto de financiaci\u00f3n con 500 millones para los enfermos de ELA. El pleno aprobar\u00e1, m\u00e1s que previsiblemente, la ley de atenci\u00f3n a la clientela, que interes\u00f3 mucho a Junts, tuvo en principio algunos opositores y que ahora cuenta tambi\u00e9n con amplios apoyos.<\/p>\n<p class=\"\">El orden del d\u00eda de esa \u00faltima sesi\u00f3n ni es casual ni reportar\u00e1 solo buenas noticias al Ejecutivo. Ser\u00e1 un reflejo del peligroso precipicio parlamentario en el que sobrevive el Gobierno desde el inicio de este mandato. El Consejo de Ministros aprob\u00f3 este martes el proyecto de senda de estabilidad previo a los Presupuestos que la semana pasada ya tumb\u00f3 el Congreso, con el voto en contra de PP, Vox y Junts, y nada hace indicar que vaya a ocurrir algo diferente la semana que viene. No est\u00e1 claro qu\u00e9 suceder\u00e1 con<a href=\"https:\/\/elpais.com\/economia\/2025-12-02\/el-gobierno-aprueba-la-subida-salarial-de-los-funcionarios-de-un-25-este-ano-y-un-15-en-2026.html\" target=\"_self\" rel=\"nofollow noopener\" title=\"https:\/\/elpais.com\/economia\/2025-12-02\/el-gobierno-aprueba-la-subida-salarial-de-los-funcionarios-de-un-25-este-ano-y-un-15-en-2026.html\"> el decreto sobre la subida de sueldo a los 3,5 millones de funcionarios<\/a>, en el que fuentes del Gobierno ven muy dif\u00edcil que el PP pueda situarse en el no. El Ejecutivo s\u00ed cuenta con que Junts refrende el que permitir\u00e1 a los ayuntamientos m\u00e1s inversiones financieramente sostenibles. Tambi\u00e9n ir\u00e1 un decreto de ayudas a la isla de La Palma.<\/p>\n<p class=\"\">Cuando en La Moncloa certificaron, tras la desbandada de Junts, que tendr\u00edan muchos problemas para sacar adelante, <a href=\"https:\/\/elpais.com\/economia\/2025-12-01\/fedeca-ve-fraude-de-ley-en-que-el-pacto-salarial-de-los-funcionarios-llegue-a-2028-porque-excede-la-legislatura.html#?rel=lom\" target=\"_self\" rel=\"nofollow noopener\" title=\"https:\/\/elpais.com\/economia\/2025-12-01\/fedeca-ve-fraude-de-ley-en-que-el-pacto-salarial-de-los-funcionarios-llegue-a-2028-porque-excede-la-legislatura.html#?rel=lom\">adem\u00e1s de los Presupuestos del Estado<\/a>, otras leyes importantes, optaron por priorizar la agenda social y medidas de muy dif\u00edcil oposici\u00f3n, incluso para el PP. La mayor\u00eda de los socios de izquierdas llevan meses aconsejando apuntar por esa deriva para darle sentido a la legislatura, y armarse de argumentos ante pr\u00f3ximas campa\u00f1as, pero al Gobierno le ha costado y en algunos aspectos le sigue costando. Es lo que sucede con el agravado problema de la vivienda.<\/p>\n<p class=\"\">Sumar, Podemos, ERC, Comprom\u00eds, EH Bildu y BNG insisten casi semanalmente en que las pr\u00f3ximas elecciones se juegan en gran parte en ser valientes al aprobar medidas que pal\u00eden esa carencia de vivienda, en especial para los j\u00f3venes. S\u00e1nchez avanz\u00f3 este martes que llevar\u00e1 a un pr\u00f3ximo Consejo de Ministros un real decreto para crear una partida que ayude a los propietarios ante los impagos en caso de arrendamiento a j\u00f3venes o familias vulnerables. Sumar, la formaci\u00f3n que lidera Yolanda D\u00edaz, lleva tiempo reclamando al PSOE que apruebe la pr\u00f3rroga de los contratos de alquiler firmados durante la pandemia, con precios mucho m\u00e1s bajos a los actuales. \u201cEl problema de la vivienda no puede abordarse sin dar una respuesta a la crisis de los alquileres. Podemos dar tranquilidad y alivio a m\u00e1s de 300.000 familias con la moratoria de los contratos de alquiler. Ya hemos presentado el real decreto para hacerlo, el PSOE s\u00f3lo tiene que tramitarlo\u201d, sostienen en Sumar.<\/p>\n<p class=\"\">Ione Belarra, la secretaria general de Podemos, result\u00f3 de nuevo mucho m\u00e1s expeditiva en sus advertencias: \u201cLo que va a tumbar este Gobierno no es ni Junts ni la derecha, va a ser la crisis de vivienda. Un tsunami que no est\u00e1n viendo venir. Las concesiones que se est\u00e1n haciendo a Junts son muy peligrosas en materia de multirreincidencia y okupaci\u00f3n. Me parece que comprar su agenda ultra, racista y de vivienda es un error y que la \u00fanica manera de atar esta legislatura era dise\u00f1ar unos objetivos en materia de democratizaci\u00f3n, de avance social a los que Junts no pueda oponerse porque en Catalu\u00f1a tienen un apoyo mayoritario\u201d.<\/p>\n","protected":false},"excerpt":{"rendered":"El Gobierno de coalici\u00f3n de Pedro S\u00e1nchez se mueve en tres ejes en este nuevo momento cr\u00edtico de&hellip;\n","protected":false},"author":2,"featured_media":268220,"comment_status":"","ping_status":"","sticky":false,"template":"","format":"standard","meta":{"footnotes":""},"categories":[8],"tags":[4071,45928,17,18,36524,12191,4456,66128,28060,6324,25,24,13,14,582,11,19,20,6910,24628,28384,9,10,15,16,6331,2959,6067,51831,1699,23,4453,12,21,22,6911,4454],"class_list":{"0":"post-268219","1":"post","2":"type-post","3":"status-publish","4":"format-standard","5":"has-post-thumbnail","7":"category-espana","8":"tag-agenda","9":"tag-agenda-2030","10":"tag-breaking-news","11":"tag-breakingnews","12":"tag-coaliciones-politicas","13":"tag-compromis","14":"tag-congreso-diputados","15":"tag-derecho-educacion","16":"tag-derechos-civiles","17":"tag-erc","18":"tag-es","19":"tag-espana","20":"tag-featured-news","21":"tag-featurednews","22":"tag-gobierno","23":"tag-headlines","24":"tag-latest-news","25":"tag-latestnews","26":"tag-legislaturas-politicas","27":"tag-medidas-seguridad","28":"tag-ministerio-de-igualdad","29":"tag-news","30":"tag-noticias","31":"tag-noticias-destacadas","32":"tag-noticiasdestacadas","33":"tag-pablo-bustinduy","34":"tag-pedro-sanchez","35":"tag-podemos","36":"tag-proyectos-ley","37":"tag-psoe","38":"tag-spain","39":"tag-sumar","40":"tag-titulares","41":"tag-ultimas-noticias","42":"tag-ultimasnoticias","43":"tag-xv-legislatura-espana","44":"tag-yolanda-diaz"},"share_on_mastodon":{"url":"","error":"Validation failed: Text character limit of 500 exceeded"},"_links":{"self":[{"href":"https:\/\/www.europesays.com\/es\/wp-json\/wp\/v2\/posts\/268219","targetHints":{"allow":["GET"]}}],"collection":[{"href":"https:\/\/www.europesays.com\/es\/wp-json\/wp\/v2\/posts"}],"about":[{"href":"https:\/\/www.europesays.com\/es\/wp-json\/wp\/v2\/types\/post"}],"author":[{"embeddable":true,"href":"https:\/\/www.europesays.com\/es\/wp-json\/wp\/v2\/users\/2"}],"replies":[{"embeddable":true,"href":"https:\/\/www.europesays.com\/es\/wp-json\/wp\/v2\/comments?post=268219"}],"version-history":[{"count":0,"href":"https:\/\/www.europesays.com\/es\/wp-json\/wp\/v2\/posts\/268219\/revisions"}],"wp:featuredmedia":[{"embeddable":true,"href":"https:\/\/www.europesays.com\/es\/wp-json\/wp\/v2\/media\/268220"}],"wp:attachment":[{"href":"https:\/\/www.europesays.com\/es\/wp-json\/wp\/v2\/media?parent=268219"}],"wp:term":[{"taxonomy":"category","embeddable":true,"href":"https:\/\/www.europesays.com\/es\/wp-json\/wp\/v2\/categories?post=268219"},{"taxonomy":"post_tag","embeddable":true,"href":"https:\/\/www.europesays.com\/es\/wp-json\/wp\/v2\/tags?post=268219"}],"curies":[{"name":"wp","href":"https:\/\/api.w.org\/{rel}","templated":true}]}}