{"id":268225,"date":"2025-12-03T01:54:09","date_gmt":"2025-12-03T01:54:09","guid":{"rendered":"https:\/\/www.europesays.com\/es\/268225\/"},"modified":"2025-12-03T01:54:09","modified_gmt":"2025-12-03T01:54:09","slug":"del-betis-me-llevaria-a-bartra-al-cucho-y-al-chimy","status":"publish","type":"post","link":"https:\/\/www.europesays.com\/es\/268225\/","title":{"rendered":"\u00abDel Betis me llevar\u00eda a Bartra, al Cucho y al Chimy\u00bb"},"content":{"rendered":"<p style=\"\">El <strong>Real Betis<\/strong> se enfrentar\u00e1 en poco m\u00e1s de 24 horas <a href=\"https:\/\/www.abc.es\/deportes\/alfinaldelapalmera\/noticias-betis\/torrent-empata-casa-recibir-betis-copa-rey-20251201162553-nts.html\" target=\"_self\" data-voc-vtm-id=\"in-text-traffic\" title=\"al Torrent\" data-mrf-link=\"www.abc.es\" rel=\"nofollow noopener\">al Torrent<\/a> en la <strong>segunda ronda<\/strong> de la <strong>Copa del Rey 25-26<\/strong>. <strong>Pedro L\u00f3pez<\/strong>, director deportivo del equipo taronja y exjugador con casi 400 partidos en la \u00e9lite  &#8230; de f\u00fatbol espa\u00f1ol, ha atendido hoy martes a los compa\u00f1eros de Radio MARCA Sevilla para analizar la previa del encuentro.<\/p>\n<p class=\"voc-p\" style=\"\">El exfutbolista del Levante y Huesca, entre otros, lament\u00f3 no poder disputar este hist\u00f3rico duelo copero <a href=\"https:\/\/www.abc.es\/deportes\/alfinaldelapalmera\/noticias-betis\/ciutat-valencia-sede-definitiva-torrent-betis-copa-20251120225848-nts.html\" target=\"_self\" data-voc-vtm-id=\"in-text-traffic\" title=\"en casa frente a su gente\" data-mrf-link=\"www.abc.es\" rel=\"nofollow noopener\">en casa frente a su gente<\/a>. \u00abEs un partido que, de haberse jugado aqu\u00ed en <strong>Torrent<\/strong>, <strong>hubi\u00e9ramos hecho m\u00e1s caja<\/strong> y probablemente <strong>las posibilidades de competir y de pasar de ronda hubieran ascendido<\/strong>. Esa es la realidad. A partir de aqu\u00ed, bueno, pues vamos a pelear todo lo que podamos y vamos a intentar pon\u00e9rselo dif\u00edcil al Betis\u00bb, manifest\u00f3.<\/p>\n<p class=\"voc-p\" style=\"\">Siguiendo con el tema del cambio de sede, Pedro L\u00f3pez puso como ejemplo la diferencia que supone el aforo entre un estadio y otro. \u00abEn nuestro campo ten\u00edamos mirada una grada supletoria. <strong>Donde en un campo 5.000 espectadores o 6.000 no se notan, en otro campo hubiera sido una olla a presi\u00f3n<\/strong>. Los ni\u00f1os de aqu\u00ed del pueblo hubieran disfrutado de una experiencia que posiblemente de aqu\u00ed 20 o 30 a\u00f1os se hubieran acordado. La verdad que es una l\u00e1stima, es una pena, pero bueno, es lo que hay\u00bb, expres\u00f3.<\/p>\n<p class=\"voc-p\" style=\"\">Cuestionado por cu\u00e1l va a ser el equipo que se va a encontrar enfrente el Betis, el director deportivo valenciano se encarg\u00f3 de se\u00f1alar el plan de partido: \u00abSomos un equipo que est\u00e1 en descenso ahora mismo, pero tambi\u00e9n te tengo que decir que en todos los partidos hemos competido. En estas categor\u00edas lo que m\u00e1s se echa en falta es un poco esa falta de gol o de talento en los jugadores de arriba. Es verdad que <strong>nosotros con Ra\u00fal Caballero estamos haciendo muchos goles<\/strong>, pero si t\u00fa hablas con directores deportivos en esta categor\u00eda, todos buscan lo mismo; Un delantero que tenga gol, todos buscamos eso, pero es dif\u00edcil. A partir de ah\u00ed, pues todos los equipos intentamos ser competitivos, dominar mucho las acciones a bal\u00f3n parado, priorizar la porter\u00eda cero, que sabemos que ma\u00f1ana va a ser complicado, porque adem\u00e1s es un campo muy grande, de c\u00e9sped natural. pero ya te digo, Nosotros seguiremos con lo que venimos haciendo. <strong>L\u00edneas juntitas, intentar tener la porter\u00eda cero, salir bien a la contra, aprovechar bien el bal\u00f3n parado<\/strong>, y a partir de ah\u00ed, ser competitivos en l\u00edneas generales\u00bb.<\/p>\n<p class=\"voc-p\" style=\"\">Tambi\u00e9n anot\u00f3 lo que supondr\u00e1 para ellos, desde el plano f\u00edsico, jugar en unas condiciones tan distintas a las que est\u00e1n acostumbrados en su d\u00eda a d\u00eda. \u00abHoy lo he hablado con el preparador f\u00edsico. <strong>Es una de las cosas que m\u00e1s vamos a notar<\/strong>. Si hubi\u00e9ramos jugado en nuestro campo, que es bastante m\u00e1s peque\u00f1o y adem\u00e1s de c\u00e9sped artificial, pues evidentemente no nos tendr\u00edamos que preocupar de este aspecto. Yo entiendo que el Betis, porque yo he jugado muchos partidos de este tipo, no tendr\u00e1 prisa, nos mover\u00e1 de lado a lado, dejar\u00e1 que pase el tiempo y que nos vayamos desgastando. <strong>Vamos a ver si le damos alg\u00fan sustito<\/strong>\u00bb, subray\u00f3.<\/p>\n<p class=\"voc-p\" style=\"\">\u00ab<strong>Nosotros no tenemos nada que perder<\/strong>. Entonces, a partir de ah\u00ed, yo lo \u00fanico que les he pedido a los chicos es que compitan, que disfruten y, sobre todo, que jueguen con alegr\u00eda, que no sean temerosos, que no salten al campo con dudas. Que luego, cuando acabe el partido, que no se arrepientan de no haber hecho esto, de no haber hecho lo otro, de salir con personalidad. Lo normal es que pierdas. Es muy complicado competir contra un equipo de Primera Divisi\u00f3n en un campo como el que vamos a jugar. Pero bueno, tenemos que tener nuestra <strong>personalidad<\/strong>, tenemos que tener <strong>valent\u00eda<\/strong>, tenemos que <strong>ir hacia adelante<\/strong>\u00bb, declar\u00f3 Pedro L\u00f3pez sobre lo que deben hacer sus jugadores ma\u00f1ana contra el <strong>Betis<\/strong>.<\/p>\n<p class=\"voc-p\" style=\"\">Con relaci\u00f3n a las bajas que tendr\u00e1 el conjunto verdiblanco, el director deportivo torrentino fue tajante: \u00ab<strong>Prefiero que est\u00e9n todos<\/strong>. Otra cosa es que me digas que somos un equipo de primera y nos jugamos en el \u00faltimo partido la permanencia, pues ah\u00ed s\u00ed que te digo que sea baja hasta el utillero. Pero en este partido, que est\u00e9n todos. Ojal\u00e1 no se hubiera lesionado <strong>Isco<\/strong>, ojal\u00e1 <strong>Lo Celso<\/strong> hubiera estado. Bueno, que hubieran estado todos\u00bb.<\/p>\n<p class=\"voc-p\" style=\"\">Preguntado por cu\u00e1les ser\u00edan los <strong>futbolistas que les gustar\u00eda tener en el<\/strong><strong>Torrent<\/strong>, el exjugador del Levante lo tuvo bastante claro. \u00abPues seguramente <strong>Bartra, el Cucho y el Chimy<\/strong>. De hecho, el a\u00f1o pasado ten\u00edamos un delantero muy parecido al Chimy. Me llevar\u00eda a todos, sinceramente. <strong>Al m\u00edster tambi\u00e9n, que tiene un poco de experiencia<\/strong> (risas). Es un equipazo y ya est\u00e1. Hay que intentar competir y que no est\u00e9n c\u00f3modos, vamos a ver lo que nos da las piernas\u00bb, exterioriz\u00f3.<\/p>\n<p class=\"voc-p\" style=\"\">Por \u00faltimo, Pedro L\u00f3pez fij\u00f3 las metas que tiene su equipo para los pr\u00f3ximos meses. \u00ab<strong>Nuestro primer objetivo no es salvar la categor\u00eda, es estar en mitad de tabla<\/strong>, intentando mirar hacia arriba para los puestos de playoff, pero bueno, el f\u00fatbol es as\u00ed, en estas categor\u00edas hay <strong>mucha igualdad<\/strong>. El otro d\u00eda fuimos a casa del Castell\u00f3n B, que en casa hab\u00eda ganado todo menos uno que hab\u00edan empatado, ganamos 0-2 y pudimos meterle cuatro. Lo que queremos es que este partido nos valga para seguir compitiendo, para seguir creciendo como equipo, y a partir de ah\u00ed, el domingo tenemos otro partido muy importante contra el Ibiza, que tambi\u00e9n est\u00e1 ah\u00ed en la pelea\u00bb, concluy\u00f3.<\/p>\n<p>\nOpini\u00f3n compartida por el entrenador\n<\/p>\n<p class=\"voc-p\" style=\"\"><strong>Toni Seligrat<\/strong>, t\u00e9cnico del <strong>Torrent<\/strong>, ha transmitido este martes en la rueda de prensa previa al partido de <strong>Copa<\/strong> el mismo mensaje difundido anteriormente por el director deportivo valenciano. \u00abEl planteamiento de este partido es poco complicado desde lo emocional porque <strong>esto hay que cog\u00e9rselo como una fiesta<\/strong>. Esto ha de ser una fiesta en la que todo el mundo tiene que disfrutar. <strong>Que disfruten del momento, del rival, del estadio Ciutat de Valencia<\/strong>. Gran estadio, con un rival extraordinario, algo que no ha ocurrido nunca y tenemos que cogerlo como tal\u00bb.<\/p>\n","protected":false},"excerpt":{"rendered":"El Real Betis se enfrentar\u00e1 en poco m\u00e1s de 24 horas al Torrent en la segunda ronda de&hellip;\n","protected":false},"author":2,"featured_media":268226,"comment_status":"","ping_status":"","sticky":false,"template":"","format":"standard","meta":{"footnotes":""},"categories":[268],"tags":[37167,291,37682,4503,168,25,24,280,282,66129,281,23,167],"class_list":{"0":"post-268225","1":"post","2":"type-post","3":"status-publish","4":"format-standard","5":"has-post-thumbnail","7":"category-futbol","8":"tag-bartra","9":"tag-betis","10":"tag-chimy","11":"tag-cucho","12":"tag-deportes","13":"tag-es","14":"tag-espana","15":"tag-football","16":"tag-futbol","17":"tag-llevaria","18":"tag-soccer","19":"tag-spain","20":"tag-sports"},"share_on_mastodon":{"url":"https:\/\/pubeurope.com\/@es\/115653146345235831","error":""},"_links":{"self":[{"href":"https:\/\/www.europesays.com\/es\/wp-json\/wp\/v2\/posts\/268225","targetHints":{"allow":["GET"]}}],"collection":[{"href":"https:\/\/www.europesays.com\/es\/wp-json\/wp\/v2\/posts"}],"about":[{"href":"https:\/\/www.europesays.com\/es\/wp-json\/wp\/v2\/types\/post"}],"author":[{"embeddable":true,"href":"https:\/\/www.europesays.com\/es\/wp-json\/wp\/v2\/users\/2"}],"replies":[{"embeddable":true,"href":"https:\/\/www.europesays.com\/es\/wp-json\/wp\/v2\/comments?post=268225"}],"version-history":[{"count":0,"href":"https:\/\/www.europesays.com\/es\/wp-json\/wp\/v2\/posts\/268225\/revisions"}],"wp:featuredmedia":[{"embeddable":true,"href":"https:\/\/www.europesays.com\/es\/wp-json\/wp\/v2\/media\/268226"}],"wp:attachment":[{"href":"https:\/\/www.europesays.com\/es\/wp-json\/wp\/v2\/media?parent=268225"}],"wp:term":[{"taxonomy":"category","embeddable":true,"href":"https:\/\/www.europesays.com\/es\/wp-json\/wp\/v2\/categories?post=268225"},{"taxonomy":"post_tag","embeddable":true,"href":"https:\/\/www.europesays.com\/es\/wp-json\/wp\/v2\/tags?post=268225"}],"curies":[{"name":"wp","href":"https:\/\/api.w.org\/{rel}","templated":true}]}}