{"id":268228,"date":"2025-12-03T01:58:15","date_gmt":"2025-12-03T01:58:15","guid":{"rendered":"https:\/\/www.europesays.com\/es\/268228\/"},"modified":"2025-12-03T01:58:15","modified_gmt":"2025-12-03T01:58:15","slug":"antonio-orozco-confiesa-el-motivo-por-el-que-esta-aprendiendo-ingles-en-late-xou-por-mi-hijo","status":"publish","type":"post","link":"https:\/\/www.europesays.com\/es\/268228\/","title":{"rendered":"Antonio Orozco confiesa el motivo por el que est\u00e1 aprendiendo ingl\u00e9s en \u2018Late Xou\u2019: \u201cPor mi hijo\u201d"},"content":{"rendered":"<p>A<strong>ntonio Orozco<\/strong> nunca deja de sorprender. El cantante, tan reservado para unas cosas como desarmantemente sincero para otras, ha visitado el plat\u00f3 del &#8216;Late Xou con Marc Gir\u00f3&#8217; y ha terminado protagonizando uno de los momentos m\u00e1s tiernos y espont\u00e1neos de la noche. Entre risas, an\u00e9cdotas y la calidez que lo caracteriza, el artista ha confesado que <strong>est\u00e1 aprendiendo ingl\u00e9s y el motivo no puede ser m\u00e1s bonito<\/strong>:<a href=\"https:\/\/www.lecturas.com\/television\/antonio-orozco-sobre-primeros-pasos-su-hijo-mayor-musica-no-le-vais-ver_185193\" target=\"_blank\" rel=\"nofollow noopener\"> su hijo Jan<\/a>.<\/p>\n<p><img loading=\"lazy\" decoding=\"async\"   src=\"https:\/\/www.europesays.com\/es\/wp-content\/uploads\/2025\/12\/antonio-orozco_a729f893_251203013746_1200x663.webp.webp\" alt=\"antonio orozco \" class=\"lazyload\" width=\"1200\" height=\"663\" data-aspectratio=\"1200\/663\"\/><\/p>\n<p>Antonio Orozco ha confesado que \u00faltimamente ha incorporado dos nuevas rutinas a su ajetreada agenda: clases de canto y clases de ingl\u00e9s.<\/p>\n<p>&#13;RTVE<\/p>\n<p>El cantante, que acaba de cumplir 52 a\u00f1os y vive uno de los momentos m\u00e1s dulces de su carrera y tambi\u00e9n a nivel personal, tras pasar una mala \u00e9poca, ha confesado que \u00faltimamente ha incorporado dos nuevas rutinas a su ajetreada agenda: <strong>clases de canto presenciales y clases de ingl\u00e9s online<\/strong>.<\/p>\n<p>El verdadero motivo de sus clases de ingl\u00e9s<\/p>\n<p>Y s\u00ed, tal y como \u00e9l mismo ha reconocido con humor, las hace a trav\u00e9s de Duolingo, la conocida aplicaci\u00f3n para aprender idiomas. Marc Gir\u00f3, curioso, ha querido saber inmediatamente qu\u00e9 hab\u00eda motivado al cantante a embarcarse en esta aventura ling\u00fc\u00edstica. Entonces, Antonio, con la naturalidad que lo caracteriza, ha desvelado que el verdadero motivo ha sido su hijo: \u201c<strong>Un d\u00eda mi hijo vino a casa y trajo a unos amigos ingleses.<\/strong>\u00a0Yo all\u00ed, diciendo a la tortilla de patatas, &#8216;t\u00f3rtel, potatos, omelette\u2026<strong>&#8216; Me sal\u00edan palabras en todos los idiomas, menos en ingl\u00e9s<\/strong>. En vez de decir \u2018tortilla\u2019, dec\u00eda \u2018tortuga\u2019. \u00a1Un desastre!\u201d, ha contado mientras se re\u00eda.\u00a0<\/p>\n<p><img loading=\"lazy\" decoding=\"async\"   src=\"https:\/\/www.europesays.com\/es\/wp-content\/uploads\/2025\/12\/antonio-orozco_bbb86532_251203014044_1200x661.webp.webp\" alt=\"antonio orozco \" class=\"lazyload\" width=\"1200\" height=\"661\" data-aspectratio=\"1200\/661\"\/><\/p>\n<p>Antonio, con la naturalidad que lo caracteriza, ha desvelado que el verdadero motivo de sus clases de ingl\u00e9s ha sido su hijo.<\/p>\n<p>&#13;RTVE<\/p>\n<p>La situaci\u00f3n, tan entra\u00f1able como embarazosa, dej\u00f3 a Orozco con una sensaci\u00f3n que no pudo olvidar: <strong>no poder comunicarse con los amigos de su hijo lo hizo sentirse fuera de lugar<\/strong>. Y fue ese mismo d\u00eda cuando tom\u00f3 una decisi\u00f3n que le cambiar\u00eda la vida: \u201cMe sent\u00eda tan mal por no poder hablar con ellos que les dije: \u2018<strong>Os prometo que cuando volv\u00e1is a mi casa, hablar\u00e9 ingl\u00e9s de p*ta madre<\/strong>\u2019\u201d, ha confesado con orgullo.<\/p>\n<p><img loading=\"lazy\" decoding=\"async\"   src=\"https:\/\/www.europesays.com\/es\/wp-content\/uploads\/2025\/12\/antonio-orozco_a6ec6dc7_251203014143_1200x670.webp.webp\" alt=\"antonio orozco \" class=\"lazyload\" width=\"1200\" height=\"670\" data-aspectratio=\"1200\/670\"\/><\/p>\n<p>El cantante se sinti\u00f3 mal no poder comunicarse con los amigos de su hijo, lo que le hizo querer mejorar.\u00a0<\/p>\n<p>&#13;RTVE<\/p>\n<p>Desde entonces, Antonio no ha fallado ni un d\u00eda. Con constancia, humor y much\u00edsimas ganas, ha convertido el aprendizaje del idioma en una rutina m\u00e1s. Algo, que si no fuera motivado por el amor hacia su hijo, no hubiera hecho jam\u00e1s. \u201c<strong>Ahora vienen chavales a mi casa y me atrevo a explicarles lo que es la Loter\u00eda de Navidad<\/strong>\u201d, ha dicho, provocando las carcajadas del plat\u00f3. Un peque\u00f1o triunfo para cualquier estudiante de ingl\u00e9s, pero un triunfo enorme para un padre dispuesto a acercarse un poco m\u00e1s al mundo de su hijo.<\/p>\n<p>El hijo m\u00fasico de Antonio Orozco<img loading=\"lazy\" decoding=\"async\"   src=\"https:\/\/www.europesays.com\/es\/wp-content\/uploads\/2025\/12\/antonio-orozco_76364cdf_251203011517_1200x669.webp.webp\" alt=\"antonio orozco \" class=\"lazyload\" width=\"1200\" height=\"669\" data-aspectratio=\"1200\/669\"\/><\/p>\n<p>Antonio Orozco confiesa el motivo por el que est\u00e1 aprendiendo ingl\u00e9s en \u2018Late Xou\u2019: \u201cPor mi hijo\u201d<\/p>\n<p>&#13;RTVE<\/p>\n<p>Antonio Orozco mientras contaba esta divertida an\u00e9cdota y aprendizaje de vida, ha hecho inciso para advertir que a su hijo no le gusta que hable de \u00e9l, aunque al cantante se le hace pr\u00e1cticamente imposible. \u00ab<strong>Mi hijo estudia en Inglaterra. Es m\u00fasico, vive y trabaja all\u00ed. <\/strong>Est\u00e1 en la m\u00fasica electr\u00f3nica, <strong>es productor\u2026 Pero \u00e9l no quiere que yo hable de \u00e9l<\/strong>\u00ab, ha explicado.\u00a0<\/p>\n<p>Y recordando las palabras de su hija, ha contado algo que le suele repetir muy a menudo cada vez que se echan una foto juntos: \u00ab<strong>Es muy gracioso porque siempre me dice: &#8216;Si me quieres, no me etiquetes&#8217;<\/strong>. Y yo: &#8216;A ver, hijo, que soy tu padre, \u00bfsabes?&#8217;. Pero yo lo entiendo, y tiene raz\u00f3n cuando me lo dice\u00bb.\u00a0<\/p>\n<p><img decoding=\"async\" src=\"https:\/\/www.europesays.com\/es\/wp-content\/uploads\/2025\/12\/shakira_8ce61096_251202144600_800x800.webp.webp\" alt=\"Shakira\" class=\"image lazyload\"\/><img loading=\"lazy\" decoding=\"async\" src=\"https:\/\/www.europesays.com\/es\/wp-content\/uploads\/2025\/12\/shakira_8ce61096_251202144605_1280x720.webp.webp\" alt=\"Shakira sorprende al lanzar un elogio a Gerard Piqu\u00e9 tras a\u00f1os de reproches: \u201cHay que decirlo\u201d\" class=\"image lazyload\" width=\"1280\" height=\"720\" data-aspectratio=\"1280\/720\"\/><\/p>\n<p>Su hijo<strong> Jan, es fruto de su primer matrimonio con Susana Prat<\/strong>, que falleci\u00f3 a los pocos a\u00f1os de su separaci\u00f3n. Antonio Orozco tuvo que hacerse cargo \u00e9l solo del peque\u00f1o, aunque con la ayuda de su madre, Carmen Ferr\u00f3n, y su hermana.\u00a0\u00a0Aunque ya no eran pareja, segu\u00edan muy unidos. \u00abLa persona m\u00e1s importante de mi vida se march\u00f3\u00bb, confes\u00f3 Orozco tras la muerte de Susana a causa de un c\u00e1ncer de \u00fatero. A pesar de su complicada agenda, consigui\u00f3 educar a su hijo y est\u00e1 muy orgulloso de todo lo que ha conseguido, sin tener que usar el comod\u00edn de su apellido.\u00a0<\/p>\n","protected":false},"excerpt":{"rendered":"Antonio Orozco nunca deja de sorprender. El cantante, tan reservado para unas cosas como desarmantemente sincero para otras,&hellip;\n","protected":false},"author":2,"featured_media":268229,"comment_status":"","ping_status":"","sticky":false,"template":"","format":"standard","meta":{"footnotes":""},"categories":[171],"tags":[146,147,25,24,23,214],"class_list":{"0":"post-268228","1":"post","2":"type-post","3":"status-publish","4":"format-standard","5":"has-post-thumbnail","7":"category-tv","8":"tag-entertainment","9":"tag-entretenimiento","10":"tag-es","11":"tag-espana","12":"tag-spain","13":"tag-tv"},"share_on_mastodon":{"url":"https:\/\/pubeurope.com\/@es\/115653163662798564","error":""},"_links":{"self":[{"href":"https:\/\/www.europesays.com\/es\/wp-json\/wp\/v2\/posts\/268228","targetHints":{"allow":["GET"]}}],"collection":[{"href":"https:\/\/www.europesays.com\/es\/wp-json\/wp\/v2\/posts"}],"about":[{"href":"https:\/\/www.europesays.com\/es\/wp-json\/wp\/v2\/types\/post"}],"author":[{"embeddable":true,"href":"https:\/\/www.europesays.com\/es\/wp-json\/wp\/v2\/users\/2"}],"replies":[{"embeddable":true,"href":"https:\/\/www.europesays.com\/es\/wp-json\/wp\/v2\/comments?post=268228"}],"version-history":[{"count":0,"href":"https:\/\/www.europesays.com\/es\/wp-json\/wp\/v2\/posts\/268228\/revisions"}],"wp:featuredmedia":[{"embeddable":true,"href":"https:\/\/www.europesays.com\/es\/wp-json\/wp\/v2\/media\/268229"}],"wp:attachment":[{"href":"https:\/\/www.europesays.com\/es\/wp-json\/wp\/v2\/media?parent=268228"}],"wp:term":[{"taxonomy":"category","embeddable":true,"href":"https:\/\/www.europesays.com\/es\/wp-json\/wp\/v2\/categories?post=268228"},{"taxonomy":"post_tag","embeddable":true,"href":"https:\/\/www.europesays.com\/es\/wp-json\/wp\/v2\/tags?post=268228"}],"curies":[{"name":"wp","href":"https:\/\/api.w.org\/{rel}","templated":true}]}}