{"id":268242,"date":"2025-12-03T02:06:10","date_gmt":"2025-12-03T02:06:10","guid":{"rendered":"https:\/\/www.europesays.com\/es\/268242\/"},"modified":"2025-12-03T02:06:10","modified_gmt":"2025-12-03T02:06:10","slug":"el-papa-leon-xiv-sugirio-mantener-la-presion-economica-contra-el-regimen-de-nicolas-maduro-para-lograr-un-cambio-en-venezuela","status":"publish","type":"post","link":"https:\/\/www.europesays.com\/es\/268242\/","title":{"rendered":"El papa Le\u00f3n XIV sugiri\u00f3 mantener la presi\u00f3n econ\u00f3mica contra el r\u00e9gimen de Nicol\u00e1s Maduro para lograr un cambio en Venezuela"},"content":{"rendered":"<p><img alt=\"El papa Le\u00f3n XIV camina\" class=\"global-image\" decoding=\"async\" fetchpriority=\"high\" height=\"1536\" loading=\"eager\" src=\"https:\/\/www.europesays.com\/es\/wp-content\/uploads\/2025\/12\/CKKEGL7T7BHKRNEAVBSJBWIGQQ.JPG\" width=\"2304\"\/>El papa Le\u00f3n XIV camina para presidir la Santa Misa en el malec\u00f3n, durante su primer viaje apost\u00f3lico, en Beirut, L\u00edbano. REUTERS\/Yara Nardi<\/p>\n<p class=\"paragraph\"><b>El papa Le\u00f3n XIV <\/b>propuso este martes que <b>Estados Unidos <\/b>privilegie el uso de la presi\u00f3n econ\u00f3mica y el di\u00e1logo como v\u00edas para abordar la situaci\u00f3n pol\u00edtica en <b>Venezuela<\/b>, dejando como \u00faltima instancia cualquier opci\u00f3n militar sobre el territorio venezolano. <\/p>\n<p class=\"paragraph\">Durante una rueda de prensa a bordo del avi\u00f3n papal tras su visita a <b>L\u00edbano<\/b>, el pont\u00edfice sostuvo que \u201c<b>es mejor buscar maneras de di\u00e1logo, quiz\u00e1s presi\u00f3n, incluso presi\u00f3n econ\u00f3mica, pero buscando otra manera para cambiar, si es lo que decide hacer Estados Unidos<\/b>\u201d.<\/p>\n<p class=\"paragraph\"><b>Le\u00f3n XIV <\/b>tambi\u00e9n advirti\u00f3 sobre el riesgo de una posible intervenci\u00f3n armada. <\/p>\n<p class=\"paragraph\">\u201cLas voces que llegan de <b>Estados Unidos <\/b>cambian con bastante frecuencia. Por un lado, parece que ha habido una conversaci\u00f3n telef\u00f3nica entre los dos presidentes; por otro, existe el peligro, la posibilidad, de que haya alguna actividad, incluso una operaci\u00f3n que invada territorio venezolano. No s\u00e9 m\u00e1s\u201d, declar\u00f3<\/p>\n<p class=\"paragraph\">Inform\u00f3 de que \u201ca nivel de la conferencia episcopal y con el nuncio (en Venezuela)\u201d<b> se est\u00e1n \u201cbuscando maneras para calmar la situaci\u00f3n por el bien del pueblo<\/b> porque son ellos los que sufren la situaci\u00f3n y no las autoridades\u201d.<\/p>\n<p class=\"paragraph\">Este martes, la portavoz del Pent\u00e1gono, <b>Kingsley Wilson<\/b>, defendi\u00f3 este que los ataques estadounidenses contra narcolanchas son legales porque las personas que viajan en ellas \u201cson terroristas\u201d a los que, seg\u00fan dijo, los equipos de inteligencia tienen identificados. <\/p>\n<p><img alt=\"Infantes de Marina de EEUU\" class=\"global-image\" decoding=\"async\" fetchpriority=\"low\" height=\"4348\" loading=\"lazy\" src=\"https:\/\/www.europesays.com\/es\/wp-content\/uploads\/2025\/12\/OEFVIOFH5BF2HL7FPBT4WXXZIQ.JPG\" width=\"6519\"\/>Infantes de Marina de EEUU vigilan en el mar Caribe, el 18 de noviembre de 2025 (Sargento Nathan Mitchell\/Cuerpo de Marines de EEUU\/Handout v\u00eda REUTERS)<\/p>\n<p class=\"paragraph\">\u201c<b>Nuestra inteligencia confirma sin lugar a dudas qui\u00e9nes son estas personas, pero no puedo revelar desde este estrado c\u00f3mo lo sabemos<\/b>. No quiero comunicar al enemigo las formas en que llevamos a cabo estos ataques, pero puedo decirle que, sin lugar a dudas, todos y cada uno de nuestros abogados militares y civiles saben que estas personas son terroristas\u201d, asegur\u00f3 la portavoz en una rueda de prensa.<\/p>\n<p class=\"paragraph\">Wilson afirm\u00f3 que saben \u201clo que transportan, de d\u00f3nde vienen y ad\u00f3nde van\u201d y que <b>su objetivo es llevar drogas a las costas de EEUU<\/b> que \u201cmatan y da\u00f1an a los ciudadanos estadounidenses\u201d.<\/p>\n<p class=\"paragraph\">\u201cEl presidente se toma esto muy en serio, y cuando design\u00f3 a estos grupos como organizaciones terroristas, nos abri\u00f3 muchas puertas aqu\u00ed en el Departamento de Guerra, ya que <b>ahora podemos actuar de formas que antes no pod\u00edamos<\/b>\u201d, a\u00f1adi\u00f3. <\/p>\n<p class=\"paragraph\">La portavoz no respondi\u00f3 al ser preguntada por <b>si el Departamento est\u00e1 realizando \u201calg\u00fan tipo de evaluaci\u00f3n posterior a los ataques\u201d<\/b> en medio de la pol\u00e9mica que rodea al primer ataque acometido contra una de estas supuestas narcolanchas el pasado 2 de septiembre.<\/p>\n<p class=\"paragraph\">The Washington Post inform\u00f3 el pasado jueves, citando a funcionarios an\u00f3nimos, que en ese bombardeo, en el que murieron las 11 personas que iban a bordo de una presunta narcolancha, <b>se llev\u00f3 a cabo un segundo ataque para matar a dos supervivientes del ataque inicial<\/b>.<\/p>\n<p><img alt=\"FOTO DE ARCHIVO: Un hombre\" class=\"global-image\" decoding=\"async\" fetchpriority=\"low\" height=\"2333\" loading=\"lazy\" src=\"https:\/\/www.europesays.com\/es\/wp-content\/uploads\/2025\/12\/KCSP67C6ORCRFIQXL24MESIIAA.JPG\" width=\"3500\"\/>FOTO DE ARCHIVO: Un hombre camina junto a botes de madera en la bah\u00eda de R\u00edo Caribe, un pueblo cerca de las islas del Caribe, en el estado oriental de Sucre, Venezuela, el 29 de octubre de 2015 (REUTERS\/Carlos Garc\u00eda Rawlins\/Foto de archivo)<\/p>\n<p class=\"paragraph\">El Pent\u00e1gono confirm\u00f3 hoy adem\u00e1s que, desde que se orden\u00f3 un gran despliegue militar en el sur del Caribe frente a las costas de Venezuela,<b> se han llevado a cabo un total de 21 ataques contra presuntas narcolanchas<\/b>, donde han muerto 82 tripulantes. <\/p>\n<p class=\"paragraph\">Estados Unidos mantiene desde septiembre un despliegue naval y a\u00e9reo en aguas del mar Caribe, cercanas a Venezuela, bajo el argumento de combatir el narcotr\u00e1fico.<\/p>\n<p class=\"paragraph\">Tambi\u00e9n ha <b>vinculado a Nicol\u00e1s Maduro con el Cartel de los Soles<\/b>, un grupo presuntamente ligado al tr\u00e1fico de drogas.<\/p>\n<p class=\"paragraph\">El pasado 21 de noviembre, <b>la Administraci\u00f3n Federal de Aviaci\u00f3n del pa\u00eds norteamericano inst\u00f3 a \u201cextremar la precauci\u00f3n\u201d al sobrevolar Venezuela <\/b>y el sur del Caribe ante lo que considera \u201cuna situaci\u00f3n potencialmente peligrosa\u201d en la zona.<\/p>\n<p class=\"paragraph\">El presidente de Estados Unidos, Donald Trump, advirti\u00f3 hace tres d\u00edas sobre el cierre total del espacio a\u00e9reo venezolano. <\/p>\n<p class=\"paragraph\">(Con informaci\u00f3n de EFE y AFP)<\/p>\n","protected":false},"excerpt":{"rendered":"El papa Le\u00f3n XIV camina para presidir la Santa Misa en el malec\u00f3n, durante su primer viaje apost\u00f3lico,&hellip;\n","protected":false},"author":2,"featured_media":268243,"comment_status":"","ping_status":"","sticky":false,"template":"","format":"standard","meta":{"footnotes":""},"categories":[42],"tags":[17,18,13,14,11,61,62,63,64,19,20,2148,9,10,15,16,34848,12,17100,21,22,65,66,67],"class_list":{"0":"post-268242","1":"post","2":"type-post","3":"status-publish","4":"format-standard","5":"has-post-thumbnail","7":"category-internacional","8":"tag-breaking-news","9":"tag-breakingnews","10":"tag-featured-news","11":"tag-featurednews","12":"tag-headlines","13":"tag-internacional","14":"tag-international","15":"tag-international-news","16":"tag-internationalnews","17":"tag-latest-news","18":"tag-latestnews","19":"tag-middle-east","20":"tag-news","21":"tag-noticias","22":"tag-noticias-destacadas","23":"tag-noticiasdestacadas","24":"tag-religion-belief","25":"tag-titulares","26":"tag-top-pictures","27":"tag-ultimas-noticias","28":"tag-ultimasnoticias","29":"tag-world","30":"tag-world-news","31":"tag-worldnews"},"share_on_mastodon":{"url":"https:\/\/pubeurope.com\/@es\/115653193676548375","error":""},"_links":{"self":[{"href":"https:\/\/www.europesays.com\/es\/wp-json\/wp\/v2\/posts\/268242","targetHints":{"allow":["GET"]}}],"collection":[{"href":"https:\/\/www.europesays.com\/es\/wp-json\/wp\/v2\/posts"}],"about":[{"href":"https:\/\/www.europesays.com\/es\/wp-json\/wp\/v2\/types\/post"}],"author":[{"embeddable":true,"href":"https:\/\/www.europesays.com\/es\/wp-json\/wp\/v2\/users\/2"}],"replies":[{"embeddable":true,"href":"https:\/\/www.europesays.com\/es\/wp-json\/wp\/v2\/comments?post=268242"}],"version-history":[{"count":0,"href":"https:\/\/www.europesays.com\/es\/wp-json\/wp\/v2\/posts\/268242\/revisions"}],"wp:featuredmedia":[{"embeddable":true,"href":"https:\/\/www.europesays.com\/es\/wp-json\/wp\/v2\/media\/268243"}],"wp:attachment":[{"href":"https:\/\/www.europesays.com\/es\/wp-json\/wp\/v2\/media?parent=268242"}],"wp:term":[{"taxonomy":"category","embeddable":true,"href":"https:\/\/www.europesays.com\/es\/wp-json\/wp\/v2\/categories?post=268242"},{"taxonomy":"post_tag","embeddable":true,"href":"https:\/\/www.europesays.com\/es\/wp-json\/wp\/v2\/tags?post=268242"}],"curies":[{"name":"wp","href":"https:\/\/api.w.org\/{rel}","templated":true}]}}