{"id":268244,"date":"2025-12-03T02:07:14","date_gmt":"2025-12-03T02:07:14","guid":{"rendered":"https:\/\/www.europesays.com\/es\/268244\/"},"modified":"2025-12-03T02:07:14","modified_gmt":"2025-12-03T02:07:14","slug":"david-dionis-el-lider-en-espana-del-grupo-terrorista-the-base-24-anos-violento-y-vengativo-espana","status":"publish","type":"post","link":"https:\/\/www.europesays.com\/es\/268244\/","title":{"rendered":"David Dionis, el \u201cl\u00edder\u201d en Espa\u00f1a del grupo terrorista The Base: 24 a\u00f1os, \u201cviolento\u201d y \u201cvengativo\u201d | Espa\u00f1a"},"content":{"rendered":"<p class=\"\">David Dionis Gand\u00eda (24 a\u00f1os, Onda, Castell\u00f3n) duerme entre rejas desde el 27 de noviembre. El juez Antonio Pi\u00f1a, instructor de la Audiencia Nacional, orden\u00f3 encarcelarlo tras su detenci\u00f3n como presunto \u201cl\u00edder\u201d en Espa\u00f1a <a href=\"https:\/\/elpais.com\/espana\/2025-12-01\/desarticulada-la-primera-celula-terrorista-aceleracionista-la-version-mas-extrema-del-supremacismo-blanco.html\" target=\"_self\" rel=\"nofollow noopener\" title=\"https:\/\/elpais.com\/espana\/2025-12-01\/desarticulada-la-primera-celula-terrorista-aceleracionista-la-version-mas-extrema-del-supremacismo-blanco.html\">de la organizaci\u00f3n terrorista The Base<\/a>, un colectivo extremista que defiende el supremacismo blanco y la ejecuci\u00f3n de \u201cataques selectivos para desestabilizar\u201d los Estados democr\u00e1ticos. Seg\u00fan el magistrado, Dionis Gand\u00eda \u2014de car\u00e1cter \u201cextremadamente violento\u201d y \u201cvengativo\u201d\u2014 estaba \u201cdirigiendo la implantaci\u00f3n y consolidaci\u00f3n\u201d en el pa\u00eds de una c\u00e9lula del grupo radical; para lo que \u201chabr\u00eda estado recibiendo financiaci\u00f3n internacional\u201d desde The Base y, a su vez, recurriendo \u201cal tr\u00e1fico de drogas a peque\u00f1a escala (marihuana y coca\u00edna)\u201d para conseguir ingresos extra para su actividad il\u00edcita. <\/p>\n<p class=\"\">El Ministerio del Interior anunci\u00f3 este lunes que la Polic\u00eda Nacional hab\u00eda desarticulado <a href=\"https:\/\/elpais.com\/espana\/2025-12-01\/desarticulada-la-primera-celula-terrorista-aceleracionista-la-version-mas-extrema-del-supremacismo-blanco.html\" target=\"_self\" rel=\"nofollow noopener\" title=\"https:\/\/elpais.com\/espana\/2025-12-01\/desarticulada-la-primera-celula-terrorista-aceleracionista-la-version-mas-extrema-del-supremacismo-blanco.html\">la primera c\u00e9lula terrorista aceleracionista implantada en Espa\u00f1a<\/a>. El aceleracionismo es una corriente surgida dentro de los grupos ultraderechistas, que <a href=\"https:\/\/elpais.com\/eps\/2021-03-21\/aceleracionismo-la-nueva-amenaza-del-supremacismo-blanco.html\" target=\"_self\" rel=\"nofollow noopener\" title=\"https:\/\/elpais.com\/eps\/2021-03-21\/aceleracionismo-la-nueva-amenaza-del-supremacismo-blanco.html\">promueve la idea de crear el caos mediante el terrorismo<\/a> para acelerar el colapso del sistema y provocar as\u00ed que sea inevitable un cambio sociopol\u00edtico extremo. Entre sus enemigos se encuentran los colectivos antifascistas; los migrantes; las comunidades LGTBI, musulmana y jud\u00eda; y los miembros de las fuerzas de seguridad y gobernantes que, seg\u00fan ellos, han traicionado sus ideas.<\/p>\n<p>M\u00e1s informaci\u00f3n<\/p>\n<p class=\"\">Seg\u00fan los investigadores, David Dionis Gand\u00eda hab\u00eda asumido el \u201cliderazgo\u201d de la c\u00e9lula de The Base en Espa\u00f1a \u2014otras dos personas fueron arrestadas durante la operaci\u00f3n\u2014. Nacido en Onda (Castell\u00f3n, 25.000 habitantes) en enero de 2001, el veintea\u00f1ero manten\u00eda un \u201ccontacto directo\u201d con el l\u00edder internacional del grupo extremista, Rinaldo Nazzaro; y hab\u00eda mostrado su \u201cadhesi\u00f3n a los objetivos y fines\u201d de la organizaci\u00f3n terrorista. El magistrado detalla que el arrestado pretend\u00eda crear una \u201cunidad insurgente\u201d en el pa\u00eds, que actuar\u00eda de forma \u201cencubierta\u201d y adoptar\u00eda \u201cmedidas de seguridad\u201d para ejecutar \u201cataques selectivos\u201d sin ser capturados.<\/p>\n<p class=\"\">Los integrantes de la c\u00e9lula \u201cse encontraban altamente radicalizados\u201d y \u201cen disposici\u00f3n de realizar atentados\u201d, seg\u00fan apostillaron los agentes este lunes. De hecho, seg\u00fan recalca el juez instructor, Dionis Gand\u00eda era totalmente consciente del car\u00e1cter \u201cterrorista\u201d de la organizaci\u00f3n y \u201casum\u00eda las consecuencias\u201d que conlleva \u201cla pertenencia a la misma\u201d. \u201cLo cual, no solo ha aceptado, sino que ha hecho como propio\u201d, a\u00f1ade el magistrado Pi\u00f1a, que remacha: \u201cEsta persona ha realizado una continua labor de captaci\u00f3n y adoctrinamiento en los postulados ideol\u00f3gicos de la organizaci\u00f3n terrorista\u201d.<\/p>\n<p class=\"\">La Audiencia Nacional imputa al l\u00edder espa\u00f1ol de The Base una amplia actividad il\u00edcita. Adem\u00e1s de propagar \u201cun ideario de odio, extremista y violento\u201d para defender la \u201clucha por la secesi\u00f3n blanca\u201d, el magistrado le atribuye \u201clabores de adiestramiento\u201d de terceras personas. \u201c[Ha realizado] entrenamientos t\u00e1cticos con diversas clases de armas en los alrededores de su localidad, Onda, en los cuales se han observado a varias personas en sus pr\u00e1cticas\u201d. Seg\u00fan fuentes policiales, Dionis Gand\u00eda conced\u00eda mucha importancia a los ritos de iniciaci\u00f3n, y acumulaba literatura supremacista. <\/p>\n<p><img decoding=\"auto\" class=\"_re lazyload a_m-h\" height=\"232\"  width=\"414\"  src=\"https:\/\/www.europesays.com\/es\/wp-content\/uploads\/2025\/12\/MOOFXZUZFJCXPGRBMTSVY7SYUA.jpg\" loading=\"lazy\"\/>Un agente de Polic\u00eda Nacional muestra el libro &#8216;Mi lucha&#8217;, de Adolf Hitler, incautado a la presunta organizaci\u00f3n terrorista.<br \/>\nPolic\u00eda Nacional<\/p>\n<p class=\"\">El magistrado, que concede a Dionis Gand\u00eda un \u201cpapel predominante\u201d en la c\u00e9lula espa\u00f1ola de The Base, lo sit\u00faa en \u201cm\u00faltiples actos violentos\u201d. El juez narra c\u00f3mo viaj\u00f3 junto a otras dos personas (Jes\u00fas E. L. y David A. F.) en su propio veh\u00edculo hasta Madrid para \u201clocalizar y dar una paliza a una tercera persona por simple venganza\u201d.<\/p>\n<p class=\"\">El castellonense, que acumula detenciones anteriores por delitos violentos y de odio, tambi\u00e9n hab\u00eda acopiado \u201cdiversos tipos de armas\u201d \u2014en la operaci\u00f3n antiterrorista se han aprehendido armas blancas y de gas que emplean \u201cbalas de acero\u201d\u2014, as\u00ed como material e indumentaria \u201cparamilitar\u201d y de \u201ccombate\u201d, seg\u00fan consta en la resoluci\u00f3n que decreta su ingreso en prisi\u00f3n, a la que tuvo acceso EL PA\u00cdS. \u201cEste acopio no se ha quedado en el mero almacenaje de armas, principalmente armas blancas. Se ha observado la asiduidad con la que portan y utilizan este tipo de armas en la v\u00eda p\u00fablica, lo que supone un peligro grave para la seguridad, a\u00f1adido a su radicalidad y violencia\u201d, escribe el juez. <\/p>\n<p><img decoding=\"auto\" class=\"_re lazyload a_m-h\" height=\"234\"  width=\"414\"  src=\"https:\/\/www.europesays.com\/es\/wp-content\/uploads\/2025\/12\/DDQII2C3ERP7PPUMBUKZXAD37E.jpg\" loading=\"lazy\"\/>Material incautado durante la operaci\u00f3n antiterrorista.Europa Press<\/p>\n<p class=\"\">La pasada semana, el magistrado instructor envi\u00f3 a prisi\u00f3n a David Dionis Gand\u00eda al considerar que existe riesgo de fuga, de reiteraci\u00f3n delictiva y de destrucci\u00f3n de pruebas. La defensa del presunto l\u00edder espa\u00f1ol de The Base pidi\u00f3 su puesta en libertad.<\/p>\n","protected":false},"excerpt":{"rendered":"David Dionis Gand\u00eda (24 a\u00f1os, Onda, Castell\u00f3n) duerme entre rejas desde el 27 de noviembre. El juez Antonio&hellip;\n","protected":false},"author":2,"featured_media":268245,"comment_status":"","ping_status":"","sticky":false,"template":"","format":"standard","meta":{"footnotes":""},"categories":[8],"tags":[6543,17,18,7232,25,24,2287,13,14,11,2158,19,20,9,10,15,16,3144,11739,17898,23,592,17923,35981,12,21,22,432],"class_list":{"0":"post-268244","1":"post","2":"type-post","3":"status-publish","4":"format-standard","5":"has-post-thumbnail","7":"category-espana","8":"tag-audiencia-nacional","9":"tag-breaking-news","10":"tag-breakingnews","11":"tag-delitos","12":"tag-es","13":"tag-espana","14":"tag-extrema-derecha","15":"tag-featured-news","16":"tag-featurednews","17":"tag-headlines","18":"tag-justicia","19":"tag-latest-news","20":"tag-latestnews","21":"tag-news","22":"tag-noticias","23":"tag-noticias-destacadas","24":"tag-noticiasdestacadas","25":"tag-onda","26":"tag-policia-nacional","27":"tag-provincia-castellon","28":"tag-spain","29":"tag-terrorismo","30":"tag-terrorismo-internacional","31":"tag-terroristas","32":"tag-titulares","33":"tag-ultimas-noticias","34":"tag-ultimasnoticias","35":"tag-violencia"},"share_on_mastodon":{"url":"","error":"Validation failed: Text character limit of 500 exceeded"},"_links":{"self":[{"href":"https:\/\/www.europesays.com\/es\/wp-json\/wp\/v2\/posts\/268244","targetHints":{"allow":["GET"]}}],"collection":[{"href":"https:\/\/www.europesays.com\/es\/wp-json\/wp\/v2\/posts"}],"about":[{"href":"https:\/\/www.europesays.com\/es\/wp-json\/wp\/v2\/types\/post"}],"author":[{"embeddable":true,"href":"https:\/\/www.europesays.com\/es\/wp-json\/wp\/v2\/users\/2"}],"replies":[{"embeddable":true,"href":"https:\/\/www.europesays.com\/es\/wp-json\/wp\/v2\/comments?post=268244"}],"version-history":[{"count":0,"href":"https:\/\/www.europesays.com\/es\/wp-json\/wp\/v2\/posts\/268244\/revisions"}],"wp:featuredmedia":[{"embeddable":true,"href":"https:\/\/www.europesays.com\/es\/wp-json\/wp\/v2\/media\/268245"}],"wp:attachment":[{"href":"https:\/\/www.europesays.com\/es\/wp-json\/wp\/v2\/media?parent=268244"}],"wp:term":[{"taxonomy":"category","embeddable":true,"href":"https:\/\/www.europesays.com\/es\/wp-json\/wp\/v2\/categories?post=268244"},{"taxonomy":"post_tag","embeddable":true,"href":"https:\/\/www.europesays.com\/es\/wp-json\/wp\/v2\/tags?post=268244"}],"curies":[{"name":"wp","href":"https:\/\/api.w.org\/{rel}","templated":true}]}}