{"id":268246,"date":"2025-12-03T02:08:18","date_gmt":"2025-12-03T02:08:18","guid":{"rendered":"https:\/\/www.europesays.com\/es\/268246\/"},"modified":"2025-12-03T02:08:18","modified_gmt":"2025-12-03T02:08:18","slug":"ccoo-se-suma-al-acuerdo-para-la-subida-de-sueldo-de-los-funcionarios","status":"publish","type":"post","link":"https:\/\/www.europesays.com\/es\/268246\/","title":{"rendered":"CCOO se suma al acuerdo para la subida de sueldo de los funcionarios"},"content":{"rendered":"<p class=\"article-text\">\n        Comisiones Obreras se ha adherido finalmente al pacto entre el <a href=\"https:\/\/Claves%20del%20acuerdo%20para%20el%20sueldo%20de%20los%20funcionarios:%20cu%C3%A1nto%20dinero%20supone%20la%20subida%20y%20cu%C3%A1ndo%20se%20va%20a%20cobrar\" target=\"_blank\" data-mrf-recirculation=\"links-noticia\" class=\"link\">Gobierno y los sindicatos UGT y CSIF<\/a> para la <a href=\"https:\/\/www.eldiario.es\/economia\/gobierno-sindicatos-acuerdan-subida-sueldo-11-2028-funcionarios_1_12799940.html\" target=\"_blank\" data-mrf-recirculation=\"links-noticia\" class=\"link\" rel=\"nofollow noopener\">subida salarial de los funcionarios <\/a>y el nuevo acuerdo marco. La medida ha sido ratificada este martes, el mismo d\u00eda que el Consejo de Ministros ha aprobado el incremento para los a\u00f1os 2025 y 2026, por el Consejo Confederal de la organizaci\u00f3n.\n    <\/p>\n<p>    <a href=\"https:\/\/www.eldiario.es\/economia\/gobierno-sindicatos-acuerdan-subida-sueldo-11-2028-funcionarios_1_12799940.html\" data-mrf-recirculation=\"saber-mas\" data-dl-event=\"saber-mas\" rel=\"nofollow noopener\" target=\"_blank\"><\/p>\n<p class=\"know-more__title\">Gobierno y sindicatos acuerdan una subida de sueldo del 11% para los funcionarios hasta 2028<\/p>\n<p>            <img decoding=\"async\" class=\"lazy\" loading=\"lazy\" data-src=\"https:\/\/static.eldiario.es\/clip\/593f0273-c27a-4aac-849d-98ad7aec4f6e_16-9-aspect-ratio_default_0.jpg\" src=\"data:image\/svg+xml,%3Csvg xmlns=\" http:=\"\" viewbox=\"0 0 880 495\" alt=\"Gobierno y sindicatos acuerdan una subida de sueldo del 11% para los funcionarios hasta 2028\"\/><\/p>\n<p>                        <\/a><\/p>\n<p class=\"article-text\">\n        El Ministerio de Funci\u00f3n P\u00fablica cerr\u00f3 la negociaci\u00f3n el pasado mi\u00e9rcoles, con el <a href=\"https:\/\/www.eldiario.es\/economia\/ugt-da-buena-subida-salarial-11-cuatro-anos-funcionarios-propuesta-gobierno_1_12785312.html\" target=\"_blank\" data-mrf-recirculation=\"links-noticia\" class=\"link\" rel=\"nofollow noopener\">visto bueno de UGT<\/a> y CSIF. El acuerdo inclu\u00eda una subida salarial del 11% acumulado en cuatro a\u00f1os, hasta 2028. En concreto, se pact\u00f3 una subida del 2,5% para 2025, que se cobrar\u00e1 este mes de diciembre con car\u00e1cter retroactivo desde el 1 de enero; un 1,5% para 2027, con un variable del 0,5% extra si la inflaci\u00f3n iguala o supera el 1,5% al cierre del ejercicio, como se\u00f1alan todas las estimaciones; un 4,5% en 2027; y un 1,5% en 2028.\n    <\/p>\n<p><\/p>\n<p class=\"article-text\">\n        CCOO se hab\u00eda descolgado de ese acuerdo inicial, y de la firma, que se produjo el pasado jueves y a la que acudi\u00f3 el presidente del Gobierno, Pedro S\u00e1nchez, has el Consejo Confederal de este martes. En este \u00f3rgano de decisi\u00f3n, el sindicato ha indicado que \u201credoblar\u00e1 su exigencia al Gobierno para que cumpla los compromisos de materias pendientes del acuerdo marco firmado en 2022 y los contenidos atrasados que a\u00fan no se han visto satisfechos en la negociaci\u00f3n\u201d.\n    <\/p>\n<p class=\"article-text\">\n        Desde el sindicato, no obstante, destacan el \u201cpapel relevante\u201d que ha judado en la negoci\u00f3n del nuevo acuerdo \u201cpara hacer avanzar las condiciones de trabajo y salarios del colectivo, junto a las garant\u00edas de prestaci\u00f3n de los servicios p\u00fablicos esenciales\u201d.\n    <\/p>\n<p>    <a href=\"https:\/\/www.eldiario.es\/economia\/claves-acuerdo-sueldo-funcionarios-dinero-supone-subida-cobrar_1_12802916.html\" data-mrf-recirculation=\"saber-mas-abajo\" data-dl-event=\"saber-mas-abajo\" rel=\"nofollow noopener\" target=\"_blank\"><\/p>\n<p class=\"know-more__title\">Claves del acuerdo para el sueldo de los funcionarios: cu\u00e1nto dinero supone la subida y cu\u00e1ndo se va a cobrar\n<\/p>\n<p>            <img decoding=\"async\" class=\"lazy\" loading=\"lazy\" data-src=\"https:\/\/static.eldiario.es\/clip\/74c714f0-d85c-4eca-a5d3-1a2abf794c00_16-9-aspect-ratio_default_0.jpg\" src=\"data:image\/svg+xml,%3Csvg xmlns=\" http:=\"\" viewbox=\"0 0 880 495\" alt=\"Claves del acuerdo para el sueldo de los funcionarios: cu\u00e1nto dinero supone la subida y cu\u00e1ndo se va a cobrar\"\/><\/p>\n<p>                        <\/a><\/p>\n<p class=\"article-text\">\n        Adem\u00e1s, en un comunicado, defienden que \u201cel acuerdo debe ser la senda para avanzar en nuevos derechos y garant\u00edas\u201d, por lo que \u201cestar\u00e1 vigilante para el cumplimiento de los compromisos adquiridos por el Gobierno a trav\u00e9s del Ministerio para la Transformaci\u00f3n Digital y de la Funci\u00f3n P\u00fablica\u201d.\n    <\/p>\n","protected":false},"excerpt":{"rendered":"Comisiones Obreras se ha adherido finalmente al pacto entre el Gobierno y los sindicatos UGT y CSIF para&hellip;\n","protected":false},"author":2,"featured_media":268247,"comment_status":"","ping_status":"","sticky":false,"template":"","format":"standard","meta":{"footnotes":""},"categories":[5],"tags":[945,17,18,36449,25,24,13,14,4868,11,19,20,9,10,15,16,23,12083,15563,4991,12,21,22],"class_list":{"0":"post-268246","1":"post","2":"type-post","3":"status-publish","4":"format-standard","5":"has-post-thumbnail","7":"category-titulares","8":"tag-acuerdo","9":"tag-breaking-news","10":"tag-breakingnews","11":"tag-ccoo","12":"tag-es","13":"tag-espana","14":"tag-featured-news","15":"tag-featurednews","16":"tag-funcionarios","17":"tag-headlines","18":"tag-latest-news","19":"tag-latestnews","20":"tag-news","21":"tag-noticias","22":"tag-noticias-destacadas","23":"tag-noticiasdestacadas","24":"tag-spain","25":"tag-subida","26":"tag-sueldo","27":"tag-suma","28":"tag-titulares","29":"tag-ultimas-noticias","30":"tag-ultimasnoticias"},"share_on_mastodon":{"url":"https:\/\/pubeurope.com\/@es\/115653201305167909","error":""},"_links":{"self":[{"href":"https:\/\/www.europesays.com\/es\/wp-json\/wp\/v2\/posts\/268246","targetHints":{"allow":["GET"]}}],"collection":[{"href":"https:\/\/www.europesays.com\/es\/wp-json\/wp\/v2\/posts"}],"about":[{"href":"https:\/\/www.europesays.com\/es\/wp-json\/wp\/v2\/types\/post"}],"author":[{"embeddable":true,"href":"https:\/\/www.europesays.com\/es\/wp-json\/wp\/v2\/users\/2"}],"replies":[{"embeddable":true,"href":"https:\/\/www.europesays.com\/es\/wp-json\/wp\/v2\/comments?post=268246"}],"version-history":[{"count":0,"href":"https:\/\/www.europesays.com\/es\/wp-json\/wp\/v2\/posts\/268246\/revisions"}],"wp:featuredmedia":[{"embeddable":true,"href":"https:\/\/www.europesays.com\/es\/wp-json\/wp\/v2\/media\/268247"}],"wp:attachment":[{"href":"https:\/\/www.europesays.com\/es\/wp-json\/wp\/v2\/media?parent=268246"}],"wp:term":[{"taxonomy":"category","embeddable":true,"href":"https:\/\/www.europesays.com\/es\/wp-json\/wp\/v2\/categories?post=268246"},{"taxonomy":"post_tag","embeddable":true,"href":"https:\/\/www.europesays.com\/es\/wp-json\/wp\/v2\/tags?post=268246"}],"curies":[{"name":"wp","href":"https:\/\/api.w.org\/{rel}","templated":true}]}}