{"id":268252,"date":"2025-12-03T02:18:09","date_gmt":"2025-12-03T02:18:09","guid":{"rendered":"https:\/\/www.europesays.com\/es\/268252\/"},"modified":"2025-12-03T02:18:09","modified_gmt":"2025-12-03T02:18:09","slug":"martin-bianchi-pone-en-valor-lo-que-ocurrio-tras-el-despido-de-lecquio-de-telecinco-la-hija-pregunto-que-significa-ser-un-maltratador-cine-y-tv","status":"publish","type":"post","link":"https:\/\/www.europesays.com\/es\/268252\/","title":{"rendered":"Mart\u00edn Bianchi pone en valor lo que ocurri\u00f3 tras el despido de Lecquio de Telecinco: \u00abLa hija pregunt\u00f3 qu\u00e9 significa ser un maltratador\u00bb | Cine y TV"},"content":{"rendered":"<p><a href=\"https:\/\/cadenaser.com\/nacional\/2025\/11\/19\/telecinco-despide-a-alessandro-lecquio-tras-las-acusaciones-de-violencia-machista-de-antonia-dellatte-cadena-ser\/\" target=\"_blank\" rel=\"nofollow noopener\" title=\"https:\/\/cadenaser.com\/nacional\/2025\/11\/19\/telecinco-despide-a-alessandro-lecquio-tras-las-acusaciones-de-violencia-machista-de-antonia-dellatte-cadena-ser\/\">Mediaset tom\u00f3 la decisi\u00f3n de rescindir el contrato a Alessandro Lecquio<\/a> tras m\u00e1s de veinte a\u00f1os trabajando para la empresa de comunicaci\u00f3n, lo hizo un mes m\u00e1s tarde de las denuncias hechas por su exmujer, Antonia Dell\u2019Atte, en una entrevista a &#8216;El Pa\u00eds&#8217;, en la que record\u00f3 los episodios de maltrato sufridos durante su matrimonio, que dur\u00f3 diez a\u00f1os.<\/p>\n<p>Mart\u00edn Bianchi ha repasado en &#8216;Hoy por Hoy&#8217; el proceso que llev\u00f3 desde que el diario public\u00f3 la entrevista hasta que finalmente Mediaset tom\u00f3 la decisi\u00f3n: \u00abMediaset pidi\u00f3 a la periodista de El Pa\u00eds toda la documentaci\u00f3n y finalmente no tuvieron m\u00e1s remedio que rescindir el contrato despu\u00e9s de mucho silencio y mucha complicidad de muchos periodistas, incluida Ana Rosa Quintana, que es su jefa\u00bb. <\/p>\n<p>\u00c0ngels Barcel\u00f3 ha apuntado con iron\u00eda si \u00abcon la entrevista y con todo lo que hab\u00eda contado antes Antonia Dell\u2019Atte no les val\u00eda\u00bb. <\/p>\n<p>\u00abUn juez dio por veraz todos los testimonios y pruebas que present\u00f3 Antonia Dell\u2019Atte, aunque no hay un fallo que condene a Lecquio por malos tratos\u00bb, ha explicado Bianchi. <\/p>\n<p>Su hija pregunt\u00f3 qu\u00e9 significa la palabra maltratador<\/p>\n<p>Ante la pregunta de Barcel\u00f3 sobre si este caso podr\u00eda suponer un cambio en la forma en la que este tipo de programas tratan la violencia de g\u00e9nero, el colaborador tiene claro que se necesitan personas \u00abespecializadas en violencia de g\u00e9nero\u00bb, para que se produzca este cambio, y asegura que \u00aben la prensa rosa no hay expertos\u00bb.<\/p>\n<p>Sin embargo, Bianchi saca una lectura positiva de una historia de violencia, y es algo que ha contado la actual mujer de Lecquio, Mar\u00eda Palacios, en una entrevista, que su hija hab\u00eda preguntado qu\u00e9 significa la palabra maltratador. \u00abEso es importante, me parece bien que a una ni\u00f1a de nueve a\u00f1os le expliquen que es la violencia machista, yo me quedo con esto\u00bb, ha expresado el colaborado<\/p>\n","protected":false},"excerpt":{"rendered":"Mediaset tom\u00f3 la decisi\u00f3n de rescindir el contrato a Alessandro Lecquio tras m\u00e1s de veinte a\u00f1os trabajando para&hellip;\n","protected":false},"author":2,"featured_media":268253,"comment_status":"","ping_status":"","sticky":false,"template":"","format":"standard","meta":{"footnotes":""},"categories":[174],"tags":[10185,1765,255,146,147,25,24,256,42801,205,23,1766],"class_list":{"0":"post-268252","1":"post","2":"type-post","3":"status-publish","4":"format-standard","5":"has-post-thumbnail","7":"category-famosos","8":"tag-arts-culture-and-entertainment","9":"tag-bestof","10":"tag-celebrities","11":"tag-entertainment","12":"tag-entretenimiento","13":"tag-es","14":"tag-espana","15":"tag-famosos","16":"tag-feedrouted_europe","17":"tag-madrid","18":"tag-spain","19":"tag-topix"},"share_on_mastodon":{"url":"https:\/\/pubeurope.com\/@es\/115653240660927804","error":""},"_links":{"self":[{"href":"https:\/\/www.europesays.com\/es\/wp-json\/wp\/v2\/posts\/268252","targetHints":{"allow":["GET"]}}],"collection":[{"href":"https:\/\/www.europesays.com\/es\/wp-json\/wp\/v2\/posts"}],"about":[{"href":"https:\/\/www.europesays.com\/es\/wp-json\/wp\/v2\/types\/post"}],"author":[{"embeddable":true,"href":"https:\/\/www.europesays.com\/es\/wp-json\/wp\/v2\/users\/2"}],"replies":[{"embeddable":true,"href":"https:\/\/www.europesays.com\/es\/wp-json\/wp\/v2\/comments?post=268252"}],"version-history":[{"count":0,"href":"https:\/\/www.europesays.com\/es\/wp-json\/wp\/v2\/posts\/268252\/revisions"}],"wp:featuredmedia":[{"embeddable":true,"href":"https:\/\/www.europesays.com\/es\/wp-json\/wp\/v2\/media\/268253"}],"wp:attachment":[{"href":"https:\/\/www.europesays.com\/es\/wp-json\/wp\/v2\/media?parent=268252"}],"wp:term":[{"taxonomy":"category","embeddable":true,"href":"https:\/\/www.europesays.com\/es\/wp-json\/wp\/v2\/categories?post=268252"},{"taxonomy":"post_tag","embeddable":true,"href":"https:\/\/www.europesays.com\/es\/wp-json\/wp\/v2\/tags?post=268252"}],"curies":[{"name":"wp","href":"https:\/\/api.w.org\/{rel}","templated":true}]}}