{"id":268254,"date":"2025-12-03T02:21:18","date_gmt":"2025-12-03T02:21:18","guid":{"rendered":"https:\/\/www.europesays.com\/es\/268254\/"},"modified":"2025-12-03T02:21:18","modified_gmt":"2025-12-03T02:21:18","slug":"los-simpson-han-borrado-de-la-faz-de-la-tierra-a-un-miembro-de-la-familia-tan-gradualmente-que-ni-lo-habiamos-notado","status":"publish","type":"post","link":"https:\/\/www.europesays.com\/es\/268254\/","title":{"rendered":"Los Simpson han borrado de la faz de la tierra a un miembro de la familia tan gradualmente que ni lo hab\u00edamos notado"},"content":{"rendered":"<p class=\"c-paragraph\">Con 37 temporadas en su haber,\u00a0<a href=\"https:\/\/www.hobbyconsolas.com\/noticias\/simpson-tendra-importante-cambio-proximas-temporadas-no-gustara-fans-1467573\" title=\"Los Simpson tendr\u00e1 un importante cambio en las pr\u00f3ximas temporadas que ayudar\u00e1 a aliviar el exceso de cap\u00edtulos\" rel=\"nofollow noopener\" target=\"_blank\">Los Simpson<\/a>\u00a0ha contado con m\u00faltiples reinicios en las historias de sus personajes principales para adaptarlos a la \u00e9poca actual, experimentando con todo tipo de nuevas din\u00e1micas entre ellos a lo largo de la <b>serie<\/b>.<\/p>\n<p class=\"c-paragraph\">Un buen ejemplo de ello lo tenemos en la historia del pasado de Homer y <b>Marge<\/b>, la cual ha ido cambiando varias veces con el paso de los a\u00f1os (aunque, por supuesto, los fans m\u00e1s puritanos siempre se quedar\u00e1n con la original).<\/p>\n<p class=\"c-paragraph\">Sin embargo, por mucho que se modifiquen sus historias, todos los personajes contin\u00faan presentes en la serie. Bueno, a decir verdad, no todos, ya que <b>un miembro de la familia Simpson-Bouvier parece haber desaparecido de la faz de la tierra sin dar explicaci\u00f3n alguna<\/b>.<\/p>\n<p>La nueva temporada de Los Simpson parece haber olvidado a Ling Bouvier<\/p>\n<p class=\"c-paragraph\">Tal como recoge <a href=\"https:\/\/comicbook.com\/tv-shows\/feature\/the-simpsons-has-completely-erased-a-member-of-the-extended-family-but-fans-might-have-missed-it\/\" rel=\"nofollow noreferrer noopener\" title=\"Comicbook\" target=\"_blank\">Comicbook<\/a>, <b>el nuevo episodio de la temporada 37 de Los Simpson parece haber olvidado por completo a Ling Bouvier<\/b>, la hija adoptiva de Selma, una de las hermanas mayores de <a href=\"https:\/\/www.hobbyconsolas.com\/listas\/memes-simpson-siguen-arrasando-internet-35-anos-1429604\" title=\"Los memes de Los Simpson que siguen arrasando en Internet tras 35 a\u00f1os\" rel=\"nofollow noopener\" target=\"_blank\">Marge<\/a>.<\/p>\n<p class=\"c-paragraph\">\u00abLa temporada 37 de Los Simpson acerc\u00f3 m\u00e1s que nunca a Patty y Selma, al centrarse en su v\u00ednculo como hermanas despu\u00e9s de 36 a\u00f1os de la serie animada, e introdujo un cambio importante al mudarse a dos apartamentos diferentes durante todo este tiempo.<\/p>\n<p class=\"c-paragraph\">Pero durante todo este tiempo, <b>Ling, la hija adoptiva de Selma, no solo desapareci\u00f3, sino que ni siquiera se la mencion\u00f3 durante todo este caos<\/b>\u00ab, comparte el medio.<\/p>\n<p class=\"c-paragraph\"><a href=\"https:\/\/www.hobbyconsolas.com\/listas\/series-nadie-confiaba-terminaron-arrasando-forma-inesperada-1362752\" title=\"8 series en las que nadie confiaba y que terminaron arrasando de forma inesperada\" rel=\"nofollow noopener\" target=\"_blank\">Ling Bouvier<\/a> fue presentada por primera vez en la temporada 16, donde Selma viaja a China para tener la oportunidad de adoptar un ni\u00f1o y, de esta manera, la peque\u00f1a Ling entra a formar parte de la familia.<\/p>\n<p class=\"c-paragraph\">Desde entonces, el personaje ha ido apareciendo de forma espor\u00e1dica a lo largo de la serie, llegando incluso a crecer antes que Maggie (aunque no demasiado).<\/p>\n<p class=\"c-paragraph\"><b>Resulta cuanto menos curioso que un cambio tan importante en la vida de Selma sea borrado de la faz de la tierra como si nunca hubiera sucedido<\/b>. \u00bfLa cosa recular\u00e1 y veremos a Ling Bouvier en pr\u00f3ximos episodios de Los Simpson o el personaje ha sido completamente eliminado de la <a href=\"https:\/\/www.hobbyconsolas.com\/listas\/10-series-todavia-siguen-emision-tienen-demasiadas-temporadas-1136165\" title=\"10 series que todav\u00eda siguen emisi\u00f3n y ya tienen demasiadas temporadas\" rel=\"nofollow noopener\" target=\"_blank\">serie<\/a>? Tocar\u00e1 esperar para averiguarlo.<\/p>\n","protected":false},"excerpt":{"rendered":"Con 37 temporadas en su haber,\u00a0Los Simpson\u00a0ha contado con m\u00faltiples reinicios en las historias de sus personajes principales&hellip;\n","protected":false},"author":2,"featured_media":268255,"comment_status":"","ping_status":"","sticky":false,"template":"","format":"standard","meta":{"footnotes":""},"categories":[171],"tags":[21505,146,147,25,24,66130,3575,4417,23249,23,214],"class_list":{"0":"post-268254","1":"post","2":"type-post","3":"status-publish","4":"format-standard","5":"has-post-thumbnail","7":"category-tv","8":"tag-borrado","9":"tag-entertainment","10":"tag-entretenimiento","11":"tag-es","12":"tag-espana","13":"tag-faz","14":"tag-han","15":"tag-los","16":"tag-simpson","17":"tag-spain","18":"tag-tv"},"share_on_mastodon":{"url":"https:\/\/pubeurope.com\/@es\/115653252510350135","error":""},"_links":{"self":[{"href":"https:\/\/www.europesays.com\/es\/wp-json\/wp\/v2\/posts\/268254","targetHints":{"allow":["GET"]}}],"collection":[{"href":"https:\/\/www.europesays.com\/es\/wp-json\/wp\/v2\/posts"}],"about":[{"href":"https:\/\/www.europesays.com\/es\/wp-json\/wp\/v2\/types\/post"}],"author":[{"embeddable":true,"href":"https:\/\/www.europesays.com\/es\/wp-json\/wp\/v2\/users\/2"}],"replies":[{"embeddable":true,"href":"https:\/\/www.europesays.com\/es\/wp-json\/wp\/v2\/comments?post=268254"}],"version-history":[{"count":0,"href":"https:\/\/www.europesays.com\/es\/wp-json\/wp\/v2\/posts\/268254\/revisions"}],"wp:featuredmedia":[{"embeddable":true,"href":"https:\/\/www.europesays.com\/es\/wp-json\/wp\/v2\/media\/268255"}],"wp:attachment":[{"href":"https:\/\/www.europesays.com\/es\/wp-json\/wp\/v2\/media?parent=268254"}],"wp:term":[{"taxonomy":"category","embeddable":true,"href":"https:\/\/www.europesays.com\/es\/wp-json\/wp\/v2\/categories?post=268254"},{"taxonomy":"post_tag","embeddable":true,"href":"https:\/\/www.europesays.com\/es\/wp-json\/wp\/v2\/tags?post=268254"}],"curies":[{"name":"wp","href":"https:\/\/api.w.org\/{rel}","templated":true}]}}