{"id":268266,"date":"2025-12-03T02:29:19","date_gmt":"2025-12-03T02:29:19","guid":{"rendered":"https:\/\/www.europesays.com\/es\/268266\/"},"modified":"2025-12-03T02:29:19","modified_gmt":"2025-12-03T02:29:19","slug":"atacar-nuestra-soberania-es-declarar-la-guerra","status":"publish","type":"post","link":"https:\/\/www.europesays.com\/es\/268266\/","title":{"rendered":"Atacar nuestra soberan\u00eda es declarar la guerra"},"content":{"rendered":"<p class=\"c-paragraph\">El presidente de EEUU, <a href=\"https:\/\/www.20minutos.es\/tags\/personas\/donald-trump.html\" title=\"Donald Trump\" rel=\"nofollow noopener\" target=\"_blank\">Donald Trump<\/a>, ha advertido este martes que cualquier pa\u00eds que produzca y trafique droga hacia Estados Unidos <b>\u00abest\u00e1 sujeto a ataques\u00bb<\/b>, al sugerir que tambi\u00e9n podr\u00eda incluir a <a href=\"https:\/\/www.20minutos.es\/tags\/lugares\/colombia.html\" title=\"Colombia\" rel=\"nofollow noopener\" target=\"_blank\">Colombia <\/a>en las operaciones terrestres contra el narcotr\u00e1fico con las que amenaza a <a href=\"https:\/\/www.20minutos.es\/tags\/lugares\/venezuela.html\" title=\"Venezuela\" rel=\"nofollow noopener\" target=\"_blank\">Venezuela<\/a>. Su hom\u00f3logo colombiano, <a href=\"https:\/\/www.20minutos.es\/tags\/personas\/gustavo-petro.html\" title=\"Gustavo Petro\" rel=\"nofollow noopener\" target=\"_blank\">Gustavo Petro<\/a>, no ha tardado en reaccionar y le ha invitado a su pa\u00eds para mostrarle c\u00f3mo combatir el tr\u00e1fico de drogas sin misiles. \u00ab<b><b>Atacar nuestra soberan\u00eda es declarar guerra<\/b><\/b>, no da\u00f1e dos siglos de relaciones diplom\u00e1ticas\u00bb, ha sostenido Petro.<\/p>\n<p class=\"c-paragraph\">\u00abHe o\u00eddo que Colombia, el pa\u00eds de Colombia, produce coca\u00edna. Tienen plantas de fabricaci\u00f3n, \u00bfde acuerdo? Y <b>luego nos venden coca\u00edna<\/b>. Pero s\u00ed, cualquiera que haga eso y la venda a nuestro pa\u00eds est\u00e1 sujeto a ataques, no necesariamente solo Venezuela\u00bb, ha dicho Trump a la prensa durante una reuni\u00f3n con su Gabinete en la Casa Blanca.\u00a0<\/p>\n<p class=\"c-paragraph\">El mandatario, quien reiter\u00f3 que los ataques contra los c\u00e1rteles de la droga dentro del territorio venezolano comenzar\u00e1n \u00abmuy pronto\u00bb, insisti\u00f3 en que aunque \u00abVenezuela ha sido peor que la mayor\u00eda\u00bb,\u00a0<b><b>hay otros pa\u00edses que tambi\u00e9n env\u00edan \u00aba sus narcotraficantes\u00bb<\/b><\/b>\u00a0a Estados Unidos.\u00a0<\/p>\n<p class=\"c-paragraph\">\u00abVenga se\u00f1or Trump a Colombia, lo invito, para que participe en la destrucci\u00f3n de los nueve laboratorios diarios que hacemos para que no llegue coca\u00edna a EEUU\u00bb, ha manifestado Petro en su cuenta de X tras las declaraciones de Trump. \u00ab<b>Sin misiles, he destruido durante mi Gobierno 18.400 laboratorios<\/b>. Venga conmigo y le ense\u00f1o c\u00f3mo se destruye un laboratorio cada 40 minutos. Pero no amenace nuestra soberan\u00eda, porque despertar\u00e1 el Jaguar\u00bb, ha a\u00f1adido Petro, quien se identifica con ese felino americano.<\/p>\n<p class=\"c-paragraph\">El mandatario colombiano, cuyo visado estadounidense fue cancelado en septiembre pasado y en octubre fue incluido por el Departamento del Tesoro de ese pa\u00eds en la lista de la Oficina de Control de Activos Extranjeros (OFAC, siglas en ingl\u00e9s), conocida como Lista Clinton, tras ser acusado de ser un <b>\u00abl\u00edder del narcotr\u00e1fico\u00bb<\/b>, ha insistido en que ese trato es una calumnia de Trump.<\/p>\n<p class=\"c-paragraph\">\u00ab<b>Ya me calumni\u00f3, no contin\u00fae por ah\u00ed<\/b>. Si un pa\u00eds ha ayudado a detener miles de toneladas de coca\u00edna para que no la consuman los norteamericanos, ese es Colombia\u00bb, concluy\u00f3 el mandatario, cuyo pa\u00eds es el mayor productor mundial de coca\u00edna.<\/p>\n<p class=\"c-paragraph\">Los potenciales ataques en tierra venezolana significar\u00edan una <b>expansi\u00f3n de la operaci\u00f3n militar Lanza del Sur<\/b>, que desde septiembre hasta ahora ha destruido a 21 embarcaciones en el Caribe y el Pac\u00edfico oriental, matando extrajudicialmente a 82 supuestos narcotraficantes, seg\u00fan inform\u00f3 este martes el Pent\u00e1gono.\u00a0<\/p>\n<p class=\"c-paragraph\">El <b>despliegue militar <\/b>estadounidense en aguas caribe\u00f1as, uno de los mayores de las \u00faltimas d\u00e9cadas, ha incrementado la presi\u00f3n sobre el Gobierno del presidente venezolano, <a href=\"\">Nicol\u00e1s Maduro<\/a>, al que Trump acusa de liderar el oscuro C\u00e1rtel de los Soles, designado por Washington como una organizaci\u00f3n terrorista extranjera.\u00a0<\/p>\n","protected":false},"excerpt":{"rendered":"El presidente de EEUU, Donald Trump, ha advertido este martes que cualquier pa\u00eds que produzca y trafique droga&hellip;\n","protected":false},"author":2,"featured_media":268267,"comment_status":"","ping_status":"","sticky":false,"template":"","format":"standard","meta":{"footnotes":""},"categories":[42],"tags":[17,18,1803,13,14,11,61,62,63,64,19,20,9,10,15,16,5043,16555,12,589,936,21,22,65,66,67],"class_list":{"0":"post-268266","1":"post","2":"type-post","3":"status-publish","4":"format-standard","5":"has-post-thumbnail","7":"category-internacional","8":"tag-breaking-news","9":"tag-breakingnews","10":"tag-colombia","11":"tag-featured-news","12":"tag-featurednews","13":"tag-headlines","14":"tag-internacional","15":"tag-international","16":"tag-international-news","17":"tag-internationalnews","18":"tag-latest-news","19":"tag-latestnews","20":"tag-news","21":"tag-noticias","22":"tag-noticias-destacadas","23":"tag-noticiasdestacadas","24":"tag-por","25":"tag-senala","26":"tag-titulares","27":"tag-trafico","28":"tag-trump","29":"tag-ultimas-noticias","30":"tag-ultimasnoticias","31":"tag-world","32":"tag-world-news","33":"tag-worldnews"},"share_on_mastodon":{"url":"https:\/\/pubeurope.com\/@es\/115653288322420839","error":""},"_links":{"self":[{"href":"https:\/\/www.europesays.com\/es\/wp-json\/wp\/v2\/posts\/268266","targetHints":{"allow":["GET"]}}],"collection":[{"href":"https:\/\/www.europesays.com\/es\/wp-json\/wp\/v2\/posts"}],"about":[{"href":"https:\/\/www.europesays.com\/es\/wp-json\/wp\/v2\/types\/post"}],"author":[{"embeddable":true,"href":"https:\/\/www.europesays.com\/es\/wp-json\/wp\/v2\/users\/2"}],"replies":[{"embeddable":true,"href":"https:\/\/www.europesays.com\/es\/wp-json\/wp\/v2\/comments?post=268266"}],"version-history":[{"count":0,"href":"https:\/\/www.europesays.com\/es\/wp-json\/wp\/v2\/posts\/268266\/revisions"}],"wp:featuredmedia":[{"embeddable":true,"href":"https:\/\/www.europesays.com\/es\/wp-json\/wp\/v2\/media\/268267"}],"wp:attachment":[{"href":"https:\/\/www.europesays.com\/es\/wp-json\/wp\/v2\/media?parent=268266"}],"wp:term":[{"taxonomy":"category","embeddable":true,"href":"https:\/\/www.europesays.com\/es\/wp-json\/wp\/v2\/categories?post=268266"},{"taxonomy":"post_tag","embeddable":true,"href":"https:\/\/www.europesays.com\/es\/wp-json\/wp\/v2\/tags?post=268266"}],"curies":[{"name":"wp","href":"https:\/\/api.w.org\/{rel}","templated":true}]}}