{"id":268268,"date":"2025-12-03T02:30:49","date_gmt":"2025-12-03T02:30:49","guid":{"rendered":"https:\/\/www.europesays.com\/es\/268268\/"},"modified":"2025-12-03T02:30:49","modified_gmt":"2025-12-03T02:30:49","slug":"del-asumo-los-incumplimientos-con-junts-al-gran-desconocido-de-abalos","status":"publish","type":"post","link":"https:\/\/www.europesays.com\/es\/268268\/","title":{"rendered":"Del \u00abasumo los incumplimientos con Junts\u00bb al \u00abgran desconocido\u00bb de \u00c1balos"},"content":{"rendered":"<p>El presidente del Gobierno, Pedro S\u00e1nchez, ha concedido este martes sus primeras entrevistas despu\u00e9s de la ruptura de Junts con el PSOE y tras la entrada en prisi\u00f3n provisional del ex secretario de Organizaci\u00f3n de PSOE Jos\u00e9 Luis \u00c1balos. Ha sido en el Palacio de la Moncloa, en el programa de Gemma Nierga de TVE Caf\u00e8 d&#8217;Idees  y en ella han tratado los principales temas de actualidad: desde anuncios para contentar a Junts hasta hablar de \u00abun desconocido\u00bb \u00c1balos. <\/p>\n<p>Estas son las diez frases clave del l\u00edder socialista durante la entrevista:<\/p>\n<p>\u00abNo restamos importancia a la crisis pol\u00edtica que ha abierto Junts\u00bb<\/p>\n<p>S\u00e1nchez comenzaba su entrevista lamentando \u00abmucho\u00bb que se hubiera trasladado la sensaci\u00f3n de que los socialistas restaban importancia a la ruptura anunciada por Junts hace unas semanas, porque aseguraba que no era as\u00ed. <\/p>\n<p><strong>\u00abNo restamos importancia\u00bb<\/strong>, ha dicho incluso en dos ocasiones al ser preguntado por la crisis pol\u00edtica abierta, para decir a continuaci\u00f3n que admit\u00eda que no se hab\u00eda cumplido \u00abcon todo\u00bb.<\/p>\n<p>\t\tS\u00e1nchez tranquiliza a Junts sobre el cumplimiento de sus acuerdos\t<\/p>\n<p>\u00ab<strong>Asumo esos incumplimientos<\/strong> y mi voluntad de cumplir con ellos. Por eso, hoy en el Consejo de Ministros aprobaremos un real decreto con medidas que nos hab\u00eda propuesto Junts\u00bb, ha avanzado. <\/p>\n<p>\u00abEsperamos que Puigdemont pueda volver pronto\u00bb<\/p>\n<p>Tambi\u00e9n se ha pronunciado sobre la situaci\u00f3n del expresidente de Catalu\u00f1a y l\u00edder de Junts Carles Puigdemont, que sigue en Bruselas, a donde huy\u00f3 tras la declaraci\u00f3n unilateral de independencia en 2017, a la espera de que se le aplique la ley de amnist\u00eda, tal y como viene reclamando. \u00abEsperamos que pueda volver pronto\u00bb, ha clamado S\u00e1nchez.<\/p>\n<p>Y es que, seg\u00fan el presidente del Gobierno, <strong>\u00abestamos en el tramo final\u00bb de ley de amnist\u00eda<\/strong>: \u00abHemos logrado el aval de la comisi\u00f3n de Venecia, de la Comisi\u00f3n Europea, del Tribunal Constitucional, del abogado General del Tribunal de Justicia Europeo y estamos pendiente del Tribunal de Justicia Europeo\u00bb, ha se\u00f1alado.<\/p>\n<p>En este sentido, ha defendido que \u00abla normalizaci\u00f3n total de Catalu\u00f1a no se podr\u00e1 producir hasta que Carles Puigdemont no pueda volver a Catalu\u00f1a y no pueda ejercer en plenitud sus derechos pol\u00edticos\u00bb.<\/p>\n<p>Sobre una reuni\u00f3n con Puigdemont: \u00abEsa foto se producir\u00e1\u00bb<\/p>\n<p>Sobre una posible reuni\u00f3n con Carles Puigdemont, S\u00e1nchez ha vuelto a mostrarse dispuesto a ella y ha aventurado a decir que <strong>\u00abesa foto se producir\u00e1\u00bb, aunque, por ahora, ha remarcado todos los \u00abcauces de entendimiento\u00bb con Junts est\u00e1n rotos.<\/strong><\/p>\n<p>Y como no es la primera vez que no descarta un encuentro con el l\u00edder de Junts, al ser preguntado por qu\u00e9 no hab\u00eda tenido ya lugar, S\u00e1nchez se ha limitado a decir que <strong>no se hab\u00eda dado \u00abla oportunidad\u00bb, \u00abla ocasi\u00f3n\u00bb <\/strong>para ello, sin dar m\u00e1s explicaciones. Adem\u00e1s, ha asegurado que no ha hablado con Puigdemont en \u00aba\u00f1os\u00bb.<\/p>\n<p>En todo caso, ha ratificado que<strong> esa reuni\u00f3n ser\u00eda una prueba de que la situaci\u00f3n pol\u00edtica en Catalu\u00f1a se ha normalizado <\/strong>ya por completo, y que su \u00abhoja de ruta\u00bb para conseguirlo habr\u00eda sido \u00abun \u00e9xito\u00bb.<\/p>\n<p>\u00abEspero que las relaciones con Junts y otras fuerzas de Catalu\u00f1a se normalice\u00bb<\/p>\n<p>Sobre una posible moci\u00f3n de censura de los &#8216;populares&#8217; apoyada por Junts, despu\u00e9s de que el l\u00edder del PP, Alberto N\u00fa\u00f1ez Feij\u00f3o, reclamara hace unos d\u00edas a Foment del Treball que presionara a los de Puigdemont para ello, S\u00e1nchez ha asegurado que no tiene sentido y demuestra que \u00abno hay nadie al volante\u00bb del PP.<\/p>\n<p>No obstante, ha se\u00f1alado que si ocurriera finalmente un acercamiento entre PP y Junts, <strong>demostrar\u00eda que su pol\u00edtica de normalizaci\u00f3n pol\u00edtica en Catalu\u00f1a ha funcionado<\/strong>. \u00abEspero que las relaciones con Junts y otras fuerzas de Catalu\u00f1a se normalice porque habr\u00e1 demostrado que la hoja de ruta que he impulsado ha sido un \u00e9xito\u00bb, ha sostenido. <\/p>\n<p>\u00c1balos: \u00abDesde el punto de vista personal, era un gran desconocido\u00bb<\/p>\n<p>En la entrevista, tambi\u00e9n S\u00e1nchez ha sido cuestionado por el que fuera su &#8216;n\u00famero 3&#8217; en el PSOE y el defensor de la moci\u00f3n de censura que le llev\u00f3 a la Moncloa en el a\u00f1o 2018, y que ahora est\u00e1 en la c\u00e1rcel de Soto del Real de manera preventiva ante el \u00abriesgo extremo\u00bb de fuga ante la cercan\u00eda del primer juicio por corrupci\u00f3n de la trama Koldo. <\/p>\n<p>\u00abTen\u00eda una <strong>confianza pol\u00edtica en \u00e9<\/strong>l, es evidente, no la niego. Pero <strong>desde el punto de vista personal<\/strong> <strong>era un gran desconocido<\/strong> para m\u00ed porque conoc\u00ed unas facetas de su dimensi\u00f3n personal que fueron muy desconocidas para m\u00ed\u00bb, ha sostenido.<\/p>\n<p>Adem\u00e1s, ha tachado de <strong>\u00abmentiras\u00bb todo lo que est\u00e1 insinuando \u00c1balos <\/strong>y su entorno. En este sentido, ha concedido que \u00abtodas las personas tienen derecho a defenderse y a reclamar su presunci\u00f3n de inocencia, pero no esparciendo este tipo de mentiras, bulos y desinformaci\u00f3n\u00bb. <\/p>\n<p>Ha citado entre esas mentiras que <a href=\"https:\/\/www.rtve.es\/noticias\/20251126\/abalos-asegura-reunion-entre-sanchez-otegi-2018-existio-mientras-moncloa-insiste-falso\/16832293.shtml\" target=\"_blank\" rel=\"nofollow noopener\">\u00e9l se reuniera con el dirigente abertzale Arnaldo Otegi<\/a> en 2018 para pactar la moci\u00f3n de censura contra Mariano Rajoy o la implicaci\u00f3n de su mujer Bego\u00f1a G\u00f3mez en el  rescate a la aerol\u00ednea Air Europa. <\/p>\n<p>En todo caso, ha asegurado, no tiene intenci\u00f3n de querellarse contra el exministro por<strong> no entrar \u00aben una espiral de querellas\u00bb<\/strong>, al tiempo que ha se\u00f1alado que ser\u00e1n los tribunales los que tendr\u00e1n que dirimir sobre la actuaci\u00f3n del que fuera secretario de Organizaci\u00f3n socialista.<\/p>\n<p>\u00abNi el Gobierno, ni el PSOE van a aceptar chantajes, ni amenazas\u00bb<\/p>\n<p>En este punto, S\u00e1nchez ha advertido que <strong>\u00abni el Gobierno, ni el PSOE, van a aceptar chantajes, ni amenazas\u00bb.<\/strong> Adem\u00e1s, ha asegurado que no acepta lecciones de un partido como el PP, que tiene \u00abtreinta causas abiertas por corrupci\u00f3n\u00bb. Y se ha dirigido tanto a \u00c1balos, como a &#8216;populares&#8217; o cualquier otro que quiera hacer insinuaciones veladas. <\/p>\n<p>Al ser preguntado por si tem\u00eda nuevas revelaciones del exministro, S\u00e1nchez ha repetido que no va a aceptar ninguna amenaza o chantaje.<\/p>\n<p>\u00abHe asumido responsabilidades\u00bb<\/p>\n<p>Preguntado por los casos de corrupci\u00f3n que cercan a personas de su entorno, S\u00e1nchez ha recalcado que pidi\u00f3 perd\u00f3n y ha defendido que<strong> ha asumido\u00bbresponsabilidades\u00bb, en \u00abtres \u00e1mbitos\u00bb.<\/strong><\/p>\n<p>\u00abNo solo era apartar a estas personas de la organizaci\u00f3n, o en el caso de Santos <strong>Cerd\u00e1n  <\/strong>(ex secretario de Organizaci\u00f3n del PSOE), tambi\u00e9n de la direcci\u00f3n; sino que tomamos decisiones, internamente, para reforzar los mecanismos de control, porque efectivamente fallaron, y desde el punto de vista legislativo y pol\u00edtico, impulsando un plan estatal de lucha contra la corrupci\u00f3n para crear una agencia contra la corrupci\u00f3n\u00bb, ha explicado.<\/p>\n<p>As\u00ed, <strong>S\u00e1nchez ha sostenido que ni su Gobierno, ni el PSOE han tenido \u00abun \u00e1pice de connivencia con la corrupci\u00f3n\u00bb<\/strong>, y que ha sido \u00abcontundente\u00bb desde el primer momento. \u00abEn cuanto ha habido un atisbo de corrupci\u00f3n en el Gobierno o partido, he actuado con contundencia\u00bb, ha zanjado. Adem\u00e1s, seg\u00fan el jefe del Ejecutivo, no existe la \u00abcorrupci\u00f3n cero\u00bb, pero s\u00ed \u00abla tolerancia cero con la corrupci\u00f3n\u00bb.<\/p>\n<p>Sobre si dimitir\u00eda si es imputado: \u00ab\u00bfPor qu\u00e9 lo ser\u00eda?\u00bb<\/p>\n<p>Cuestionado sobre si dimitir\u00eda si resulta imputado por alg\u00fan caso de corrupci\u00f3n, como los que han llevado a prisi\u00f3n provisional a los dos \u00faltimos secretarios de Organizaci\u00f3n del PSOE que nombr\u00f3, Jos\u00e9 Luis \u00c1balos y Santos Cerd\u00e1n, <strong>S\u00e1nchez ha comentado que no ve\u00eda razones para ser imputado. \u00ab\u00bfPor qu\u00e9 lo ser\u00eda (imputado)?\u00bb, ha contestado.<\/strong><\/p>\n<p>El tambi\u00e9n l\u00edder de PSOE ha defendido que en <strong>su partido \u00abno se ha financiado irregularmente\u00bb, como s\u00ed hizo, ha recordado, el PP<\/strong>, que tiene una sentencia de la Audiencia Nacional que determina que hubo financiaci\u00f3n irregular. Es m\u00e1s, S\u00e1nchez ha asegurado estar viviendo todo esto con \u00ababsoluta tranquilidad\u00bb y con confianza en la Justicia. <\/p>\n<p>\u00abEl PP copia las formas y los contenidos de los discursos de la ultraderecha\u00bb<\/p>\n<p>Ante la <a href=\"https:\/\/www.rtve.es\/noticias\/20251130\/feijoo-pp-manifestacion-madrid-sanchez\/16837694.shtml\" target=\"_blank\" rel=\"nofollow noopener\">manifestaci\u00f3n convocada por el PP el pasado domingo en el Templo de Debod<\/a>, en Madrid, S\u00e1nchez ha lamentado el \u00abesc\u00e1ndalo\u00bb que a su juicio supone la \u00abobscena celebraci\u00f3n de aquellos y aquellas que se consideran impunes\u00bb, en referencia a la presidenta de la Comunidad de Madrid, Isabel D\u00edaz Ayuso, a su pareja y al Partido Popular.<\/p>\n<p>\u00abVemos a una derecha desconcertada por el crecimiento de la ultraderecha, que <strong>copia las formas y los contenidos de los discursos de la ultraderecha<\/strong>\u00ab, ha sentenciado.<\/p>\n<p>Asimismo, ha cargado contra Ayuso por decir en esa protesta que Espa\u00f1a viv\u00eda una \u00abdictadura\u00bb o de que <strong>\u00abETA estaba a punto de asaltar el Pa\u00eds Vasco o Navarra<\/strong>\u00ab. \u00ab<strong>Ayuso ya no tiene l\u00edmite,<\/strong> pero lo grave no es lo que diga ella, sino que todo el Partido Popular, tambi\u00e9n su jefe de filas, el se\u00f1or Feij\u00f3o, est\u00e9 en esas mismas coordenadas\u00bb, ha advertido. <\/p>\n<p>El v\u00eddeo del rey em\u00e9rito: \u00abEs inoportuno e improcedente\u00bb<\/p>\n<p>S\u00e1nchez tambi\u00e9n ha sido preguntado por el v\u00eddeo del rey em\u00e9rito dirigido a los j\u00f3venes espa\u00f1oles para pedirles que apoyen a su hijo, Felipe VI y al respecto ha respondido que comparte \u00abla opini\u00f3n\u00bb de la Casa Real: \u00abEs inoportuno e improcedente\u00bb.<\/p>\n<p>\t\tS\u00e1nchez ve \u00abinoportuno\u00bb el v\u00eddeo del rey em\u00e9rito\t<\/p>\n<p>S\u00e1nchez no se ha querido pronunciar sobre si don Juan Carlos I deber\u00eda regresar de Abu Dhabi, donde vive desde 2020 y ha se\u00f1alado que se trata de una decisi\u00f3n suya \u00abpersonal\u00bb, y que en todo caso, deber\u00eda \u00abcompartir con la Casa Real\u00bb.<\/p>\n","protected":false},"excerpt":{"rendered":"El presidente del Gobierno, Pedro S\u00e1nchez, ha concedido este martes sus primeras entrevistas despu\u00e9s de la ruptura de&hellip;\n","protected":false},"author":2,"featured_media":268269,"comment_status":"","ping_status":"","sticky":false,"template":"","format":"standard","meta":{"footnotes":""},"categories":[8],"tags":[17,18,25,24,13,14,11,19,20,9,10,15,16,23,12,21,22],"class_list":{"0":"post-268268","1":"post","2":"type-post","3":"status-publish","4":"format-standard","5":"has-post-thumbnail","7":"category-espana","8":"tag-breaking-news","9":"tag-breakingnews","10":"tag-es","11":"tag-espana","12":"tag-featured-news","13":"tag-featurednews","14":"tag-headlines","15":"tag-latest-news","16":"tag-latestnews","17":"tag-news","18":"tag-noticias","19":"tag-noticias-destacadas","20":"tag-noticiasdestacadas","21":"tag-spain","22":"tag-titulares","23":"tag-ultimas-noticias","24":"tag-ultimasnoticias"},"share_on_mastodon":{"url":"https:\/\/pubeurope.com\/@es\/115653291800728359","error":""},"_links":{"self":[{"href":"https:\/\/www.europesays.com\/es\/wp-json\/wp\/v2\/posts\/268268","targetHints":{"allow":["GET"]}}],"collection":[{"href":"https:\/\/www.europesays.com\/es\/wp-json\/wp\/v2\/posts"}],"about":[{"href":"https:\/\/www.europesays.com\/es\/wp-json\/wp\/v2\/types\/post"}],"author":[{"embeddable":true,"href":"https:\/\/www.europesays.com\/es\/wp-json\/wp\/v2\/users\/2"}],"replies":[{"embeddable":true,"href":"https:\/\/www.europesays.com\/es\/wp-json\/wp\/v2\/comments?post=268268"}],"version-history":[{"count":0,"href":"https:\/\/www.europesays.com\/es\/wp-json\/wp\/v2\/posts\/268268\/revisions"}],"wp:featuredmedia":[{"embeddable":true,"href":"https:\/\/www.europesays.com\/es\/wp-json\/wp\/v2\/media\/268269"}],"wp:attachment":[{"href":"https:\/\/www.europesays.com\/es\/wp-json\/wp\/v2\/media?parent=268268"}],"wp:term":[{"taxonomy":"category","embeddable":true,"href":"https:\/\/www.europesays.com\/es\/wp-json\/wp\/v2\/categories?post=268268"},{"taxonomy":"post_tag","embeddable":true,"href":"https:\/\/www.europesays.com\/es\/wp-json\/wp\/v2\/tags?post=268268"}],"curies":[{"name":"wp","href":"https:\/\/api.w.org\/{rel}","templated":true}]}}