{"id":268270,"date":"2025-12-03T02:32:12","date_gmt":"2025-12-03T02:32:12","guid":{"rendered":"https:\/\/www.europesays.com\/es\/268270\/"},"modified":"2025-12-03T02:32:12","modified_gmt":"2025-12-03T02:32:12","slug":"la-comunidad-de-madrid-lidera-la-creacion-de-empleo-en-espana-con-35-000-nuevos-afiliados-y-el-mayor-numero-de-cotizantes-de-su-historia","status":"publish","type":"post","link":"https:\/\/www.europesays.com\/es\/268270\/","title":{"rendered":"La Comunidad de Madrid lidera la creaci\u00f3n de empleo en Espa\u00f1a con 35.000 nuevos afiliados y el mayor n\u00famero de cotizantes de su historia"},"content":{"rendered":"<p>Las estad\u00edsticas publicadas hoy por el Gobierno central reflejan que Madrid ha generado en el \u00faltimo a\u00f1o 107.280 puestos de trabajo, siendo responsable del 20,5% de los nuevos empleos en todo el pa\u00eds. De media, cada d\u00eda 294 personas encuentran uno en la regi\u00f3n.<\/p>\n<p>Por su parte, el n\u00famero de aut\u00f3nomos sube en 5.122 (+1,2%) respecto al a\u00f1o anterior y en 1.614 (+0,4%) si se compara con octubre, incrementos ambos por encima del guarismo nacional. As\u00ed, los trabajadores por cuenta propia se sit\u00faan en 440.162, con la cifra m\u00e1s alta de la historia.<\/p>\n<p>El paro desciende un -1,4% con respecto a octubre, con 3.903 desempleados menos, seis d\u00e9cimas por encima de Espa\u00f1a (-0,8%). En t\u00e9rminos interanuales, la ca\u00edda ha sido de -11.189 (-3,9%), con 276.434, siendo la m\u00e1s baja para este mes desde 2007.<\/p>\n<p>En el \u00faltimo a\u00f1o, el paro se ha reducido tanto entre mujeres (-3,4%) como hombres (-4,6%), as\u00ed como en todos los tramos de edad: menores de 30 (-3,5%), de 30 a 54 (-6%) y mayores de 55 (-0.8%). Lo hace tambi\u00e9n entre los parados de larga duraci\u00f3n (-2,4%) y en los que llevan menos de un a\u00f1o en situaci\u00f3n de desempleo (-4,9%), adem\u00e1s de en todos los sectores productivos: Servicios (-2,7%), Construcci\u00f3n (-10,4%), Industria (-4,2%) y Agricultura (-14,4%).<\/p>\n","protected":false},"excerpt":{"rendered":"Las estad\u00edsticas publicadas hoy por el Gobierno central reflejan que Madrid ha generado en el \u00faltimo a\u00f1o 107.280&hellip;\n","protected":false},"author":2,"featured_media":268271,"comment_status":"","ping_status":"","sticky":false,"template":"","format":"standard","meta":{"footnotes":""},"categories":[5],"tags":[17,18,25,24,13,14,11,19,20,9,10,15,16,23,12,21,22],"class_list":{"0":"post-268270","1":"post","2":"type-post","3":"status-publish","4":"format-standard","5":"has-post-thumbnail","7":"category-titulares","8":"tag-breaking-news","9":"tag-breakingnews","10":"tag-es","11":"tag-espana","12":"tag-featured-news","13":"tag-featurednews","14":"tag-headlines","15":"tag-latest-news","16":"tag-latestnews","17":"tag-news","18":"tag-noticias","19":"tag-noticias-destacadas","20":"tag-noticiasdestacadas","21":"tag-spain","22":"tag-titulares","23":"tag-ultimas-noticias","24":"tag-ultimasnoticias"},"share_on_mastodon":{"url":"https:\/\/pubeurope.com\/@es\/115653295648213702","error":""},"_links":{"self":[{"href":"https:\/\/www.europesays.com\/es\/wp-json\/wp\/v2\/posts\/268270","targetHints":{"allow":["GET"]}}],"collection":[{"href":"https:\/\/www.europesays.com\/es\/wp-json\/wp\/v2\/posts"}],"about":[{"href":"https:\/\/www.europesays.com\/es\/wp-json\/wp\/v2\/types\/post"}],"author":[{"embeddable":true,"href":"https:\/\/www.europesays.com\/es\/wp-json\/wp\/v2\/users\/2"}],"replies":[{"embeddable":true,"href":"https:\/\/www.europesays.com\/es\/wp-json\/wp\/v2\/comments?post=268270"}],"version-history":[{"count":0,"href":"https:\/\/www.europesays.com\/es\/wp-json\/wp\/v2\/posts\/268270\/revisions"}],"wp:featuredmedia":[{"embeddable":true,"href":"https:\/\/www.europesays.com\/es\/wp-json\/wp\/v2\/media\/268271"}],"wp:attachment":[{"href":"https:\/\/www.europesays.com\/es\/wp-json\/wp\/v2\/media?parent=268270"}],"wp:term":[{"taxonomy":"category","embeddable":true,"href":"https:\/\/www.europesays.com\/es\/wp-json\/wp\/v2\/categories?post=268270"},{"taxonomy":"post_tag","embeddable":true,"href":"https:\/\/www.europesays.com\/es\/wp-json\/wp\/v2\/tags?post=268270"}],"curies":[{"name":"wp","href":"https:\/\/api.w.org\/{rel}","templated":true}]}}