{"id":268278,"date":"2025-12-03T02:45:26","date_gmt":"2025-12-03T02:45:26","guid":{"rendered":"https:\/\/www.europesays.com\/es\/268278\/"},"modified":"2025-12-03T02:45:26","modified_gmt":"2025-12-03T02:45:26","slug":"el-thriller-policiaco-con-drama-y-mucho-suspense-de-3-temporadas","status":"publish","type":"post","link":"https:\/\/www.europesays.com\/es\/268278\/","title":{"rendered":"el thriller policiaco con drama y mucho suspense de 3 temporadas"},"content":{"rendered":"<p>Seguro que a <strong>Stana Katic<\/strong> le vinieron fenomenal las ocho temporadas en las que protagoniz\u00f3 la ic\u00f3nica y adorada serie <strong>&#8216;Castle&#8217;<\/strong> junto a Natha Fillion. Desde 2009 hasta 2016 esta pareja investig\u00f3 y resolvi\u00f3 todo tipo de cr\u00edmenes y misterios, convirti\u00e9ndose en inolvidables, todo un fen\u00f3meno global. El personaje de la inspectora Kate Beckett fue una genial escuela para el que despu\u00e9s asumir\u00eda la actriz canadiense y que ahora no deja de darle alegr\u00edas.\u00a0<\/p>\n<p>La serie que apost\u00f3 de nuevo por ella <strong>se estren\u00f3 en 2017<\/strong> y volvi\u00f3 a ponerle una pistola en las manos con un motivo: que pillase a los malos. En este caso, una ficci\u00f3n que pas\u00f3 algo m\u00e1s desapercibida a nivel internacional y fue cancelada tras tres temporadas. Sin embargo, el efecto Netflix ha hecho de las suyas y tras su reciente llegada a la plataforma este <strong>thriller policiaco de misterio<\/strong> ha conseguido una nueva legi\u00f3n de fans de todo el mundo.<\/p>\n<p><img loading=\"lazy\" decoding=\"async\"   src=\"https:\/\/www.europesays.com\/es\/wp-content\/uploads\/2025\/12\/absentia_ab6b5dd7_251202114618_1200x750.webp.webp\" alt=\"Absentia\" class=\"lazyload\" width=\"1200\" height=\"750\" data-aspectratio=\"1200\/750\"\/><\/p>\n<p>Nada ni nadie es lo que parece en este thriller estrenado en 2017.<\/p>\n<p>&#13;AXN<\/p>\n<p><strong>&#8216;Absentia&#8217; <\/strong>no se baja del top 10, cosa que no es nada f\u00e1cil con la de <a href=\"https:\/\/www.lecturas.com\/television\/cuco-cristal-otros-estrenos-series-que-arrasaran-netflix-noviembre_183768\" rel=\"nofollow noopener\" target=\"_blank\">estrenos que ha habido en noviembre,<\/a>\u00a0con la presencia de\u00a0&#8216;Stranger Things&#8217; con su temporada final y novedades como &#8216;El cuco de cristal&#8217;, &#8216;La bestia en m\u00ed&#8217; y &#8216;Respira&#8217;. Te contamos todos los detalles sobre esta serie que te va a enganchar con una historia que combina misterio, drama, thriller y acci\u00f3n.<\/p>\n<p><img decoding=\"async\" src=\"https:\/\/www.europesays.com\/es\/wp-content\/uploads\/2025\/12\/shakira_8ce61096_251202144600_800x800.webp.webp\" alt=\"Shakira\" class=\"image lazyload\"\/><img loading=\"lazy\" decoding=\"async\" src=\"https:\/\/www.europesays.com\/es\/wp-content\/uploads\/2025\/12\/shakira_8ce61096_251202144605_1280x720.webp.webp\" alt=\"Shakira sorprende al lanzar un elogio a Gerard Piqu\u00e9 tras a\u00f1os de reproches: \u201cHay que decirlo\u201d\" class=\"image lazyload\" width=\"1280\" height=\"720\" data-aspectratio=\"1280\/720\"\/>\u00bfDe qu\u00e9 va &#8216;Absentia&#8217;?\u00a0<\/p>\n<p>Emily Byrne es el personaje principal de\u00a0&#8216;Absentia&#8217;, un thriller policial y de misterio centrado en una agente del FBI (Stana Katic) que<strong> desaparece mientras investiga<\/strong> a un asesino en serie.<\/p>\n<p><img loading=\"lazy\" decoding=\"async\"   src=\"https:\/\/www.europesays.com\/es\/wp-content\/uploads\/2025\/12\/absentia_3f985ef8_251202114639_1200x675.webp.webp\" alt=\"Absentia\" class=\"lazyload\" width=\"1200\" height=\"675\" data-aspectratio=\"1200\/675\"\/><\/p>\n<p>Emily es una mujer que cuando tiene una segunda oportunidad en la vida, descubre que todo ha cambiado.<\/p>\n<p>&#13;AXN<\/p>\n<p>Es dada por muerta, pero<strong> seis a\u00f1os despu\u00e9s reaparece<\/strong> sin recordar nada de lo que ha pasado en ese tiempo que ha estado desaparecida. Intenta recuperar su vida y reconstruirla, pero nada es como antes.<\/p>\n<p>No solo su marido mantiene una relaci\u00f3n con otra persona, ahora ella es<strong> sospechosa de una nueva oleada de cr\u00edmenes<\/strong>. Tendr\u00e1 que poner todo de su parte para reconducir su presente y demostrar que ella no es la culpable.\u00a0<\/p>\n<p>Su punto fuerte: giros constantes y antihero\u00edna<\/p>\n<p>La serie sigue la lucha de Emily por recuperar su identidad, limpiar su nombre y desarticular la peligrosa conspiraci\u00f3n que la rodea. Las tramas de este thriller dram\u00e1tico combinan <strong>tensi\u00f3n psicol\u00f3gica, mucha acci\u00f3n y giros constantes<\/strong> que enganchan al espectador.<\/p>\n<p><img loading=\"lazy\" decoding=\"async\"   src=\"https:\/\/www.europesays.com\/es\/wp-content\/uploads\/2025\/12\/absentia_fd49ae91_251202114535_1200x750.webp.webp\" alt=\"Absentia\" class=\"lazyload\" width=\"1200\" height=\"750\" data-aspectratio=\"1200\/750\"\/><\/p>\n<p>Con Emily ha demostrado que es una actriz todoterreno y perfecta para el thriller.<\/p>\n<p>&#13;AXN<\/p>\n<p>El papel de Stana Katic (que tambi\u00e9n es productora ejecutiva de esta ficci\u00f3n) es probablemente de los m\u00e1s exigentes de su carrera. Si en &#8216;Castle&#8217; nos encontr\u00e1bamos con un tono, generalmente, m\u00e1s amable y cercano a la comedia rom\u00e1ntica entre investigaciones, en &#8216;Absentia&#8217; se enfrenta a <strong>tramas m\u00e1s oscuras, f\u00edsicas<\/strong> (con todo tipo de persecuciones, peleas, etc) e intensas a todos los niveles.<\/p>\n<p>Es un personaje lleno de matices y contradicciones, es madre, es agente del FBI, es una mujer superviviente y perdida, busca justicia, quiere atrapar a los malos&#8230; <strong>Mezcla vulnerabilidad con fuerza<\/strong> de forma muy interesante y realista, no es la hero\u00edna perfecta, es humana y esconde traumas y secretos.\u00a0<\/p>\n<p><img loading=\"lazy\" decoding=\"async\"   src=\"https:\/\/www.europesays.com\/es\/wp-content\/uploads\/2025\/12\/absentia_d25cccda_251202114732_1200x675.webp.webp\" alt=\"Absentia\" class=\"lazyload\" width=\"1200\" height=\"675\" data-aspectratio=\"1200\/675\"\/><\/p>\n<p>Stana Katic ya tiene un nuevo proyecto para 2026, un thriller de esp\u00edas titulado &#8216;Entangled&#8217;.<\/p>\n<p>&#13;AXN<br \/>\nEpisodios y duraci\u00f3n<\/p>\n<p>Si te gustan los<a href=\"http:\/\/www.lecturas.com\/television\/20-mejores-series-crimenes-para-ver-2025-netflix-otras-plataformas_169240\" rel=\"nofollow noopener\" target=\"_blank\"> thrillers y series de cr\u00edmenes <\/a>y eres de las que busca series largas, pero no demasiado, &#8216;Absentia&#8217; es un buen fichaje. Consta de <strong>tres temporadas de 10 episodios<\/strong> cada una con duraci\u00f3n de unos 40\/50 minutos.\u00a0<\/p>\n","protected":false},"excerpt":{"rendered":"Seguro que a Stana Katic le vinieron fenomenal las ocho temporadas en las que protagoniz\u00f3 la ic\u00f3nica y&hellip;\n","protected":false},"author":2,"featured_media":268279,"comment_status":"","ping_status":"","sticky":false,"template":"","format":"standard","meta":{"footnotes":""},"categories":[171],"tags":[146,147,25,24,23,214],"class_list":{"0":"post-268278","1":"post","2":"type-post","3":"status-publish","4":"format-standard","5":"has-post-thumbnail","7":"category-tv","8":"tag-entertainment","9":"tag-entretenimiento","10":"tag-es","11":"tag-espana","12":"tag-spain","13":"tag-tv"},"share_on_mastodon":{"url":"https:\/\/pubeurope.com\/@es\/115653347515164553","error":""},"_links":{"self":[{"href":"https:\/\/www.europesays.com\/es\/wp-json\/wp\/v2\/posts\/268278","targetHints":{"allow":["GET"]}}],"collection":[{"href":"https:\/\/www.europesays.com\/es\/wp-json\/wp\/v2\/posts"}],"about":[{"href":"https:\/\/www.europesays.com\/es\/wp-json\/wp\/v2\/types\/post"}],"author":[{"embeddable":true,"href":"https:\/\/www.europesays.com\/es\/wp-json\/wp\/v2\/users\/2"}],"replies":[{"embeddable":true,"href":"https:\/\/www.europesays.com\/es\/wp-json\/wp\/v2\/comments?post=268278"}],"version-history":[{"count":0,"href":"https:\/\/www.europesays.com\/es\/wp-json\/wp\/v2\/posts\/268278\/revisions"}],"wp:featuredmedia":[{"embeddable":true,"href":"https:\/\/www.europesays.com\/es\/wp-json\/wp\/v2\/media\/268279"}],"wp:attachment":[{"href":"https:\/\/www.europesays.com\/es\/wp-json\/wp\/v2\/media?parent=268278"}],"wp:term":[{"taxonomy":"category","embeddable":true,"href":"https:\/\/www.europesays.com\/es\/wp-json\/wp\/v2\/categories?post=268278"},{"taxonomy":"post_tag","embeddable":true,"href":"https:\/\/www.europesays.com\/es\/wp-json\/wp\/v2\/tags?post=268278"}],"curies":[{"name":"wp","href":"https:\/\/api.w.org\/{rel}","templated":true}]}}