{"id":268280,"date":"2025-12-03T02:46:09","date_gmt":"2025-12-03T02:46:09","guid":{"rendered":"https:\/\/www.europesays.com\/es\/268280\/"},"modified":"2025-12-03T02:46:09","modified_gmt":"2025-12-03T02:46:09","slug":"ciro-martinez-conto-como-vivio-el-regreso-de-los-piojos-era-como-un-sueno","status":"publish","type":"post","link":"https:\/\/www.europesays.com\/es\/268280\/","title":{"rendered":"Ciro Mart\u00ednez cont\u00f3 c\u00f3mo vivi\u00f3 el regreso de Los Piojos: \u201cEra como un sue\u00f1o\u201d"},"content":{"rendered":"<p>Ciro habl\u00f3 de la vuelta de Los Piojos y recitales que hicieron (Video: Perros de la calle-Urbana Play)<\/p>\n<p class=\"paragraph\">Despu\u00e9s de 15 a\u00f1os separados, conflictos en el medio, <a href=\"https:\/\/www.infobae.com\/tag\/los-piojos\/\" target=\"_blank\" rel=\"noreferrer nofollow noopener\" title=\"https:\/\/www.infobae.com\/tag\/los-piojos\/\">Los Piojos<\/a> volvieron a los escenarios en <a href=\"https:\/\/www.infobae.com\/teleshow\/2024\/12\/15\/los-piojos-celebraron-su-primer-ritual-en-la-plata-a-15-anos-de-su-ultimo-show\/\" target=\"_blank\" rel=\"noreferrer nofollow noopener\" title=\"https:\/\/www.infobae.com\/teleshow\/2024\/12\/15\/los-piojos-celebraron-su-primer-ritual-en-la-plata-a-15-anos-de-su-ultimo-show\/\">diciembre del a\u00f1o pasado<\/a>, marcando el esperado regreso de una banda que marco la vida de una generaci\u00f3n. Con ese recuerdo en mente, este martes, <a href=\"https:\/\/www.infobae.com\/tag\/ciro-martinez\/\" target=\"_blank\" rel=\"noreferrer nofollow noopener\" title=\"https:\/\/www.infobae.com\/tag\/ciro-martinez\/\"><b>Ciro Mart\u00ednez<\/b><\/a> abri\u00f3 su coraz\u00f3n y relat\u00f3 c\u00f3mo vivi\u00f3 dicha experiencia en carne propia.<\/p>\n<p class=\"paragraph\">En un mano a mano en Perros de la calle, el programa que conduce <a href=\"https:\/\/www.infobae.com\/tag\/andy-kusnetzoff\/\" target=\"_blank\" rel=\"noreferrer nofollow noopener\" title=\"https:\/\/www.infobae.com\/tag\/andy-kusnetzoff\/\"><b>Andy Kusnetzoff<\/b><\/a> en Urbana Play, el m\u00fasico cont\u00f3 como vivi\u00f3 este regreso despu\u00e9s de m\u00e1s de una d\u00e9cada.<\/p>\n<p class=\"paragraph\">La vuelta de Los Piojos fue multidimensional: marc\u00f3 un antes y un despu\u00e9s tanto para la banda como para su p\u00fablico. Ante ese contexto, Ciro describi\u00f3 el shock que sinti\u00f3 ante la primera funci\u00f3n en La Plata: \u201c<b>Fue muy fuerte. La sensaci\u00f3n sobre el escenario en el primer show fue una cosa que me parec\u00eda\u2026 No s\u00e9 si vos tuviste ataque de p\u00e1nico. Esa cosa de que no est\u00e1s, est\u00e1s ac\u00e1, pero no est\u00e1s y se te va la cabeza. Cosas as\u00ed sent\u00ed en el escenario por momentos, de no saber qu\u00e9 era lo que estaba pasando y de repente era como un sue\u00f1o, una cosa que no era real. Ver toda la emoci\u00f3n de la gente fue una cosa que para m\u00ed\u2026 Tengo la suerte de ser m\u00fasico argentino y tener p\u00fablico argentino<\/b>\u201d.<\/p>\n<p class=\"paragraph\">En su relato, Ciro compar\u00f3 la intensidad del p\u00fablico local con lo que viven las bandas internacionales: \u201c<b>No s\u00e9 si en el mundo hubo alguna banda muy popular que par\u00f3 quince a\u00f1os y volvi\u00f3 y vibr\u00f3, y vivi\u00f3 lo que vivimos nosotros. Porque el p\u00fablico ac\u00e1 es \u00fanico y la emoci\u00f3n&#8230; Nosotros tambi\u00e9n somos muy sentimentales, \u00bfviste?. Esta cosa de ver hasta el \u00faltimo tipo de all\u00e1 arriba de la tribuna cantando, todo el estadio, gritando y moviendo. Vi una vez un reel que mostraban de Oasis, c\u00f3mo bailaba la gente, pero ni una d\u00e9cima parte de lo que es ac\u00e1 y de lo que fue la vuelta de Los Piojos<\/b>\u201d.<\/p>\n<p><img alt=\"As\u00ed estuvo el regreso de\" class=\"global-image\" decoding=\"async\" fetchpriority=\"low\" height=\"678\" loading=\"lazy\" src=\"https:\/\/www.europesays.com\/es\/wp-content\/uploads\/2025\/12\/XUJXYH2FDFDQBATGGJNE7JJG3A.jpg\" width=\"824\"\/>As\u00ed estuvo el regreso de Los Piojos a los escenarios, tras 15 a\u00f1os de ausencia (Instagram)<\/p>\n<p class=\"paragraph\">La vor\u00e1gine de sensaciones le exig\u00eda a Ciro controlar su propia emoci\u00f3n para seguir adelante: \u201c<b>Era imposible sustraerse. A la vez uno tiene que tener la cabeza en que vamos por el\u2026 O sea, tenemos veintiocho temas por delante y estamos en el dos. Entonces, no pod\u00e9s dejarte llevar puramente por las emociones porque se te va todo al car&#8230; y ten\u00e9s que estar mirando la lista y pensando, y llevando el show, viendo la gente, pero realmente era una cosa que te atravesaba de una manera imposible de evitar. Todo era muy intenso<\/b>\u201d.<\/p>\n<p class=\"paragraph\">Uno de los momentos m\u00e1s conmovedores fue durante la prueba de sonido al repasar una canci\u00f3n de su compa\u00f1ero fallecido, Gustavo \u201cTavo\u201d Kupinski: \u201c<b>En la prueba de sonido, por ejemplo, cuando pasamos el tema de Tavo \u201dSalitral\u00bb y vi la imagen de \u00e9l cantando, fue demoledor. Dec\u00edamos: \u2018\u00bfC\u00f3mo seguimos despu\u00e9s de esto?\u2019 Saber que estaba la hija de Tavo presente, que sub\u00eda Matu, el hermano&#8230; Reencontrarme con muchas cosas, con gente que hac\u00eda veinte a\u00f1os que no ve\u00eda. Fue muy fuerte<\/b>\u201d.<\/p>\n<p class=\"paragraph\">Ciro puso su experiencia personal como ejemplo del poder de dejar las diferencias de lado por un objetivo mayor: \u201cEstamos haciendo un documental sobre este reencuentro y, si bien hubo cosas que a m\u00ed no me gustaron cuando fue el final de Los Piojos, que se hablaron y actitudes&#8230; Yo creo que todos tenemos cosas que puede no gustarnos de los dem\u00e1s o puede no habernos gustado de los dem\u00e1s. Esto me sirvi\u00f3 como ejemplo personal de lo importante que es dejar las diferencias de lado para perseguir un objetivo com\u00fan y lograr un sue\u00f1o, una realidad distinta&#8230; Me hizo sentir que es algo que, lamentablemente, a nivel pa\u00eds no se logra todav\u00eda, la eterna diferencia, la eterna grieta\u201d.<\/p>\n<p><img alt=\"Con un show memorable, Los\" class=\"global-image\" decoding=\"async\" fetchpriority=\"low\" height=\"623\" loading=\"lazy\" src=\"https:\/\/www.europesays.com\/es\/wp-content\/uploads\/2025\/12\/LSRFC7VRKZBORPCQJKVS6SJ6WI.jpg\" width=\"827\"\/>Con un show memorable, Los Piojos volvieron a subirse a un escenario tras 15 a\u00f1os de ausencia (Instagram)<\/p>\n<p class=\"paragraph\">La lecci\u00f3n, seg\u00fan Ciro, es que \u201cno importa, loco. Vamos todos para adelante. Y la energ\u00eda que hab\u00eda era impresionante, \u00bfviste?\u201d. El reencuentro con Los Piojos no solo lo conmovi\u00f3 hasta las l\u00e1grimas y lo hizo sangrar en el sentido f\u00edsico y simb\u00f3lico, sino que condens\u00f3 el esp\u00edritu de una banda y su gente dispuestos a seguir adelante, unir pasados y saltar al futuro juntos, a pesar del tiempo y las diferencias.<\/p>\n","protected":false},"excerpt":{"rendered":"Ciro habl\u00f3 de la vuelta de Los Piojos y recitales que hicieron (Video: Perros de la calle-Urbana Play)&hellip;\n","protected":false},"author":2,"featured_media":268281,"comment_status":"","ping_status":"","sticky":false,"template":"","format":"standard","meta":{"footnotes":""},"categories":[170],"tags":[146,147,25,24,184,185,23],"class_list":{"0":"post-268280","1":"post","2":"type-post","3":"status-publish","4":"format-standard","5":"has-post-thumbnail","7":"category-musica","8":"tag-entertainment","9":"tag-entretenimiento","10":"tag-es","11":"tag-espana","12":"tag-music","13":"tag-musica","14":"tag-spain"},"share_on_mastodon":{"url":"https:\/\/pubeurope.com\/@es\/115653350851941554","error":""},"_links":{"self":[{"href":"https:\/\/www.europesays.com\/es\/wp-json\/wp\/v2\/posts\/268280","targetHints":{"allow":["GET"]}}],"collection":[{"href":"https:\/\/www.europesays.com\/es\/wp-json\/wp\/v2\/posts"}],"about":[{"href":"https:\/\/www.europesays.com\/es\/wp-json\/wp\/v2\/types\/post"}],"author":[{"embeddable":true,"href":"https:\/\/www.europesays.com\/es\/wp-json\/wp\/v2\/users\/2"}],"replies":[{"embeddable":true,"href":"https:\/\/www.europesays.com\/es\/wp-json\/wp\/v2\/comments?post=268280"}],"version-history":[{"count":0,"href":"https:\/\/www.europesays.com\/es\/wp-json\/wp\/v2\/posts\/268280\/revisions"}],"wp:featuredmedia":[{"embeddable":true,"href":"https:\/\/www.europesays.com\/es\/wp-json\/wp\/v2\/media\/268281"}],"wp:attachment":[{"href":"https:\/\/www.europesays.com\/es\/wp-json\/wp\/v2\/media?parent=268280"}],"wp:term":[{"taxonomy":"category","embeddable":true,"href":"https:\/\/www.europesays.com\/es\/wp-json\/wp\/v2\/categories?post=268280"},{"taxonomy":"post_tag","embeddable":true,"href":"https:\/\/www.europesays.com\/es\/wp-json\/wp\/v2\/tags?post=268280"}],"curies":[{"name":"wp","href":"https:\/\/api.w.org\/{rel}","templated":true}]}}