{"id":268291,"date":"2025-12-03T02:53:08","date_gmt":"2025-12-03T02:53:08","guid":{"rendered":"https:\/\/www.europesays.com\/es\/268291\/"},"modified":"2025-12-03T02:53:08","modified_gmt":"2025-12-03T02:53:08","slug":"ataques-contra-narcotraficantes-seran-muy-pronto-dw-02-12-2025","status":"publish","type":"post","link":"https:\/\/www.europesays.com\/es\/268291\/","title":{"rendered":"ataques contra narcotraficantes ser\u00e1n \u00abmuy pronto\u00bb \u2013 DW \u2013 02\/12\/2025"},"content":{"rendered":"<p>El presidente de Estados Unidos, <a class=\"internal-link\" href=\"https:\/\/www.dw.com\/es\/donald-trump\/t-19445010\" rel=\"nofollow noopener\" target=\"_blank\">Donald Trump<\/a>, insisti\u00f3 este martes (02.12.2025) en que las operaciones estadounidenses contra c\u00e1rteles del narcotr\u00e1fico comenzar\u00e1n pr\u00f3ximamente y no solo en <a class=\"internal-link\" href=\"https:\/\/www.dw.com\/es\/venezuela\/t-17410652\" rel=\"nofollow noopener\" target=\"_blank\">Venezuela<\/a>.<\/p>\n<p>\u00abEn tierra es mucho m\u00e1s f\u00e1cil. Conocemos las rutas que toman. Lo sabemos todo sobre ellos. Sabemos d\u00f3nde viven. Sabemos d\u00f3nde viven los malos. Y vamos a empezar con eso tambi\u00e9n muy pronto\u00bb, dijo el mandatario a la prensa durante una reuni\u00f3n con su gabinete en la Casa Blanca.<\/p>\n<p>El mandatario ya advirti\u00f3 la semana pasada que sus fuerzas armadas actuar\u00e1n en tierra contra supuestos narcotraficantes venezolanos y advirti\u00f3 a pilotos y aerol\u00edneas que deben <a class=\"internal-link\" href=\"https:\/\/www.dw.com\/es\/trump-advierte-que-el-espacio-a\u00e9reo-de-venezuela-debe-considerarse-cerrado-en-su-totalidad\/a-74950877\" rel=\"nofollow noopener\" target=\"_blank\">considerar el espacio a\u00e9reo venezolano \u00abcerrado en su totalidad\u00bb<\/a>.<\/p>\n<p>Cuando se le pidi\u00f3 que diera m\u00e1s detalles, Trump dijo que se refer\u00eda a pa\u00edses que fabrican y venden fentanilo o coca\u00edna, y dijo que escuch\u00f3 que Colombia produc\u00eda\u00a0coca\u00edna y la vend\u00eda a Estados Unidos. \u00abCualquiera que haga eso y lo venda a nuestro pa\u00eds est\u00e1 sujeto a ataques\u00bb, expres\u00f3.<\/p>\n<p><strong>Venezuela seguir\u00e1 aceptando migrantes deportados<\/strong><\/p>\n<p>El r\u00e9gimen de <a class=\"internal-link\" href=\"https:\/\/www.dw.com\/es\/nicol\u00e1s-maduro\/t-17409336\" rel=\"nofollow noopener\" target=\"_blank\">Nicol\u00e1s Maduro<\/a> indic\u00f3 este martes que reautoriz\u00f3 los vuelos de Estados Unidos para deportar migrantes, d\u00edas despu\u00e9s de haberlos suspendido por la advertencia de Trump sobre el cierre del espacio a\u00e9reo venezolano.<\/p>\n<p>La llegada de aviones estadounidenses con indocumentados venezolanos se mantuvo regularmente, a pesar de la tensi\u00f3n entre ambos pa\u00edses por el <a class=\"internal-link\" href=\"https:\/\/www.dw.com\/es\/de-monroe-a-trump-c\u00f3mo-ee-uu-mantiene-bajo-presi\u00f3n-a-am\u00e9rica-latina\/a-74990339\" rel=\"nofollow noopener\" target=\"_blank\">despliegue militar de Washington en el Caribe<\/a>.<\/p>\n<p>La autoridad aeron\u00e1utica venezolana \u00abrecibi\u00f3 la solicitud del gobierno de los Estados Unidos para reanudar los vuelos de repatriaci\u00f3n de migrantes venezolanos desde ese pa\u00eds hasta Venezuela\u00bb, indic\u00f3 el ministerio de Transporte en un comunicado este martes.<\/p>\n<p>Caracas permitir\u00e1 el ingreso de dos vuelos de la empresa estadounidense Eastern Airlines los mi\u00e9rcoles y viernes.<\/p>\n<p>Unos 75 vuelos con deportados se realizaron este a\u00f1o, con al menos 13.956 venezolanos deportados desde Estados Unidos, seg\u00fan el r\u00e9gimen venezolano.<\/p>\n<p>rr afp\/efe\/ap\/bloomberg<\/p>\n","protected":false},"excerpt":{"rendered":"El presidente de Estados Unidos, Donald Trump, insisti\u00f3 este martes (02.12.2025) en que las operaciones estadounidenses contra c\u00e1rteles&hellip;\n","protected":false},"author":2,"featured_media":261108,"comment_status":"","ping_status":"","sticky":false,"template":"","format":"standard","meta":{"footnotes":""},"categories":[42],"tags":[17,18,13,14,11,61,62,63,64,19,20,9,10,15,16,12,21,22,65,66,67],"class_list":{"0":"post-268291","1":"post","2":"type-post","3":"status-publish","4":"format-standard","5":"has-post-thumbnail","7":"category-internacional","8":"tag-breaking-news","9":"tag-breakingnews","10":"tag-featured-news","11":"tag-featurednews","12":"tag-headlines","13":"tag-internacional","14":"tag-international","15":"tag-international-news","16":"tag-internationalnews","17":"tag-latest-news","18":"tag-latestnews","19":"tag-news","20":"tag-noticias","21":"tag-noticias-destacadas","22":"tag-noticiasdestacadas","23":"tag-titulares","24":"tag-ultimas-noticias","25":"tag-ultimasnoticias","26":"tag-world","27":"tag-world-news","28":"tag-worldnews"},"share_on_mastodon":{"url":"https:\/\/pubeurope.com\/@es\/115653378396137176","error":""},"_links":{"self":[{"href":"https:\/\/www.europesays.com\/es\/wp-json\/wp\/v2\/posts\/268291","targetHints":{"allow":["GET"]}}],"collection":[{"href":"https:\/\/www.europesays.com\/es\/wp-json\/wp\/v2\/posts"}],"about":[{"href":"https:\/\/www.europesays.com\/es\/wp-json\/wp\/v2\/types\/post"}],"author":[{"embeddable":true,"href":"https:\/\/www.europesays.com\/es\/wp-json\/wp\/v2\/users\/2"}],"replies":[{"embeddable":true,"href":"https:\/\/www.europesays.com\/es\/wp-json\/wp\/v2\/comments?post=268291"}],"version-history":[{"count":0,"href":"https:\/\/www.europesays.com\/es\/wp-json\/wp\/v2\/posts\/268291\/revisions"}],"wp:featuredmedia":[{"embeddable":true,"href":"https:\/\/www.europesays.com\/es\/wp-json\/wp\/v2\/media\/261108"}],"wp:attachment":[{"href":"https:\/\/www.europesays.com\/es\/wp-json\/wp\/v2\/media?parent=268291"}],"wp:term":[{"taxonomy":"category","embeddable":true,"href":"https:\/\/www.europesays.com\/es\/wp-json\/wp\/v2\/categories?post=268291"},{"taxonomy":"post_tag","embeddable":true,"href":"https:\/\/www.europesays.com\/es\/wp-json\/wp\/v2\/tags?post=268291"}],"curies":[{"name":"wp","href":"https:\/\/api.w.org\/{rel}","templated":true}]}}