{"id":268301,"date":"2025-12-03T03:08:14","date_gmt":"2025-12-03T03:08:14","guid":{"rendered":"https:\/\/www.europesays.com\/es\/268301\/"},"modified":"2025-12-03T03:08:14","modified_gmt":"2025-12-03T03:08:14","slug":"donde-vive-su-curiosa-forma-de-inspirarse-para-escribir-y-mas","status":"publish","type":"post","link":"https:\/\/www.europesays.com\/es\/268301\/","title":{"rendered":"d\u00f3nde vive, su curiosa forma de inspirarse para escribir y m\u00e1s"},"content":{"rendered":"<p>Est\u00e1n siendo d\u00edas de lo m\u00e1s dulces para <b>Sonsoles \u00d3nega<\/b>, y no porque este pasado domingo haya sido su cumplea\u00f1os. La periodista y presentadora de <b>&#8216;Y ahora Sonsoles&#8217;<\/b> asist\u00eda el pasado jueves a la premier de &#8216;<b>Las hijas de la criada&#8217;<\/b>, nueva producci\u00f3n de Atresplayer. Y es que, si algo tiene de especial la serie, es porque se trata ni m\u00e1s ni menos que de <b>una adaptaci\u00f3n de la novela hom\u00f3nima<\/b> con la que \u00d3nega gan\u00f3 el<b> Premio Planeta<\/b> en 2023.<\/p>\n<p>De cara a la promoci\u00f3n de <b>la ficci\u00f3n de Atresmedia<\/b>, la periodista est\u00e1 apareciendo en los <b>formatos m\u00e1s relevantes<\/b> del momento. En el caso de esta noche, <a title=\"&#039;El Hormiguero&#039;\" href=\"https:\/\/www.larazon.es\/television\/programas\/guillermo-francella-relata-accidente-que-sufrio-antes-rodar-nueva-pelicula-javier-veiga-saltaron-airbags_20251201692e11106e5e5012dcd69044.html\" target=\"_blank\" rel=\"nofollow noopener\">&#8216;El Hormiguero&#8217;<\/a> ser\u00e1 el espacio elegido para comentar un poco <b>el proceso detr\u00e1s de la creaci\u00f3n<\/b> de la serie. Y Sonsoles <b>no lo har\u00e1 sola, ya que le acompa\u00f1ar\u00e1 la actriz Ver\u00f3nica S\u00e1nchez<\/b>, protagonista indiscutible del elenco.<\/p>\n<p>Un hogar funcional<\/p>\n<p>Si bien es muy reservada <b>a la hora de mostrar su casa,<\/b> lo cierto es que los seguidores de \u00d3nega han tenido la oportunidad de ver algunos de los rincones de la residencia <b>gracias a historias y publicaciones puntuales <\/b>en Instagram. En cuanto a la ubicaci\u00f3n de esta, se sabe que <b>se encuentra en una urbanizaci\u00f3n en Majadahonda<\/b>, al noroeste de Madrid.<\/p>\n<p>En el hogar de la periodista tambi\u00e9n viven<b> los dos hijos que tuvo con su actual exmarido<\/b>, el abogado Carlos Pardo. Por ello, la funcionalidad ha sido <b>un aspecto esencial a la hora de decorar cada estancia<\/b> de la residencia. Todos los rincones est\u00e1n caracterizados por <b>implementar tonos c\u00e1lidos y texturas naturales<\/b>, como puede ser la de la madera.<\/p>\n<p><img decoding=\"async\" loading=\"lazy\" src=\"https:\/\/www.europesays.com\/es\/wp-content\/uploads\/2025\/12\/libreria-sonsoles-onega_123.jpg\" alt=\"La librer\u00eda de Sonsoles \u00d3nega\" width=\"1423\" height=\"1536\"\/><b>La librer\u00eda de Sonsoles \u00d3nega<\/b>GTRES<\/p>\n<p>Adem\u00e1s, Sonsoles <b>dispone de una peque\u00f1a oficina<\/b> en su casa. Separada de todo el ruido del hogar, la escritora utiliza esta habitaci\u00f3n para evadirse en su proceso creativo. Para decorarla, dispone de<b> una librer\u00eda de estilo moderno e industrial<\/b>, con un bonito sof\u00e1 de estampado minimalista y <b>un amplio surtido de libros<\/b> en los que sumergirse en su tiempo libre.<\/p>\n<p>\u00bfC\u00f3mo encuentra la inspiraci\u00f3n para sus libros?<\/p>\n<p>A la hora de escribir una novela, el saber elegir las palabras adecuadas es algo m\u00e1s que primordial. Sin embargo, <b>poco importa la destreza si no hay inspiraci\u00f3n<\/b> en ninguna parte. Conseguir &#8216;una visita&#8217; de las musas es algo que requiere paciencia, estar en el sitio adecuado y el momento adecuado de forma simult\u00e1nea. Y para Sonsoles \u00d3nega, <b>ese sitio es el cementerio<\/b>.<\/p>\n<p>Si el camposanto ya aporta de por si <b>una calma y una solemnidad<\/b> innegables, lo cierto es que se trata del <b>lugar perfecto para buscar nombres<\/b> para personajes. A lo largo de la trayectoria literaria de la periodista hemos podido ver c\u00f3mo algunas de sus novelas incluyen nombres de lo m\u00e1s antiguos.<\/p>\n<p><b>Protagonistas inventados<\/b> como Constanza o Mauro (Mil besos prohibidos) o <b>personajes hist\u00f3ricos<\/b> como Federico Escofet (Despu\u00e9s del amor), demuestran el gran potencial que supone recurrir a una \u00e9poca pasada para nutrirse y <b>aportar un granito de arena a la ficci\u00f3n hist\u00f3rica<\/b>, un g\u00e9nero que ha ido ganando cada vez m\u00e1s adeptos.<\/p>\n","protected":false},"excerpt":{"rendered":"Est\u00e1n siendo d\u00edas de lo m\u00e1s dulces para Sonsoles \u00d3nega, y no porque este pasado domingo haya sido&hellip;\n","protected":false},"author":2,"featured_media":268302,"comment_status":"","ping_status":"","sticky":false,"template":"","format":"standard","meta":{"footnotes":""},"categories":[171],"tags":[146,147,25,24,23,214],"class_list":{"0":"post-268301","1":"post","2":"type-post","3":"status-publish","4":"format-standard","5":"has-post-thumbnail","7":"category-tv","8":"tag-entertainment","9":"tag-entretenimiento","10":"tag-es","11":"tag-espana","12":"tag-spain","13":"tag-tv"},"share_on_mastodon":{"url":"https:\/\/pubeurope.com\/@es\/115653437705559338","error":""},"_links":{"self":[{"href":"https:\/\/www.europesays.com\/es\/wp-json\/wp\/v2\/posts\/268301","targetHints":{"allow":["GET"]}}],"collection":[{"href":"https:\/\/www.europesays.com\/es\/wp-json\/wp\/v2\/posts"}],"about":[{"href":"https:\/\/www.europesays.com\/es\/wp-json\/wp\/v2\/types\/post"}],"author":[{"embeddable":true,"href":"https:\/\/www.europesays.com\/es\/wp-json\/wp\/v2\/users\/2"}],"replies":[{"embeddable":true,"href":"https:\/\/www.europesays.com\/es\/wp-json\/wp\/v2\/comments?post=268301"}],"version-history":[{"count":0,"href":"https:\/\/www.europesays.com\/es\/wp-json\/wp\/v2\/posts\/268301\/revisions"}],"wp:featuredmedia":[{"embeddable":true,"href":"https:\/\/www.europesays.com\/es\/wp-json\/wp\/v2\/media\/268302"}],"wp:attachment":[{"href":"https:\/\/www.europesays.com\/es\/wp-json\/wp\/v2\/media?parent=268301"}],"wp:term":[{"taxonomy":"category","embeddable":true,"href":"https:\/\/www.europesays.com\/es\/wp-json\/wp\/v2\/categories?post=268301"},{"taxonomy":"post_tag","embeddable":true,"href":"https:\/\/www.europesays.com\/es\/wp-json\/wp\/v2\/tags?post=268301"}],"curies":[{"name":"wp","href":"https:\/\/api.w.org\/{rel}","templated":true}]}}