{"id":268303,"date":"2025-12-03T03:09:16","date_gmt":"2025-12-03T03:09:16","guid":{"rendered":"https:\/\/www.europesays.com\/es\/268303\/"},"modified":"2025-12-03T03:09:16","modified_gmt":"2025-12-03T03:09:16","slug":"vuelve-legion-dc-metal-hammer-espana","status":"publish","type":"post","link":"https:\/\/www.europesays.com\/es\/268303\/","title":{"rendered":"Vuelve LEGION DC &#8211; Metal Hammer Espa\u00f1a"},"content":{"rendered":"<p>Comunicado Oficial: LEGION DESPU\u00c9S DE CRISTO volvemos<\/p>\n<p>En fecha 11 de noviembre de 2025, el Juzgado de lo Mercantil n\u00ba 1 de Alicante \u2013 Tribunal de Marca de la Uni\u00f3n Europea de Espa\u00f1a, ha dictado un Auto estimando las alegaciones que presentamos los miembros actuales de <strong>LEGION DESPU\u00c9S DE CRISTO<\/strong> y levanta la prohibici\u00f3n provisional de uso del t\u00e9rmino <strong>\u201cLEGION\u201d<\/strong> y otros, por nuestra parte.<\/p>\n<p>El Auto destaca por considerar que la marca <strong>\u201cLEGION\u201d<\/strong> constituye una comunidad de bienes inmaterial, susceptible de explotaci\u00f3n compartida por sus miembros, entre los que se encuentra indudablemente nuestro guitarrista <strong>Quimi Monta\u00f1\u00e9s.<\/strong><\/p>\n<p><img loading=\"lazy\" decoding=\"async\" width=\"710\" height=\"1000\" data-wp-class--hide=\"state.isContentHidden\" data-wp-class--show=\"state.isContentVisible\" data-wp-init=\"callbacks.setButtonStyles\" data-wp-on-async--click=\"actions.showLightbox\" data-wp-on-async--load=\"callbacks.setButtonStyles\" data-wp-on-async-window--resize=\"callbacks.setButtonStyles\" src=\"https:\/\/www.europesays.com\/es\/wp-content\/uploads\/2025\/12\/Legion-sala-wolf.jpg\" alt=\"\" class=\"wp-image-47131\"  \/>    <\/p>\n<p>A efectos estrictamente cautelares, el Juzgado declara que el registro de la marca <strong>LEGION<\/strong> que se est\u00e1 intentando imponer en este procedimiento judicial \u201cpresenta indicios manifiestos de nulidad por mala fe, al haberse efectuado sin consentimiento de otros cotitulares y con una finalidad ajena a los usos honestos del comercio\u201d.<\/p>\n<p>Por nuestra parte, informar que estamos intentando alcanzar un acuerdo para que la marca <strong>LEGION<\/strong> sea compartida por los dos miembros fundadores de la banda. De lo contrario, la marca <strong>LEGION<\/strong> que actualmente est\u00e1 registrada en la <strong>EUIPO<\/strong>, acabar\u00e1 siendo probablemente anulada por la justicia. Por otra parte, en defensa de los miembros actuales de la formaci\u00f3n de esta banda, la marca <strong>LEGION DESPU\u00c9S DE CRISTO<\/strong>, que identifica a la banda en la que se encuentran 3 de los 4 \u00faltimos miembros de <strong>LEGION<\/strong>, est\u00e1 en proceso satisfactorio de registro ante la <strong>OEPM<\/strong>.<\/p>\n<p>\u00abY lo m\u00e1s importante para nosotros es que volvemos, volvemos con m\u00e1s ganas que nunca, con material nuevo y muchas noticias. Estad atentos a nuestras redes porque esto empieza de nuevo y empieza con mucha fuerza!!!!<\/p>\n<p>LEGION DC y Redimoni en Barcelona<\/p>\n<p>De momento, ya os anunciamos que el pr\u00f3ximo 31 de enero de 2026 estaremos en Barcelona, en la sala Wolf. \u00a1Os esperamos a todos! <strong>THRASH FUCKING METAL!!!<\/strong><\/p>\n<p>El acceso est\u00e1 permitido para mayores de 16 a\u00f1os, aunque los menores deber\u00e1n acudir acompa\u00f1ados de un adulto.<\/p>\n","protected":false},"excerpt":{"rendered":"Comunicado Oficial: LEGION DESPU\u00c9S DE CRISTO volvemos En fecha 11 de noviembre de 2025, el Juzgado de lo&hellip;\n","protected":false},"author":2,"featured_media":268304,"comment_status":"","ping_status":"","sticky":false,"template":"","format":"standard","meta":{"footnotes":""},"categories":[170],"tags":[146,147,25,24,66135,184,185,23,66136],"class_list":{"0":"post-268303","1":"post","2":"type-post","3":"status-publish","4":"format-standard","5":"has-post-thumbnail","7":"category-musica","8":"tag-entertainment","9":"tag-entretenimiento","10":"tag-es","11":"tag-espana","12":"tag-legiondc","13":"tag-music","14":"tag-musica","15":"tag-spain","16":"tag-thrashmetal"},"share_on_mastodon":{"url":"https:\/\/pubeurope.com\/@es\/115653441373907387","error":""},"_links":{"self":[{"href":"https:\/\/www.europesays.com\/es\/wp-json\/wp\/v2\/posts\/268303","targetHints":{"allow":["GET"]}}],"collection":[{"href":"https:\/\/www.europesays.com\/es\/wp-json\/wp\/v2\/posts"}],"about":[{"href":"https:\/\/www.europesays.com\/es\/wp-json\/wp\/v2\/types\/post"}],"author":[{"embeddable":true,"href":"https:\/\/www.europesays.com\/es\/wp-json\/wp\/v2\/users\/2"}],"replies":[{"embeddable":true,"href":"https:\/\/www.europesays.com\/es\/wp-json\/wp\/v2\/comments?post=268303"}],"version-history":[{"count":0,"href":"https:\/\/www.europesays.com\/es\/wp-json\/wp\/v2\/posts\/268303\/revisions"}],"wp:featuredmedia":[{"embeddable":true,"href":"https:\/\/www.europesays.com\/es\/wp-json\/wp\/v2\/media\/268304"}],"wp:attachment":[{"href":"https:\/\/www.europesays.com\/es\/wp-json\/wp\/v2\/media?parent=268303"}],"wp:term":[{"taxonomy":"category","embeddable":true,"href":"https:\/\/www.europesays.com\/es\/wp-json\/wp\/v2\/categories?post=268303"},{"taxonomy":"post_tag","embeddable":true,"href":"https:\/\/www.europesays.com\/es\/wp-json\/wp\/v2\/tags?post=268303"}],"curies":[{"name":"wp","href":"https:\/\/api.w.org\/{rel}","templated":true}]}}