{"id":268311,"date":"2025-12-03T03:13:13","date_gmt":"2025-12-03T03:13:13","guid":{"rendered":"https:\/\/www.europesays.com\/es\/268311\/"},"modified":"2025-12-03T03:13:13","modified_gmt":"2025-12-03T03:13:13","slug":"luis-tosar-en-este-pais-tenemos-muchas-heridas-que-curar-pero-hacemos-poco-por-solucionarlo-nos-hemos-acomodado-en-la-trinchera-y-ahi-es-muy-dificil-arreglar-las-cosas","status":"publish","type":"post","link":"https:\/\/www.europesays.com\/es\/268311\/","title":{"rendered":"Luis Tosar: \u00abEn este pa\u00eds tenemos muchas heridas que curar, pero hacemos poco por solucionarlo, nos hemos acomodado en la trinchera, y ah\u00ed es muy dif\u00edcil arreglar las cosas\u00bb"},"content":{"rendered":"<p class=\"articleParagraph\">\u00c9l es, sin duda, uno de los grandes int\u00e9rpretes del cine espa\u00f1ol. Aclamado por la cr\u00edtica y el p\u00fablico, ha levantado hasta en tres ocasiones un Premio Goya. Lo hizo en 2002 \u201cPor los lunes al sol\u201d, en 2003 por \u201cTe doy mis ojos\u201d y en 2009 con \u201cCelda 211\u201d.<\/p>\n<p class=\"articleParagraph\">Su gran talento y su versatilidad le han permitido encarnar personajes que van desde el obrero que lucha por la dignidad, al maltratador que sacude conciencias, el preso convertido en mito o el portero psic\u00f3pata.<\/p>\n<p class=\"articleParagraph\">Con treinta a\u00f1os de carrera y un centenar de pel\u00edculas a sus espaldas, Luis Tosar ha sabido transitar entre el drama social, el thriller psicol\u00f3gico, la comedia y la memoria hist\u00f3rica. Algunos le han calificado como el \u201cactor total\u201d. Ahora, bajo la direcci\u00f3n de Rafael Cobos, protagoniza \u201cGolpes\u201d, un homenaje al cine \u201cquinqui\u201d ambientado en la Espa\u00f1a convulsa de los a\u00f1os 80, en la que da vida a Sabino, un polic\u00eda marcado por la sombra de su padre represaliado y por la fractura con su hermano Migueli, un delincuente al que se ver\u00e1 encargado de detener.<\/p>\n<p class=\"articleParagraph\">Esta trepidante historia sobre memoria y lazos familiares -reflejo de un pa\u00eds de heridas abiertas que a\u00fan busca reconciliaci\u00f3n- llegar\u00e1 a la gran pantalla el pr\u00f3ximo viernes, 5 de diciembre.<\/p>\n<p class=\"articleParagraph\">Luis ha pasado por los micr\u00f3fonos de Onda Cero, para hablar con Jaime Cantizano sobre su \u00faltimo trabajo: \u00abEstoy muy contento porque creo que hemos hecho una pel\u00edcula maravillosa. Trabajar con Rafa Cobos ha sido un hallazgo.\u00bb<\/p>\n<p class=\"articleParagraph\">Trabajo, capitaneado por Rafa Cobos, del que habla as\u00ed el actor gallego: \u00abDebutaba como director, pero francamente no lo parec\u00eda, porque es verdad que tiene mucha, mucha experiencia como coguionista, sobre todo trabajando con Alberto Rodr\u00edguez mano a mano desde hace muchos a\u00f1os. Y es verdad que esta es la primera vez que se pone detr\u00e1s de las c\u00e1maras como director, pero vamos, que creo que ten\u00eda todas las habilidades necesarias habidas y por haber y adem\u00e1s una sensibilidad yo creo que muy especial, que le ha hecho construir una pel\u00edcula que tiene aparente apariencia de cine quinqui y de thriller de todo lo que t\u00fa quieras, pero es otra cosa.\u00bb<\/p>\n<p class=\"articleParagraph\">Meti\u00e9ndose de lleno en la conversaci\u00f3n sobre la pel\u00edcula, Luis tiene claro, muy claro, que ocurre con Sabino, su personaje en esta pel\u00edcula: \u00abA Sabino le han pasado unas cuantas cosas. De todo. El pobre, ya de ni\u00f1o ve como le dan el pase\u00edllo a su pap\u00e1 represaliado por el r\u00e9gimen. Y crece con eso y adem\u00e1s con la responsabilidad de tener que hacerse cargo de su hermano m\u00e1s peque\u00f1o. Eso hace que finalmente acabe desembocando en convertirse en polic\u00eda Nacional, Polic\u00eda Nacional durante el franquismo y en el momento en el que transcurre la pel\u00edcula. Este se\u00f1or es un se\u00f1or que se ha construido como ha podido con esas circunstancias y con las pocas habilidades sociales que seguramente ten\u00eda, como muchos hombres de la \u00e9poca.\u00bb<\/p>\n","protected":false},"excerpt":{"rendered":"\u00c9l es, sin duda, uno de los grandes int\u00e9rpretes del cine espa\u00f1ol. Aclamado por la cr\u00edtica y el&hellip;\n","protected":false},"author":2,"featured_media":268312,"comment_status":"","ping_status":"","sticky":false,"template":"","format":"standard","meta":{"footnotes":""},"categories":[91],"tags":[146,147,25,24,23],"class_list":{"0":"post-268311","1":"post","2":"type-post","3":"status-publish","4":"format-standard","5":"has-post-thumbnail","7":"category-entretenimiento","8":"tag-entertainment","9":"tag-entretenimiento","10":"tag-es","11":"tag-espana","12":"tag-spain"},"share_on_mastodon":{"url":"https:\/\/pubeurope.com\/@es\/115653457043212772","error":""},"_links":{"self":[{"href":"https:\/\/www.europesays.com\/es\/wp-json\/wp\/v2\/posts\/268311","targetHints":{"allow":["GET"]}}],"collection":[{"href":"https:\/\/www.europesays.com\/es\/wp-json\/wp\/v2\/posts"}],"about":[{"href":"https:\/\/www.europesays.com\/es\/wp-json\/wp\/v2\/types\/post"}],"author":[{"embeddable":true,"href":"https:\/\/www.europesays.com\/es\/wp-json\/wp\/v2\/users\/2"}],"replies":[{"embeddable":true,"href":"https:\/\/www.europesays.com\/es\/wp-json\/wp\/v2\/comments?post=268311"}],"version-history":[{"count":0,"href":"https:\/\/www.europesays.com\/es\/wp-json\/wp\/v2\/posts\/268311\/revisions"}],"wp:featuredmedia":[{"embeddable":true,"href":"https:\/\/www.europesays.com\/es\/wp-json\/wp\/v2\/media\/268312"}],"wp:attachment":[{"href":"https:\/\/www.europesays.com\/es\/wp-json\/wp\/v2\/media?parent=268311"}],"wp:term":[{"taxonomy":"category","embeddable":true,"href":"https:\/\/www.europesays.com\/es\/wp-json\/wp\/v2\/categories?post=268311"},{"taxonomy":"post_tag","embeddable":true,"href":"https:\/\/www.europesays.com\/es\/wp-json\/wp\/v2\/tags?post=268311"}],"curies":[{"name":"wp","href":"https:\/\/api.w.org\/{rel}","templated":true}]}}