{"id":268314,"date":"2025-12-03T03:15:20","date_gmt":"2025-12-03T03:15:20","guid":{"rendered":"https:\/\/www.europesays.com\/es\/268314\/"},"modified":"2025-12-03T03:15:20","modified_gmt":"2025-12-03T03:15:20","slug":"negocia-la-compra-de-mediapro-a-precio-de-derribo-por-su-grave-crisis-financiera","status":"publish","type":"post","link":"https:\/\/www.europesays.com\/es\/268314\/","title":{"rendered":"negocia la compra de Mediapro a precio de derribo por su grave crisis financiera"},"content":{"rendered":"<p><a href=\"https:\/\/www.economiadigital.es\/empresas\/el-pais-adquiere-documental-sanchez-nadie-comprar.html\" rel=\"nofollow noopener\" target=\"_blank\">La productora espa\u00f1ola Mediapro<\/a> vive uno de sus momentos m\u00e1s convulsos. En apenas unos meses, seg\u00fan ven\u00edan advirtiendo medios como El Confidencial, una sucesi\u00f3n de golpes a su negocio <strong>han precipitado una reestructuraci\u00f3n dr\u00e1stica<\/strong> y han puesto en el aire su viabilidad como actor dominante en el sector.<\/p>\n<p>El pasado 14 de abril de 2025, LaLiga anunci\u00f3 que, tras un proceso de licitaci\u00f3n iniciado en septiembre de 2024, repartir\u00eda su producci\u00f3n audiovisual entre <strong>HBS y Telef\u00f3nica Servicios Audiovisuales,<\/strong> poniendo fin a una relaci\u00f3n casi ininterrumpida con Mediapro que se prolongaba ya m\u00e1s de una d\u00e9cada.<\/p>\n<p>Mediapro reaccion\u00f3 con dureza. En declaraciones a Europa Press, calific\u00f3 la decisi\u00f3n de no contar con \u201cbase objetiva\u201d y anunci\u00f3 que evaluaba impugnar la adjudicaci\u00f3n. Asegur\u00f3 <strong>haber presentado una oferta<\/strong> \u201cecon\u00f3mica y t\u00e9cnica\u201d superior, lo que agrava el descontento ante lo que considera una decisi\u00f3n arbitraria. Esta decisi\u00f3n no fue un mero rev\u00e9s contractual. Marc\u00f3 el inicio de una crisis financiera y operativa cuya magnitud a\u00fan sorprende al sector.<\/p>\n<p><strong>P\u00e9rdidas, recortes y ERE: la radiograf\u00eda de la crisis de Mediapro<\/strong><\/p>\n<p>En su balance de 2024, seg\u00fan CatalunyaPress, Mediapro registr\u00f3 unas p\u00e9rdidas que rondaron los 72 millones de euros, seg\u00fan han confirmado fuentes internas. Ante <strong>un escenario de ingresos cada vez m\u00e1s fr\u00e1giles<\/strong> la productora ha optado por un ajuste radical. La implementaci\u00f3n de un Expediente de Regulaci\u00f3n de Empleo (ERE) que <a href=\"https:\/\/www.mediapro.tv\/\" target=\"_blank\" rel=\"noopener nofollow\">afectar\u00e1 a m\u00e1s de 1.000 trabajadores<\/a>, aproximadamente un 14 % de su plantilla. <\/p>\n<p>El golpe no es s\u00f3lo laboral. Mediapro planea vender parte de su flota de unidades m\u00f3viles, una de las mayores de Europa, y cerrar o reorientar negocios menos rentables. Seg\u00fan El Confidencial, se trata de una maniobra desesperada, pero tambi\u00e9n dolorosa, que busca reducir costes ante un mercado que ha dejado de <strong>garantizar contratos estables<\/strong>. Para muchos empleados, el futuro es incierto. Los sindicatos mayoritarios del sector audiovisual, CCOO y UGT, han denunciado la situaci\u00f3n y llegaron incluso a convocar huelgas tras conocerse la p\u00e9rdida del contrato con LaLiga tal y como desvel\u00f3 El Triangle.<\/p>\n<p><strong>El inter\u00e9s de Secuoya Content Group en Mediapro<\/strong><\/p>\n<p>La debacle de Mediapro ha despertado <strong>el inter\u00e9s de competidores<\/strong>. Tal es el caso de Secuoya Content Group, que ya ha iniciado conversaciones para adquirir la productora catalana. Seg\u00fan CatalunyaPress, la propuesta rondar\u00eda los 700 millones de euros. Una cifra considerada \u201cprecio de derribo\u201d dada la magnitud del pasivo y la p\u00e9rdida de ingresos recurrentes. <\/p>\n<p>El contexto lo hace todo a\u00fan m\u00e1s dram\u00e1tico. Europa Press avanzaba que Mediapro, controlada ahora por fondos chinos, a trav\u00e9s de Southwind Media Capital), ve c\u00f3mo <strong>su deuda ronda los 500-600 millones de euros<\/strong>, con su calificaci\u00f3n rebajada y un riesgo creciente de impago. Aunque a\u00fan no hay una oferta formal vinculante, la posibilidad de una venta convierte este momento en un punto de inflexi\u00f3n para el ecosistema audiovisual en Espa\u00f1a. Si la operaci\u00f3n fructifica, representar\u00e1 el relevo real de la antigua hegemon\u00eda de Mediapro.<\/p>\n<p><img loading=\"lazy\" decoding=\"async\" width=\"1024\" height=\"576\" src=\"data:image\/svg+xml,%3Csvg%20xmlns=\" http:=\"\" alt=\"El fundador de Mediapro, Jaume Roures \/ EFE\" class=\"wp-image-122987\" data-lazy- data-lazy- data-lazy-src=\"https:\/\/www.europesays.com\/es\/wp-content\/uploads\/2025\/12\/tv3-jaume-roures-1024x576.jpeg\"\/>El fundador de Mediapro, Jaume Roures \/ EFE<\/p>\n<p><strong>Una d\u00e9cada de hegemon\u00eda rota: claves del declive<\/strong><\/p>\n<p>Para comprender lo que ha ocurrido conviene mirar atr\u00e1s. Durante a\u00f1os, Mediapro fue la piedra angular de la producci\u00f3n audiovisual del f\u00fatbol espa\u00f1ol. No solo como proveedor de emisi\u00f3n, sino tambi\u00e9n <strong>como responsable de c\u00e1maras<\/strong>, unidades m\u00f3viles, realizaci\u00f3n, sonido, narraci\u00f3n y todo el engranaje t\u00e9cnico. Esa posici\u00f3n le permit\u00eda obtener ingresos estables y apostar por la expansi\u00f3n internacional.<\/p>\n<p>Sin embargo, varias decisiones estrat\u00e9gicas resultaron err\u00f3neas. CatalunyaPress se hac\u00eda eco de algunas de ellas as\u00ed como la p\u00e9rdida progresiva de <strong>derechos de campeonatos internacionales<\/strong>, una apuesta fuerte por los eSports que no rindi\u00f3 los frutos esperados, y una estructura de costes que depend\u00eda de flotas f\u00edsicas y un amplio personal t\u00e9cnico. <\/p>\n<p>La decisi\u00f3n de LaLiga de <strong>abrir la producci\u00f3n a licitaci\u00f3n<\/strong> termin\u00f3 por desencadenar la crisis seg\u00fan El Confidencial. Para muchos analistas, aquello fue el detonante l\u00f3gico. Sin LaLiga, sin contrato estable, Mediapro quedaba expuesta al colapso.<\/p>\n<p><strong>El futuro que le espera a Mediapro<\/strong><\/p>\n<p>Mediapro se encuentra hoy en un limbo. Seg\u00fan Europa Press, con una plantilla reducida, activos en venta, sin su principal cliente en el f\u00fatbol espa\u00f1ol y con la posibilidad real de desaparecer como actor dominante si finalmente se materializa su compra por parte de Secuoya. Esta crisis, seg\u00fan El Espa\u00f1ol, tambi\u00e9n <strong>supone una oportunidad para el sector<\/strong>: una reconfiguraci\u00f3n profunda en la producci\u00f3n audiovisual con nuevos actores, nuevos modelos de negocio y posiblemente, una apuesta acelerada por tecnolog\u00edas m\u00e1s ligeras y rentables.<\/p>\n<p>Para Mediapro, todo depende ahora de si logra reinventarse, salir del pozo financiero y recuperar relevancia. Unos hitos que destapaba el rotativo de CatalunyaPress. Si fracasa, ser\u00e1 tambi\u00e9n<strong> una advertencia para otras grandes productoras<\/strong>. En un mercado de derechos cada vez m\u00e1s competitivo y fragmentado, la hegemon\u00eda puede durar menos de lo que se imagina. Este giro en la historia de Mediapro no s\u00f3lo marca el final de un ciclo, sino que puede ser tambi\u00e9n el inicio de una nueva era en el audiovisual deportivo en Espa\u00f1a.<\/p>\n","protected":false},"excerpt":{"rendered":"La productora espa\u00f1ola Mediapro vive uno de sus momentos m\u00e1s convulsos. En apenas unos meses, seg\u00fan ven\u00edan advirtiendo&hellip;\n","protected":false},"author":2,"featured_media":268315,"comment_status":"","ping_status":"","sticky":false,"template":"","format":"standard","meta":{"footnotes":""},"categories":[80],"tags":[82,95,94,25,24,29348,23],"class_list":{"0":"post-268314","1":"post","2":"type-post","3":"status-publish","4":"format-standard","5":"has-post-thumbnail","7":"category-economia","8":"tag-business","9":"tag-economia","10":"tag-economy","11":"tag-es","12":"tag-espana","13":"tag-mediapro","14":"tag-spain"},"share_on_mastodon":{"url":"https:\/\/pubeurope.com\/@es\/115653465041678820","error":""},"_links":{"self":[{"href":"https:\/\/www.europesays.com\/es\/wp-json\/wp\/v2\/posts\/268314","targetHints":{"allow":["GET"]}}],"collection":[{"href":"https:\/\/www.europesays.com\/es\/wp-json\/wp\/v2\/posts"}],"about":[{"href":"https:\/\/www.europesays.com\/es\/wp-json\/wp\/v2\/types\/post"}],"author":[{"embeddable":true,"href":"https:\/\/www.europesays.com\/es\/wp-json\/wp\/v2\/users\/2"}],"replies":[{"embeddable":true,"href":"https:\/\/www.europesays.com\/es\/wp-json\/wp\/v2\/comments?post=268314"}],"version-history":[{"count":0,"href":"https:\/\/www.europesays.com\/es\/wp-json\/wp\/v2\/posts\/268314\/revisions"}],"wp:featuredmedia":[{"embeddable":true,"href":"https:\/\/www.europesays.com\/es\/wp-json\/wp\/v2\/media\/268315"}],"wp:attachment":[{"href":"https:\/\/www.europesays.com\/es\/wp-json\/wp\/v2\/media?parent=268314"}],"wp:term":[{"taxonomy":"category","embeddable":true,"href":"https:\/\/www.europesays.com\/es\/wp-json\/wp\/v2\/categories?post=268314"},{"taxonomy":"post_tag","embeddable":true,"href":"https:\/\/www.europesays.com\/es\/wp-json\/wp\/v2\/tags?post=268314"}],"curies":[{"name":"wp","href":"https:\/\/api.w.org\/{rel}","templated":true}]}}