{"id":268316,"date":"2025-12-03T03:16:10","date_gmt":"2025-12-03T03:16:10","guid":{"rendered":"https:\/\/www.europesays.com\/es\/268316\/"},"modified":"2025-12-03T03:16:10","modified_gmt":"2025-12-03T03:16:10","slug":"la-faceta-mas-intima-del-papa-leon-de-su-jubilacion-fallida-a-lo-que-penso-antes-de-su-eleccion-en-el-conclave","status":"publish","type":"post","link":"https:\/\/www.europesays.com\/es\/268316\/","title":{"rendered":"La faceta m\u00e1s \u00edntima del papa Le\u00f3n: de su jubilaci\u00f3n fallida a lo que pens\u00f3 antes de su elecci\u00f3n en el c\u00f3nclave"},"content":{"rendered":"<p class=\"com-paragraph  --capital --s\">A BORDO DEL VUELO PAPAL.- El reservado <strong>Robert Francis Prevost mostr\u00f3 tambi\u00e9n una faceta m\u00e1s \u00edntima<\/strong> <a href=\"https:\/\/www.lanacion.com.ar\/el-mundo\/en-plena-tension-el-papa-leon-xiv-llamo-a-eeuu-a-evitar-el-uso-de-la-fuerza-en-venezuela-es-mejor-nid02122025\/\" target=\"_self\" title=\"https:\/\/www.lanacion.com.ar\/el-mundo\/en-plena-tension-el-papa-leon-xiv-llamo-a-eeuu-a-evitar-el-uso-de-la-fuerza-en-venezuela-es-mejor-nid02122025\/\" class=\"com-link break-word\" data-mrf-recirculation=\"n_link_parrafo\" rel=\"nofollow noopener\">en su primera conferencia de prensa en pleno vuelo<\/a>, en la que pas\u00f3 del ingl\u00e9s al italiano y al espa\u00f1ol con total naturalidad.<\/p>\n<p class=\"com-paragraph   --s\">Cuando <strong>Cindy Wooden<\/strong>, compatriota y veterana vaticanista de Catholic News Service -que hac\u00eda su \u00faltimo vuelo papal porque ya se jubila-, le pregunt\u00f3 qu\u00e9 sinti\u00f3 <a href=\"https:\/\/www.lanacion.com.ar\/el-mundo\/las-claves-del-primer-viaje-internacional-de-leon-xiv-al-libano-mensajes-gestos-y-lo-que-revela-nid02122025\/\" target=\"_self\" title=\"https:\/\/www.lanacion.com.ar\/el-mundo\/las-claves-del-primer-viaje-internacional-de-leon-xiv-al-libano-mensajes-gestos-y-lo-que-revela-nid02122025\/\" class=\"com-link break-word\" data-mrf-recirculation=\"n_link_parrafo\" rel=\"nofollow noopener\">cuando lleg\u00f3 el lunes pasado al santuario mariano liban\u00e9s de <strong>Harissa<\/strong><\/a>, donde fue recibido con un fervor impresionante y ovacionado y pareci\u00f3 tener en su cara una expresi\u00f3n de sorpresa; y qu\u00e9 sinti\u00f3 cuando en el c\u00f3nclave se dio cuenta que ya estaban por elegirlo, <strong>revel\u00f3 detalles desconocidos de su personalidad<\/strong>.<\/p>\n<p>El papa Le\u00f3n XIV habla con los reporteros a bordo de un avi\u00f3n mientras regresa de una visita de seis d\u00edas a Turqu\u00eda y L\u00edbano, el martes 2 de diciembre de 2025Alessandro Di Meo  &#8211; ANSA Pool Photo <\/p>\n<p class=\"com-paragraph   --s\">\u201cBueno, <strong>mi primer comentario es que hace solo uno o dos a\u00f1os yo tambi\u00e9n pensaba en jubilarme<\/strong> alg\u00fan d\u00eda. Evidentemente, usted ha recibido este regalo, mientras que <strong>algunos de nosotros seguiremos trabajando<\/strong>\u201d, brome\u00f3.<\/p>\n<p class=\"com-paragraph   --s\">\u201cEn cuanto al c\u00f3nclave, creo firmemente en el secreto del c\u00f3nclave, aunque s\u00e9 que ha habido entrevistas p\u00fablicas en las que se han revelado algunas cosas\u201d, sum\u00f3. Y record\u00f3 que el d\u00eda antes de ser elegido, <a href=\"https:\/\/www.lanacion.com.ar\/el-mundo\/fumata-blanca-los-cardenales-eligieron-al-proximo-papa-en-la-cuarta-votacion-del-conclave-nid08052025\/\" target=\"_self\" title=\"https:\/\/www.lanacion.com.ar\/el-mundo\/fumata-blanca-los-cardenales-eligieron-al-proximo-papa-en-la-cuarta-votacion-del-conclave-nid08052025\/\" class=\"com-link break-word\" data-mrf-recirculation=\"n_link_parrafo\" rel=\"nofollow noopener\">cuando una periodista lo par\u00f3 por la calle para decirle que \u00e9l se hab\u00eda convertido en un candidato <\/a>y le pregunt\u00f3 qu\u00e9 pensaba al respecto, \u00e9l le respondi\u00f3: <strong>\u201cTodo est\u00e1 en manos de Dios\u201d<\/strong>.<\/p>\n<p>El papa Le\u00f3n XIV saluda al partir del Aeropuerto Internacional de Beirut el 2 de diciembre de 2025IBRAHIM AMRO  &#8211; AFP <\/p>\n<p class=\"com-paragraph   --s\">\u201cY lo creo profundamente. Uno de ustedes, que es periodista alem\u00e1n, me dijo aqu\u00ed el otro d\u00eda: \u2018D\u00edgame un libro, adem\u00e1s de San Agust\u00edn, que podamos leer para entender qui\u00e9n es Prevost\u2019. <strong>Hay muchos, pero uno de ellos es un libro que se llama <\/strong><strong>\u2018La pr\u00e1ctica de la presencia de Dios\u2019<\/strong>. Es un libro muy sencillo, de alguien que ni siquiera firma con su apellido, el hermano Lawrence, escrito hace muchos a\u00f1os. Pero describe un tipo de oraci\u00f3n y espiritualidad en la que <strong>uno simplemente entrega su vida al Se\u00f1or y permite que el Se\u00f1or lo gu\u00ede<\/strong>\u201d, revel\u00f3. <\/p>\n<p class=\"com-paragraph   --s\">\u201cSi quieren saber algo sobre m\u00ed, sobre lo que ha sido mi espiritualidad durante muchos a\u00f1os, en medio de grandes desaf\u00edos, viviendo en Per\u00fa durante los a\u00f1os del terrorismo, siendo llamado al servicio en lugares en los que nunca pens\u00e9 que ser\u00eda llamado a servir\u2026 <strong>Conf\u00edo en Dios y este mensaje es algo que comparto con todas las personas<\/strong>\u201d, a\u00f1adi\u00f3.<\/p>\n<p>El papa Le\u00f3n XIV saluda a los fieles mientras llega en el papam\u00f3vil para una misa en la zona costera de Beirut el 2 de diciembre de 2025GIUSEPPE CACACE  &#8211; AFP <\/p>\n<p class=\"com-paragraph   --s\">Y revel\u00f3, entonces, qu\u00e9 pas\u00f3 en la Capilla Sixtina: \u201c\u00bfC\u00f3mo fue? <a href=\"https:\/\/www.lanacion.com.ar\/el-mundo\/resultado-del-conclave-2025-hoy-como-va-la-eleccion-del-nuevo-papa-nid08052025\/\" target=\"_self\" title=\"https:\/\/www.lanacion.com.ar\/el-mundo\/resultado-del-conclave-2025-hoy-como-va-la-eleccion-del-nuevo-papa-nid08052025\/\" class=\"com-link break-word\" data-mrf-recirculation=\"n_link_parrafo\" rel=\"nofollow noopener\">Me rend\u00ed cuando vi c\u00f3mo iban las cosas y dije que esto podr\u00eda hacerse realidad<\/a>. Respir\u00e9 hondo y dije: <strong>\u2018Aqu\u00ed estamos, Se\u00f1or, t\u00fa eres el jefe, t\u00fa gu\u00edas el camino\u2019<\/strong>\u201d.<\/p>\n<p>2 de diciembre de 2025, L\u00edbano, Beirut: Una monja participa en una plegaria masiva en Beirut a la que asisti\u00f3 el papa Le\u00f3n XIV al final de su visita al L\u00edbanoMarwan Naamani  &#8211; dpa <\/p>\n<p class=\"com-paragraph   --s\">Por otro lado, dijo que no sab\u00eda si hab\u00eda dicho \u201cwow\u201d en Harissa, donde se lo vio muy emocionado por c\u00f3mo lo vivaban. Y puntualiz\u00f3: \u201cen el sentido de que mi rostro es muy expresivo, <strong>pero a menudo me divierte c\u00f3mo los periodistas interpretan mi rostro<\/strong>. Es interesante, a veces saco grandes ideas de ustedes, porque creen que pueden leer mis pensamientos o mi rostro\u201d. <\/p>\n<p class=\"com-paragraph   --s\"><strong>\u201cNo siempre tienen raz\u00f3n\u201d, <\/strong>advirti\u00f3, al recordar que estuvo en el Jubileo de los J\u00f3venes, en agosto pasado, cuando hab\u00eda m\u00e1s de un mill\u00f3n de j\u00f3venes, muchas m\u00e1s que en el L\u00edbano.<\/p>\n<p class=\"com-paragraph   --s\">\u201cAnoche hab\u00eda una peque\u00f1a multitud. Para m\u00ed siempre es maravilloso. Pienso para m\u00ed mismo: \u2018Estas personas est\u00e1n aqu\u00ed porque quieren ver al Papa\u2019, pero luego me digo: \u2018Est\u00e1n aqu\u00ed porque quieren ver a Jesucristo\u2019 y quieren ver a un mensajero de paz, especialmente en este caso. Por lo tanto, <strong>solo sentir su entusiasmo y escuchar su respuesta a ese mensaje es impresionante<\/strong>. Solo espero no cansarme nunca de apreciar todo lo que estos j\u00f3venes est\u00e1n mostrando\u201d, agreg\u00f3.<\/p>\n","protected":false},"excerpt":{"rendered":"A BORDO DEL VUELO PAPAL.- El reservado Robert Francis Prevost mostr\u00f3 tambi\u00e9n una faceta m\u00e1s \u00edntima en su&hellip;\n","protected":false},"author":2,"featured_media":268317,"comment_status":"","ping_status":"","sticky":false,"template":"","format":"standard","meta":{"footnotes":""},"categories":[42],"tags":[17,18,13,14,11,408,61,62,63,64,19,20,9,10,15,16,88,12,21,22,65,66,67],"class_list":{"0":"post-268316","1":"post","2":"type-post","3":"status-publish","4":"format-standard","5":"has-post-thumbnail","7":"category-internacional","8":"tag-breaking-news","9":"tag-breakingnews","10":"tag-featured-news","11":"tag-featurednews","12":"tag-headlines","13":"tag-horizontal","14":"tag-internacional","15":"tag-international","16":"tag-international-news","17":"tag-internationalnews","18":"tag-latest-news","19":"tag-latestnews","20":"tag-news","21":"tag-noticias","22":"tag-noticias-destacadas","23":"tag-noticiasdestacadas","24":"tag-politics","25":"tag-titulares","26":"tag-ultimas-noticias","27":"tag-ultimasnoticias","28":"tag-world","29":"tag-world-news","30":"tag-worldnews"},"share_on_mastodon":{"url":"https:\/\/pubeurope.com\/@es\/115653468783431088","error":""},"_links":{"self":[{"href":"https:\/\/www.europesays.com\/es\/wp-json\/wp\/v2\/posts\/268316","targetHints":{"allow":["GET"]}}],"collection":[{"href":"https:\/\/www.europesays.com\/es\/wp-json\/wp\/v2\/posts"}],"about":[{"href":"https:\/\/www.europesays.com\/es\/wp-json\/wp\/v2\/types\/post"}],"author":[{"embeddable":true,"href":"https:\/\/www.europesays.com\/es\/wp-json\/wp\/v2\/users\/2"}],"replies":[{"embeddable":true,"href":"https:\/\/www.europesays.com\/es\/wp-json\/wp\/v2\/comments?post=268316"}],"version-history":[{"count":0,"href":"https:\/\/www.europesays.com\/es\/wp-json\/wp\/v2\/posts\/268316\/revisions"}],"wp:featuredmedia":[{"embeddable":true,"href":"https:\/\/www.europesays.com\/es\/wp-json\/wp\/v2\/media\/268317"}],"wp:attachment":[{"href":"https:\/\/www.europesays.com\/es\/wp-json\/wp\/v2\/media?parent=268316"}],"wp:term":[{"taxonomy":"category","embeddable":true,"href":"https:\/\/www.europesays.com\/es\/wp-json\/wp\/v2\/categories?post=268316"},{"taxonomy":"post_tag","embeddable":true,"href":"https:\/\/www.europesays.com\/es\/wp-json\/wp\/v2\/tags?post=268316"}],"curies":[{"name":"wp","href":"https:\/\/api.w.org\/{rel}","templated":true}]}}