{"id":268318,"date":"2025-12-03T03:17:09","date_gmt":"2025-12-03T03:17:09","guid":{"rendered":"https:\/\/www.europesays.com\/es\/268318\/"},"modified":"2025-12-03T03:17:09","modified_gmt":"2025-12-03T03:17:09","slug":"rtve-y-la-agencia-efe-firman-un-acuerdo-de-colaboracion","status":"publish","type":"post","link":"https:\/\/www.europesays.com\/es\/268318\/","title":{"rendered":"RTVE y la Agencia EFE firman un acuerdo de colaboraci\u00f3n"},"content":{"rendered":"<p style=\"text-align:justify;\">El presidente de RTVE, <strong>Jos\u00e9 Pablo L\u00f3pez<\/strong>, y el presidente de la agencia EFE, <strong>Miguel \u00c1ngel Oliver<\/strong>, han firmado este martes en Torrespa\u00f1a un acuerdo marco de colaboraci\u00f3n para unir la experiencia y recursos de ambas instituciones con el fin de desarrollar proyectos e iniciativas conjuntas en el \u00e1mbito period\u00edstico. El acuerdo apuesta por poner en marcha nuevos formatos, canales y plataformas; potenciar las marcas RTVE y EFE como generadoras de contenido informativo; generar sinergias estrat\u00e9gicas y optimizar la estructura internacional de las dos corporaciones.<\/p>\n<p style=\"text-align:justify;\"><strong>Jos\u00e9 Pablo L\u00f3pez<\/strong> ha destacado la importancia del acuerdo, cuya firma coincide con el primer aniversario de la toma de posesi\u00f3n del nuevo Consejo de Administraci\u00f3n de RTVE y ha recordado que en su primera comparecencia ya avanz\u00f3 que buscar sinergias con EFE estar\u00eda entre los objetivos de la nueva etapa. Ha subrayado que el acuerdo \u201csupone la colaboraci\u00f3n de las dos mayores redacciones de profesionales de la informaci\u00f3n de este pa\u00eds. EFE es la principal agencia noticias en espa\u00f1ol del mundo y RTVE esta trabajando por recuperar el liderazgo que nunca debi\u00f3 perder en la tv en abierto\u201d. \u201cAdem\u00e1s somos dos medios p\u00fablicos y esa colaboraci\u00f3n es muy necesaria en un momento en que las amenazas contra los medios p\u00fablicos est\u00e1n a la orden del d\u00eda\u201d. \u201cTodo lo que sea trabar alianzas entre medios p\u00fablicos y trabajar en com\u00fan para ofrecer el mejor contenido a los ciudadanos es muy importante\u201d, ha remarcado.<\/p>\n<p style=\"text-align:justify;\">Por su parte, <strong>Miguel \u00c1ngel Oliver<\/strong> ha subrayado que \u201cestamos uniendo fuerzas para amplificar la capacidad de servicio p\u00fablico\u201d. \u201cSomos servidores de la informaci\u00f3n veraz y queremos ser grandes en la causa del servicio publico. Para EFE, con 86 a\u00f1os de trayectoria, es motivo de orgullo ser grandes al lado de los m\u00e1s grandes y nos enorgullece firmar este convenio de dos grupos fundamentales para la informaci\u00f3n en nuestro pa\u00eds. Estar al lado de RTVE es una alianza de rendimiento seguro\u201d, ha remarcado.<\/p>\n<p style=\"text-align:justify;\"><strong>Pep Vilar<\/strong>, director de Expansi\u00f3n Audiovisual de RTVE, ha desgranado los principales pilares del acuerdo: \u201cCrear un foro de debate con el sello RTVE EFE; apostar por grandes reportajes y la producci\u00f3n propia; mayor coordinaci\u00f3n de la estructura internacional de ambos y trabajar conjuntamente en el \u00e1mbito de la verificaci\u00f3n\u201d. \u201cCalidad en la oferta period\u00edstica, servicio p\u00fablico y reforzar la marca de las dos empresas de comunicaci\u00f3n m\u00e1s potentes de este pa\u00eds\u201d, ha resumido.<\/p>\n<p>Compromisos del acuerdo <\/p>\n<p style=\"text-align:justify;\">En virtud del acuerdo, RTVE y la Agencia EFE se comprometen a impulsar todo tipo de iniciativas para <strong>reforzar las marcas RTVE y EFE como generadoras de contenidos informativos de alta calidad y prestigio<\/strong> y visibilizar alianza estrat\u00e9gica de ambas instituciones.<\/p>\n<p style=\"text-align:justify;\"> Adem\u00e1s, se comprometen a <strong>convocar eventos informativos, de car\u00e1cter peri\u00f3dico y en diferentes formatos,<\/strong> con los principales protagonistas de la actualidad pol\u00edtica, econ\u00f3mica, judicial, social, cultural, cient\u00edfica, deportiva o de cualquier otra disciplina, tanto de \u00e1mbito nacional como internacional.<\/p>\n<p style=\"text-align:justify;\">El acuerdo de colaboraci\u00f3n se compromete adem\u00e1s a <strong>desarrollar nuevos productos informativos en formato v\u00eddeo y\/o audio basados en el periodismo de investigaci\u00f3n y de contexto<\/strong>, con especial foco en tem\u00e1ticas de inter\u00e9s para los <strong>mercados espa\u00f1ol y latinoamericano<\/strong>.  <\/p>\n<p style=\"text-align:justify;\">Tambi\u00e9n se incluye el compromiso de <strong>generar proyectos conjuntos en el \u00e1mbito de la verificaci\u00f3n informativa<\/strong>, en cumplimiento del compromiso con la informaci\u00f3n veraz de las dos corporaciones, en su condici\u00f3n de servicio p\u00fablico esencial.<\/p>\n<p style=\"text-align:justify;\">Otro de los puntos recoge la posibilidad de estudiar posibles colaboraciones adicionales en el \u00e1mbito de la<strong> producci\u00f3n, coproducci\u00f3n y difusi\u00f3n de contenidos informativos audiovisuales<\/strong>, con especial inter\u00e9s en <strong>Am\u00e9rica Latina.<\/strong><\/p>\n<p>El convenio tendr\u00e1 vigencia de <strong>cuatro a\u00f1os<\/strong> y podr\u00e1 ser prorrogado por un per\u00edodo de  cuatro a\u00f1os adicionales.<\/p>\n","protected":false},"excerpt":{"rendered":"El presidente de RTVE, Jos\u00e9 Pablo L\u00f3pez, y el presidente de la agencia EFE, Miguel \u00c1ngel Oliver, han&hellip;\n","protected":false},"author":2,"featured_media":268319,"comment_status":"","ping_status":"","sticky":false,"template":"","format":"standard","meta":{"footnotes":""},"categories":[8],"tags":[17,18,25,24,13,14,11,19,20,9,10,15,16,23,12,21,22],"class_list":{"0":"post-268318","1":"post","2":"type-post","3":"status-publish","4":"format-standard","5":"has-post-thumbnail","7":"category-espana","8":"tag-breaking-news","9":"tag-breakingnews","10":"tag-es","11":"tag-espana","12":"tag-featured-news","13":"tag-featurednews","14":"tag-headlines","15":"tag-latest-news","16":"tag-latestnews","17":"tag-news","18":"tag-noticias","19":"tag-noticias-destacadas","20":"tag-noticiasdestacadas","21":"tag-spain","22":"tag-titulares","23":"tag-ultimas-noticias","24":"tag-ultimasnoticias"},"share_on_mastodon":{"url":"https:\/\/pubeurope.com\/@es\/115653472739186623","error":""},"_links":{"self":[{"href":"https:\/\/www.europesays.com\/es\/wp-json\/wp\/v2\/posts\/268318","targetHints":{"allow":["GET"]}}],"collection":[{"href":"https:\/\/www.europesays.com\/es\/wp-json\/wp\/v2\/posts"}],"about":[{"href":"https:\/\/www.europesays.com\/es\/wp-json\/wp\/v2\/types\/post"}],"author":[{"embeddable":true,"href":"https:\/\/www.europesays.com\/es\/wp-json\/wp\/v2\/users\/2"}],"replies":[{"embeddable":true,"href":"https:\/\/www.europesays.com\/es\/wp-json\/wp\/v2\/comments?post=268318"}],"version-history":[{"count":0,"href":"https:\/\/www.europesays.com\/es\/wp-json\/wp\/v2\/posts\/268318\/revisions"}],"wp:featuredmedia":[{"embeddable":true,"href":"https:\/\/www.europesays.com\/es\/wp-json\/wp\/v2\/media\/268319"}],"wp:attachment":[{"href":"https:\/\/www.europesays.com\/es\/wp-json\/wp\/v2\/media?parent=268318"}],"wp:term":[{"taxonomy":"category","embeddable":true,"href":"https:\/\/www.europesays.com\/es\/wp-json\/wp\/v2\/categories?post=268318"},{"taxonomy":"post_tag","embeddable":true,"href":"https:\/\/www.europesays.com\/es\/wp-json\/wp\/v2\/tags?post=268318"}],"curies":[{"name":"wp","href":"https:\/\/api.w.org\/{rel}","templated":true}]}}