{"id":268320,"date":"2025-12-03T03:18:32","date_gmt":"2025-12-03T03:18:32","guid":{"rendered":"https:\/\/www.europesays.com\/es\/268320\/"},"modified":"2025-12-03T03:18:32","modified_gmt":"2025-12-03T03:18:32","slug":"la-diputacion-provincial-celebra-en-la-palma-del-condado-una-jornada-sobre-ciberseguridad-organizada-por-huelvalab","status":"publish","type":"post","link":"https:\/\/www.europesays.com\/es\/268320\/","title":{"rendered":"La Diputaci\u00f3n Provincial celebra en La Palma del Condado una Jornada sobre Ciberseguridad organizada por HuelvaLAB"},"content":{"rendered":"<p style=\"text-align: justify;\">La Palma del Condado ha acogido una jornada centrada en la ciberseguridad en la nube organizada por la Diputaci\u00f3n Provincial de Huelva a trav\u00e9s de HuelvaLAB, con la colaboraci\u00f3n del Ayuntamiento de la localidad. La sesi\u00f3n ha reunido a profesionales del sector agro y de otros \u00e1mbitos profesionales, que han podido conocer de manera pr\u00e1ctica los principales riesgos en entornos digitales conectados y las medidas necesarias para proteger sus datos y sistemas.<\/p>\n<p style=\"text-align: justify;\">La iniciativa forma parte del trabajo que la Diputaci\u00f3n impulsa mediante HuelvaLAB, un espacio de innovaci\u00f3n y digitalizaci\u00f3n coordinado por el Servicio de Tecnolog\u00eda de la Informaci\u00f3n. Su objetivo es acercar a empresas, profesionales y personas emprendedoras herramientas para incorporar tecnolog\u00eda de forma segura y eficaz, especialmente en sectores estrat\u00e9gicos de la provincia.<\/p>\n<p style=\"text-align: justify;\">El primer teniente de Alcald\u00eda, Diego Mu\u00f1oz Abad, dio la bienvenida institucional junto con el coordinador de HuelvaLAB, Alberto Arroyo, y destac\u00f3 la necesidad de reforzar la cultura de la ciberseguridad como aspecto fundamental a tener en cuenta hoy en d\u00eda en cualquier actividad. En este sentido, anim\u00f3 a sacar el m\u00e1ximo partido de jornadas como esta, orientadas a concienciar y formar en este \u00e1mbito.<\/p>\n<p style=\"text-align: justify;\">En la ponencia central Ram\u00f3n Salado, experto en ciberseguridad analiz\u00f3 los riesgos m\u00e1s frecuentes derivados del uso de servicios en la nube, desde la p\u00e9rdida de informaci\u00f3n cr\u00edtica hasta la interrupci\u00f3n de operaciones o el da\u00f1o reputacional. Tambi\u00e9n mostr\u00f3 ejemplos reales de brechas de seguridad e indic\u00f3 c\u00f3mo prevenirlas mediante estrategias de cifrado, autenticaci\u00f3n robusta y una gesti\u00f3n responsable de los accesos.<\/p>\n<p style=\"text-align: justify;\">Salado, que es director de Tecnolog\u00eda en BeeHackers, col\u00edder en OWASP, embajador de HackTheBox y cibercooperante del Instituto Nacional de Ciberseguridad (INCIBE), insisti\u00f3 en que la adopci\u00f3n de tecnolog\u00eda en sectores como la agricultura de precisi\u00f3n exige fortalecer la confianza digital y trabajar con una mentalidad preventiva.<\/p>\n<p style=\"text-align: justify;\">Salado cuenta con certificaciones internacionales y formaci\u00f3n especializada en Ciberseguridad por el MIT (Massachusetts Institute of Technology). Adem\u00e1s, es docente en programas de posgrado y dispone de una trayectoria de m\u00e1s de quince a\u00f1os en este \u00e1mbito, parte de los mismos en la administraci\u00f3n p\u00fablica.<\/p>\n<p style=\"text-align: justify;\"><strong>Ciberseguridad para entidades locales<\/strong><\/p>\n<p style=\"text-align: justify;\">La jornada incluy\u00f3 una exposici\u00f3n del Centro de Operaciones de Ciberseguridad de las Entidades Locales (COCS-EELL) de la Diputaci\u00f3n de Huelva, presentada por su coordinador t\u00e9cnico in situ, Pablo Borrero Mora.<\/p>\n<p style=\"text-align: justify;\">El servicio presta apoyo gratuito a ayuntamientos de la provincia en materia de protecci\u00f3n, detecci\u00f3n y respuesta ante incidentes. Borrero se\u00f1al\u00f3 que el 40 % de los ataques de ransomware, que conlleva el secuestro de datos con petici\u00f3n de rescate, se dirige actualmente contra administraciones p\u00fablicas, por lo que iniciativas como el COCS resultan fundamentales.<\/p>\n<p style=\"text-align: justify;\">A este respecto, el coordinador t\u00e9cnico del Centro de Operaciones de Ciberseguridad de las Entidades Locales en Huelva precis\u00f3 que esta actuaci\u00f3n engloba un conjunto de 25 servicios orientados a la prevenci\u00f3n y la mejora de la seguridad municipal, entre los cuales detall\u00f3 la navegaci\u00f3n segura, supervisi\u00f3n de incidentes y asesoramiento especializado, siempre desde un enfoque de acompa\u00f1amiento a las entidades locales.<\/p>\n<p style=\"text-align: justify;\">Cada exposici\u00f3n finaliz\u00f3 con un espacio participativo de preguntas. Igualmente, el evento concluy\u00f3 con un desayuno profesional para la conexi\u00f3n profesional entre el p\u00fablico asistente.<\/p>\n<p style=\"text-align: justify;\"><strong>\u00bfQu\u00e9 es HuelvaLAB?<\/strong><\/p>\n<p style=\"text-align: justify;\">HuelvaLAB es un proyecto impulsado por la Diputaci\u00f3n de Huelva para potenciar la innovaci\u00f3n y digitalizaci\u00f3n en los sectores agr\u00edcola, ganadero y forestal, as\u00ed como en otros \u00e1mbitos claves del tejido productivo provincial.<\/p>\n<p style=\"text-align: justify;\">Ubicado en el Centro Agroexperimental de Empresas (carretera San Juan del Puerto a Niebla), HuelvaLAB representa un espacio de encuentro para el emprendimiento y de impulso de soluciones digitales.<\/p>\n<p>\u00a0<\/p>\n","protected":false},"excerpt":{"rendered":"La Palma del Condado ha acogido una jornada centrada en la ciberseguridad en la nube organizada por la&hellip;\n","protected":false},"author":2,"featured_media":268321,"comment_status":"","ping_status":"","sticky":false,"template":"","format":"standard","meta":{"footnotes":""},"categories":[5],"tags":[17,18,25,24,13,14,11,19,20,9,10,15,16,23,12,21,22],"class_list":{"0":"post-268320","1":"post","2":"type-post","3":"status-publish","4":"format-standard","5":"has-post-thumbnail","7":"category-titulares","8":"tag-breaking-news","9":"tag-breakingnews","10":"tag-es","11":"tag-espana","12":"tag-featured-news","13":"tag-featurednews","14":"tag-headlines","15":"tag-latest-news","16":"tag-latestnews","17":"tag-news","18":"tag-noticias","19":"tag-noticias-destacadas","20":"tag-noticiasdestacadas","21":"tag-spain","22":"tag-titulares","23":"tag-ultimas-noticias","24":"tag-ultimasnoticias"},"share_on_mastodon":{"url":"https:\/\/pubeurope.com\/@es\/115653476541754541","error":""},"_links":{"self":[{"href":"https:\/\/www.europesays.com\/es\/wp-json\/wp\/v2\/posts\/268320","targetHints":{"allow":["GET"]}}],"collection":[{"href":"https:\/\/www.europesays.com\/es\/wp-json\/wp\/v2\/posts"}],"about":[{"href":"https:\/\/www.europesays.com\/es\/wp-json\/wp\/v2\/types\/post"}],"author":[{"embeddable":true,"href":"https:\/\/www.europesays.com\/es\/wp-json\/wp\/v2\/users\/2"}],"replies":[{"embeddable":true,"href":"https:\/\/www.europesays.com\/es\/wp-json\/wp\/v2\/comments?post=268320"}],"version-history":[{"count":0,"href":"https:\/\/www.europesays.com\/es\/wp-json\/wp\/v2\/posts\/268320\/revisions"}],"wp:featuredmedia":[{"embeddable":true,"href":"https:\/\/www.europesays.com\/es\/wp-json\/wp\/v2\/media\/268321"}],"wp:attachment":[{"href":"https:\/\/www.europesays.com\/es\/wp-json\/wp\/v2\/media?parent=268320"}],"wp:term":[{"taxonomy":"category","embeddable":true,"href":"https:\/\/www.europesays.com\/es\/wp-json\/wp\/v2\/categories?post=268320"},{"taxonomy":"post_tag","embeddable":true,"href":"https:\/\/www.europesays.com\/es\/wp-json\/wp\/v2\/tags?post=268320"}],"curies":[{"name":"wp","href":"https:\/\/api.w.org\/{rel}","templated":true}]}}