{"id":268322,"date":"2025-12-03T03:26:12","date_gmt":"2025-12-03T03:26:12","guid":{"rendered":"https:\/\/www.europesays.com\/es\/268322\/"},"modified":"2025-12-03T03:26:12","modified_gmt":"2025-12-03T03:26:12","slug":"danilo-gallinari-anuncia-su-retirada-del-baloncesto-tras-20-temporadas","status":"publish","type":"post","link":"https:\/\/www.europesays.com\/es\/268322\/","title":{"rendered":"Danilo Gallinari anuncia su retirada del baloncesto tras 20 temporadas"},"content":{"rendered":"<p><strong>Danilo Gallinari<\/strong> pone punto final a su trayectoria profesional. A sus 37 a\u00f1os, el alero italiano anunci\u00f3 oficialmente su retirada del baloncesto, cerrando una carrera de m\u00e1s de dos d\u00e9cadas entre Europa y la NBA. <\/p>\n<p>\u00abHoy, con el coraz\u00f3n lleno de gratitud, anuncio mi retiro de la carrera que siempre so\u00f1\u00e9\u00bb, anunci\u00f3 Gallinari en sus redes sociales. \u00abHa sido un viaje incre\u00edble lleno de innumerables recuerdos que llevar\u00e9 conmigo el resto de mi vida. Gracias, de todo coraz\u00f3n\u00bb.<\/p>\n<blockquote class=\"twitter-tweet\" data-width=\"550\" data-dnt=\"true\">\n<p lang=\"es\" dir=\"ltr\">As\u00ed ha anunciado Gallinari su adi\u00f3s del \ud83c\udfc0\ud83d\udc99<\/p>\n<p>\u00abHoy, con el coraz\u00f3n lleno de gratitud, anuncio mi retiro de la carrera que siempre so\u00f1\u00e9.<\/p>\n<p>Ha sido un viaje incre\u00edble lleno de innumerables recuerdos que llevar\u00e9 conmigo toda la vida. Gracias de todo coraz\u00f3n\u00bb.<a href=\"https:\/\/t.co\/hL7TJ6MV9b\" rel=\"nofollow\">pic.twitter.com\/hL7TJ6MV9b<\/a> <a href=\"https:\/\/t.co\/NDWnjrOYmz\" rel=\"nofollow\">https:\/\/t.co\/NDWnjrOYmz<\/a><\/p>\n<p>\u2014 Gigantes del Basket (@GIGANTESbasket) <a href=\"https:\/\/twitter.com\/GIGANTESbasket\/status\/1995901333036044365?ref_src=twsrc%5Etfw\" rel=\"nofollow noopener\" target=\"_blank\">December 2, 2025<\/a><\/p><\/blockquote>\n<p>\u2018El Gallo\u2019 baja el tel\u00f3n tras 16 a\u00f1os vinculado a la NBA, con 14 temporadas activas y dos completas perdidas por lesiones de ligamento cruzado anterior. Seleccionado en el n\u00famero 6 del Draft de 2008 por los New York Knicks, se convirti\u00f3 en uno de los jugadores italianos m\u00e1s relevantes de todos los tiempos, acumulando 11.607 puntos, la cifra m\u00e1s alta jam\u00e1s registrada por un jugador italiano en la liga estadounidense.<\/p>\n<p>El alero pas\u00f3 por hasta ocho franquicias distintas, siendo especialmente recordado por su explosi\u00f3n en Nueva York y por su papel en unos Denver Nuggets que rozaron la \u00e9lite del Oeste antes de una grave lesi\u00f3n en 2013. Su lanzamiento exterior \u20141.456 triples anotados\u2014 y su versatilidad ofensiva lo convirtieron en un perfil \u00fanico para su altura.<\/p>\n<p>Adem\u00e1s de su etapa NBA, Gallinari dej\u00f3 su sello en Europa. Formado en el Olimpia Milano, debut\u00f3 en la Euroliga con solo 17 a\u00f1os y se dio a conocer en la temporada 2007-08, donde fue nombrado Rising Star del torneo. Durante el cierre patronal de 2011 volvi\u00f3 a defender la camiseta milanesa, firmando sus mejores n\u00fameros continentales.<\/p>\n<p>Las lesiones marcaron parte de su camino, pero no impidieron que disfrutara de escenarios inolvidables, como las semifinales de conferencia con Atlanta en 2021 o actuaciones memorables desde el per\u00edmetro \u2014incluida una noche de 10 triples saliendo desde el banquillo\u2014 y un cierre espectacular fuera de la NBA, proclam\u00e1ndose campe\u00f3n y MVP de la liga puertorrique\u00f1a con los <a href=\"https:\/\/www.gigantes.com\/mas-basket\/danilo-gallinari-puerto-rico\/\" rel=\"nofollow noopener\" target=\"_blank\">Vaqueros de Bayam\u00f3n<\/a> durante el pasado verano, cerrando su trayectoria con su presencia en el Eurobasket 2025.<\/p>\n<p>La trayectoria de Danilo Gallinari<\/p>\n<ul class=\"wp-block-list\">\n<li>UC Casalpusterlengo (2003-2005)<\/li>\n<li>Nuova Pallacanestro Pavia (2005-2006)<\/li>\n<li>Olimpia Milano (2006-2008)<\/li>\n<li>New York Knicks (2008-2011)<\/li>\n<li>Denver Nuggets (2011-2017)<\/li>\n<li>Olimpia Milano (2011)<\/li>\n<li>Los Angeles Clippers (2017-2019)<\/li>\n<li>Oklahoma City Thunder (2019-2020)<\/li>\n<li>Atlanta Hawks (2020-2022)<\/li>\n<li>Washington Wizards (2023-2024)<\/li>\n<li>Detroit Pistons (2024)<\/li>\n<li>Milwaukee Bucks (2024)<\/li>\n<li>Vaqueros de Bayam\u00f3n (2025-presente)<\/li>\n<\/ul>\n<p>Foto: FIBA<\/p>\n<p><img decoding=\"async\" src=\"https:\/\/www.europesays.com\/es\/wp-content\/uploads\/2025\/12\/1764732370_486_mtracking.gif\" alt=\"Etiquetas de Mautic\" style=\"display:none;\"\/><\/p>\n<p>\t\t\t\t\t\t<a href=\"https:\/\/www.gigantes.com\/tienda\/ultimos-numeros\/santi-yusta-producto-nacional-no-1-563-diciembre-2025\/\" target=\"_blank\" rel=\"noopener nofollow\"><br \/>\n\t\t\t\t\t\t\t<img decoding=\"async\" src=\"https:\/\/www.europesays.com\/es\/wp-content\/uploads\/2025\/11\/cropped-40.jpg\" alt=\"cropped-40.jpg\"\/><br \/>\n\t\t\t\t\t\t<\/a><\/p>\n<p class=\"magazine-meta\">\n\t\t\t\t\t\t\t\t\t\t\t\t\t\t\t\t\t1563<br \/>\n\t\t\t\t\t\t\t\t\t\t\t\t\t\t\t\t\t\t\t\t\t\t\t\t\t |<br \/>\n\t\t\t\t\t\t\t\t\t\t\t\t\t\t\t\t\t\t\t\t\t\t\t\t\tDiciembre 2025\n\t\t\t\t\t\t\t\t\t\t\t\t\t\t\t<\/p>\n<p class=\"magazine-description\">Testigos del baloncesto. Cumplimos 40 a\u00f1os. Una edici\u00f3n diferente, llena de curiosidades, opiniones, gui\u00f1os, historia y cari\u00f1o. Cuatro d\u00e9cadas fusionando basket y papel.<\/p>\n<p>\t\t\t\t\t<a href=\"https:\/\/www.gigantes.com\/tienda\/ultimos-numeros\/santi-yusta-producto-nacional-no-1-563-diciembre-2025\/\" class=\"btn-primary\" target=\"_blank\" rel=\"noopener nofollow\">Comprar<\/a><\/p>\n<p>\t\t\t\t\t\t<script async src=\"https:\/\/platform.twitter.com\/widgets.js\" charset=\"utf-8\"><\/script><\/p>\n","protected":false},"excerpt":{"rendered":"Danilo Gallinari pone punto final a su trayectoria profesional. A sus 37 a\u00f1os, el alero italiano anunci\u00f3 oficialmente&hellip;\n","protected":false},"author":2,"featured_media":268323,"comment_status":"","ping_status":"","sticky":false,"template":"","format":"standard","meta":{"footnotes":""},"categories":[269],"tags":[299,298,168,25,24,628,1725,23,167],"class_list":{"0":"post-268322","1":"post","2":"type-post","3":"status-publish","4":"format-standard","5":"has-post-thumbnail","7":"category-baloncesto","8":"tag-baloncesto","9":"tag-basketball","10":"tag-deportes","11":"tag-es","12":"tag-espana","13":"tag-italia","14":"tag-nba","15":"tag-spain","16":"tag-sports"},"share_on_mastodon":{"url":"https:\/\/pubeurope.com\/@es\/115653508412730895","error":""},"_links":{"self":[{"href":"https:\/\/www.europesays.com\/es\/wp-json\/wp\/v2\/posts\/268322","targetHints":{"allow":["GET"]}}],"collection":[{"href":"https:\/\/www.europesays.com\/es\/wp-json\/wp\/v2\/posts"}],"about":[{"href":"https:\/\/www.europesays.com\/es\/wp-json\/wp\/v2\/types\/post"}],"author":[{"embeddable":true,"href":"https:\/\/www.europesays.com\/es\/wp-json\/wp\/v2\/users\/2"}],"replies":[{"embeddable":true,"href":"https:\/\/www.europesays.com\/es\/wp-json\/wp\/v2\/comments?post=268322"}],"version-history":[{"count":0,"href":"https:\/\/www.europesays.com\/es\/wp-json\/wp\/v2\/posts\/268322\/revisions"}],"wp:featuredmedia":[{"embeddable":true,"href":"https:\/\/www.europesays.com\/es\/wp-json\/wp\/v2\/media\/268323"}],"wp:attachment":[{"href":"https:\/\/www.europesays.com\/es\/wp-json\/wp\/v2\/media?parent=268322"}],"wp:term":[{"taxonomy":"category","embeddable":true,"href":"https:\/\/www.europesays.com\/es\/wp-json\/wp\/v2\/categories?post=268322"},{"taxonomy":"post_tag","embeddable":true,"href":"https:\/\/www.europesays.com\/es\/wp-json\/wp\/v2\/tags?post=268322"}],"curies":[{"name":"wp","href":"https:\/\/api.w.org\/{rel}","templated":true}]}}