{"id":268327,"date":"2025-12-03T03:31:09","date_gmt":"2025-12-03T03:31:09","guid":{"rendered":"https:\/\/www.europesays.com\/es\/268327\/"},"modified":"2025-12-03T03:31:09","modified_gmt":"2025-12-03T03:31:09","slug":"la-isla-de-las-tentaciones-9-sentencio-a-almudena-con-una-frase-lapidaria-y-mostro-a-los-sustitutos-de-mayeli-y-alvaro","status":"publish","type":"post","link":"https:\/\/www.europesays.com\/es\/268327\/","title":{"rendered":"&#8216;La isla de las tentaciones 9&#8217; sentenci\u00f3 a Almudena con una frase lapidaria y mostr\u00f3 a los sustitutos de Mayeli y \u00c1lvaro"},"content":{"rendered":"<p class=\"article-text\">\n        La nueva entrega de <strong>La isla de las tentaciones 9 <\/strong>complet\u00f3 algunas de las tramas que hab\u00eda dejado a medias la anterior. Si en el programa del lunes,<strong> <\/strong><a href=\"https:\/\/www.eldiario.es\/vertele\/noticias\/isla-tentaciones-9-dejo-atonita-barneda-embarazo-mayeli-decision-final-locura_1_12812527.html\" target=\"_blank\" data-mrf-recirculation=\"links-noticia\" class=\"link\" rel=\"nofollow noopener\"><strong>Mayeli y \u00c1lvaro<\/strong><\/a><a href=\"https:\/\/www.eldiario.es\/vertele\/noticias\/isla-tentaciones-9-dejo-atonita-barneda-embarazo-mayeli-decision-final-locura_1_12812527.html\" target=\"_blank\" data-mrf-recirculation=\"links-noticia\" class=\"link\" rel=\"nofollow noopener\"> se marcharon expulsados<\/a> (y embarazados), este martes mostraron un adelanto de la pareja que les sustituir\u00e1.\n    <\/p>\n<p>    <a href=\"https:\/\/www.eldiario.es\/vertele\/audiencias-tv\/la-isla-de-las-tentaciones-9-telecinco-analisis-audiencias-primer-mes-emision-modo-serie-mediaset_1_12811297.html\" data-mrf-recirculation=\"saber-mas\" data-dl-event=\"saber-mas\" rel=\"nofollow noopener\" target=\"_blank\"><\/p>\n<p class=\"know-more__title\">As\u00ed marcha &#8216;La isla de las tentaciones 9&#8217; en audiencias tras cumplir su primer mes de emisi\u00f3n en &#8216;modo serie&#8217; en Telecinco<\/p>\n<p>            <img decoding=\"async\" class=\"lazy\" loading=\"lazy\" data-src=\"https:\/\/static.eldiario.es\/clip\/8ca3b6f3-572c-4c60-a4b2-344fea2f9f4d_16-9-aspect-ratio_default_0.jpg\" src=\"data:image\/svg+xml,%3Csvg xmlns=\" http:=\"\" viewbox=\"0 0 880 495\" alt=\"As\u00ed marcha 'La isla de las tentaciones 9' en audiencias tras cumplir su primer mes de emisi\u00f3n en 'modo serie' en Telecinco\"\/><\/p>\n<p>                        <\/a><\/p>\n<p class=\"article-text\">\n        Tambi\u00e9n se qued\u00f3 sin final la hoguera de los chicos, y el nuevo programa arranc\u00f3 con el<strong> dolor de Rodri <\/strong>al ver la noche de pasi\u00f3n entre<strong> Helena y Barranco: <\/strong>\u201c\u00bfQu\u00e9 encuentra ah\u00ed que no encuentra en m\u00ed? Yo eso no lo he hecho, qu\u00e9 puto asco. Yo no voy a actuar por venganza porque sigo queriendo estar con ella, es la mujer de mi vida\u201d, lament\u00f3.\n    <\/p>\n<p class=\"article-text\">\n        Por ello, cuando <strong>Sandra Barneda <\/strong>propuso a los chicos que usaran el <strong>collar del veto, <\/strong>todos estuvieron de acuerdo en<strong> pon\u00e9rselo a Barranco<\/strong>. A lo que Rodri a\u00f1adi\u00f3: \u201cEl mensaje que le quiero enviar a Helena es que la amo con locura, que sigo pensando en ella, que es la mujer de mi vida y quiero salir con ella de aqu\u00ed\u201d.\n    <\/p>\n<p>    Hoguera de las chicas: del dolor de Almudena, a la sonrisa de Helena<\/p>\n<p class=\"article-text\">\n        Las siguientes en vivir otra hoguera fueron las chicas. La primera en ver im\u00e1genes fue <strong>Sandra que se indign\u00f3 con las relaciones sexuales de Juanpi <\/strong>y la soltera: \u201cQu\u00e9 asco, de verdad. Cuando llegue a su casa me echar\u00e1 de menos. Es un mentiroso, ven\u00eda a hacer el papel\u00f3n de su vida, y he sido gilipollas que me hiciera creer que era una loca, me duele por m\u00ed\u201d, reconoci\u00f3.\n    <\/p>\n<p class=\"article-text\">\n        Como a Gilbert, a <strong>Claudia no le dejaron ver im\u00e1genes<\/strong>, algo que le hizo sonre\u00edr: \u201cEspero que sea porque est\u00e9 arrepentido. Yo me he dado cuenta de que sigo queriendo igual o m\u00e1s a mi novio\u201d, asegur\u00f3.\n    <\/p>\n<blockquote class=\"twitter-tweet\" data-lang=\"es\"><p><a href=\"https:\/\/twitter.com\/X\/status\/1995972223795167544?ref_src=twsrc%5Etfw\" rel=\"nofollow noopener\" target=\"_blank\"><\/p><\/blockquote>\n<p class=\"article-text\">\n        La que vio un giro de guion fue<strong> Helena en Rodri al que not\u00f3 \u201cm\u00e1s calmadito, embajonado<\/strong> e intentando forzar la conexi\u00f3n\u201d con Olatz. La novia sonre\u00eda al ver las im\u00e1genes de su novio poniendo distancia con la soltera: \u201cEst\u00e1 como arrepentido, agobiado, lo conozco, me gusta verle as\u00ed. No s\u00e9 c\u00f3mo me siento\u201d.\n    <\/p>\n<p class=\"article-text\">\n        Pero el plato fuerte fue el de <strong>Almudena que volvi\u00f3 a llorar y gritar <\/strong>de desesperaci\u00f3n al ver a Dar\u00edo: \u201cEsto no puede estar pasando. Qu\u00e9 pena. Es que no me merece, le veo busc\u00e1ndola a ella. D\u00e1ndole un cari\u00f1o que a m\u00ed no me da, y siempre se lo pido. Pero lo he normalizado. No le reconozco\u201d.\n    <\/p>\n<blockquote class=\"twitter-tweet\" data-lang=\"es\"><p><a href=\"https:\/\/twitter.com\/X\/status\/1995978483231543654?ref_src=twsrc%5Etfw\" rel=\"nofollow noopener\" target=\"_blank\"><\/p><\/blockquote>\n<p class=\"article-text\">\n        Lo que empeor\u00f3 cuando escuch\u00f3 a su novio decir a c\u00e1mara que est\u00e1 con ella <strong>\u201csolo por estar, por no dar un disgusto a la familia, pero ya no estoy enamorado\u201d.<\/strong> Eso acab\u00f3 de rematar el dolor de Almudena.\n    <\/p>\n<p>                                    <script async src=\"https:\/\/platform.twitter.com\/widgets.js\" charset=\"utf-8\"><\/script><\/p>\n","protected":false},"excerpt":{"rendered":"La nueva entrega de La isla de las tentaciones 9 complet\u00f3 algunas de las tramas que hab\u00eda dejado&hellip;\n","protected":false},"author":2,"featured_media":268328,"comment_status":"","ping_status":"","sticky":false,"template":"","format":"standard","meta":{"footnotes":""},"categories":[171],"tags":[5588,15099,2607,146,147,25,24,20580,3643,66137,65881,55941,47593,23,66138,4473,214],"class_list":{"0":"post-268327","1":"post","2":"type-post","3":"status-publish","4":"format-standard","5":"has-post-thumbnail","7":"category-tv","8":"tag-5588","9":"tag-almudena","10":"tag-alvaro","11":"tag-entertainment","12":"tag-entretenimiento","13":"tag-es","14":"tag-espana","15":"tag-frase","16":"tag-isla","17":"tag-lapidaria","18":"tag-mayeli","19":"tag-mostro","20":"tag-sentencio","21":"tag-spain","22":"tag-sustitutos","23":"tag-tentaciones","24":"tag-tv"},"share_on_mastodon":{"url":"https:\/\/pubeurope.com\/@es\/115653527873411637","error":""},"_links":{"self":[{"href":"https:\/\/www.europesays.com\/es\/wp-json\/wp\/v2\/posts\/268327","targetHints":{"allow":["GET"]}}],"collection":[{"href":"https:\/\/www.europesays.com\/es\/wp-json\/wp\/v2\/posts"}],"about":[{"href":"https:\/\/www.europesays.com\/es\/wp-json\/wp\/v2\/types\/post"}],"author":[{"embeddable":true,"href":"https:\/\/www.europesays.com\/es\/wp-json\/wp\/v2\/users\/2"}],"replies":[{"embeddable":true,"href":"https:\/\/www.europesays.com\/es\/wp-json\/wp\/v2\/comments?post=268327"}],"version-history":[{"count":0,"href":"https:\/\/www.europesays.com\/es\/wp-json\/wp\/v2\/posts\/268327\/revisions"}],"wp:featuredmedia":[{"embeddable":true,"href":"https:\/\/www.europesays.com\/es\/wp-json\/wp\/v2\/media\/268328"}],"wp:attachment":[{"href":"https:\/\/www.europesays.com\/es\/wp-json\/wp\/v2\/media?parent=268327"}],"wp:term":[{"taxonomy":"category","embeddable":true,"href":"https:\/\/www.europesays.com\/es\/wp-json\/wp\/v2\/categories?post=268327"},{"taxonomy":"post_tag","embeddable":true,"href":"https:\/\/www.europesays.com\/es\/wp-json\/wp\/v2\/tags?post=268327"}],"curies":[{"name":"wp","href":"https:\/\/api.w.org\/{rel}","templated":true}]}}