{"id":268340,"date":"2025-12-03T03:38:13","date_gmt":"2025-12-03T03:38:13","guid":{"rendered":"https:\/\/www.europesays.com\/es\/268340\/"},"modified":"2025-12-03T03:38:13","modified_gmt":"2025-12-03T03:38:13","slug":"indra-vende-su-negocio-de-externalizacion-de-servicios-a-la-firma-vasca-teknei-por-966-millones-empresas","status":"publish","type":"post","link":"https:\/\/www.europesays.com\/es\/268340\/","title":{"rendered":"Indra vende su negocio de externalizaci\u00f3n de servicios a la firma vasca Teknei por 96,6 millones | Empresas"},"content":{"rendered":"<p class=\"\">Indra ha vendido su negocio de externalizaci\u00f3n de servicios en Espa\u00f1a, Colombia, Italia, Per\u00fa, M\u00e9xico, Chile y Portugal a la compa\u00f1\u00eda vasca Teknei por 96,6 millones de euros, seg\u00fan ha informado en un comunicado la empresa de tecnolog\u00eda y defensa. La decisi\u00f3n de Indra de vender este negocio, que forma parte de Minsait, <a href=\"https:\/\/cincodias.elpais.com\/companias\/2025-11-28\/los-accionistas-de-indra-aprueban-la-compra-de-hispasat-y-los-cambios-del-consejo-de-administracion.html\" target=\"_self\" rel=\"nofollow noopener\" title=\"https:\/\/cincodias.elpais.com\/companias\/2025-11-28\/los-accionistas-de-indra-aprueban-la-compra-de-hispasat-y-los-cambios-del-consejo-de-administracion.html\">se enmarca en el plan estrat\u00e9gico<\/a> de la empresa, enfocado en reforzar su posici\u00f3n en defensa, aeroespacio y tecnolog\u00edas avanzadas digitales.<\/p>\n<p class=\"\">\u201cAmbas compa\u00f1\u00edas trabajar\u00e1n conjuntamente para asegurar una integraci\u00f3n fluida para los profesionales, equipos y clientes\u201d, ha detallado Indra. La adquisici\u00f3n del negocio de externalizaci\u00f3n de servicios (BPO) de Indra supone para Teknei una operaci\u00f3n alineada con su plan estrat\u00e9gico de crecimiento, con el cual prev\u00e9 alcanzar los 1.000 millones de euros de facturaci\u00f3n en 2030.<\/p>\n<p class=\"\">Adem\u00e1s, la compra refuerza su posici\u00f3n en el mercado de servicios tecnol\u00f3gicos y externalizaci\u00f3n de procesos, donde tiene grandes clientes en sectores como la banca, los seguros y la administraci\u00f3n p\u00fablica.<\/p>\n<p class=\"\">\u201cLa venta de BPO a Teknei garantizar\u00e1 la continuidad operativa y la calidad del servicio para todos los clientes mediante la transferencia de contratos <a href=\"https:\/\/cincodias.elpais.com\/companias\/2025-11-24\/indra-lanza-un-fondo-de-hasta-200-millones-para-invertir-en-companias-de-tecnologia-de-defensa.html\" target=\"_self\" rel=\"nofollow noopener\" title=\"https:\/\/cincodias.elpais.com\/companias\/2025-11-24\/indra-lanza-un-fondo-de-hasta-200-millones-para-invertir-en-companias-de-tecnologia-de-defensa.html\">y tecnolog\u00eda<\/a>. Uno de los ejes centrales de la venta ha sido el traspaso ordenado de los profesionales\u201d, ha subrayado Indra.<\/p>\n<p class=\"\">\u201cEl acuerdo incluye una cl\u00e1usula social que asegura la transferencia de m\u00e1s de 5.000 trabajadores a Teknei, con el compromiso no solo de mantener su puesto de trabajo durante al menos dos a\u00f1os despu\u00e9s del cierre de la operaci\u00f3n, sino tambi\u00e9n de conservar sus condiciones actuales y antig\u00fcedad\u201d, ha a\u00f1adido.<\/p>\n<p class=\"\">El consejero delegado de Indra, Jos\u00e9 Vicente de los Mozos, ha resaltado que este movimiento permite a la empresa avanzar en su plan estrat\u00e9gico y orientar sus inversiones a los \u201csectores prioritarios\u201d contemplados en su hoja de ruta.<\/p>\n<p class=\"\">Por su parte, el consejero delegado de Teknei, Joseba Lekube, ha asegurado que la adquisici\u00f3n del negocio de BPO de Indra ayudar\u00e1 a aumentar la escala de su empresa y a reforzar su posici\u00f3n en el mercado de los servicios tecnol\u00f3gicos.<\/p>\n<p class=\"\">\u201cCon la incorporaci\u00f3n sumamos capacidades cr\u00edticas en procesos complejos y talento altamente especializado, ofreciendo soluciones m\u00e1s completas, innovadoras y adaptadas a las necesidades de nuestros clientes. Estamos convencidos de que ser\u00e1 una palanca para acelerar nuestro crecimiento y acercarnos m\u00e1s a nuestro objetivo marcado para el 2030\u201d, ha resaltado.<\/p>\n","protected":false},"excerpt":{"rendered":"Indra ha vendido su negocio de externalizaci\u00f3n de servicios en Espa\u00f1a, Colombia, Italia, Per\u00fa, M\u00e9xico, Chile y Portugal&hellip;\n","protected":false},"author":2,"featured_media":268341,"comment_status":"","ping_status":"","sticky":false,"template":"","format":"standard","meta":{"footnotes":""},"categories":[80],"tags":[82,1616,95,94,2308,25,24,7834,264,66139,23,120,7147],"class_list":{"0":"post-268340","1":"post","2":"type-post","3":"status-publish","4":"format-standard","5":"has-post-thumbnail","7":"category-economia","8":"tag-business","9":"tag-defensa","10":"tag-economia","11":"tag-economy","12":"tag-empresas","13":"tag-es","14":"tag-espana","15":"tag-indra","16":"tag-pais-vasco","17":"tag-servicios-tecnicos-y-suministros","18":"tag-spain","19":"tag-tecnologia","20":"tag-ventas"},"share_on_mastodon":{"url":"https:\/\/pubeurope.com\/@es\/115653555288021418","error":""},"_links":{"self":[{"href":"https:\/\/www.europesays.com\/es\/wp-json\/wp\/v2\/posts\/268340","targetHints":{"allow":["GET"]}}],"collection":[{"href":"https:\/\/www.europesays.com\/es\/wp-json\/wp\/v2\/posts"}],"about":[{"href":"https:\/\/www.europesays.com\/es\/wp-json\/wp\/v2\/types\/post"}],"author":[{"embeddable":true,"href":"https:\/\/www.europesays.com\/es\/wp-json\/wp\/v2\/users\/2"}],"replies":[{"embeddable":true,"href":"https:\/\/www.europesays.com\/es\/wp-json\/wp\/v2\/comments?post=268340"}],"version-history":[{"count":0,"href":"https:\/\/www.europesays.com\/es\/wp-json\/wp\/v2\/posts\/268340\/revisions"}],"wp:featuredmedia":[{"embeddable":true,"href":"https:\/\/www.europesays.com\/es\/wp-json\/wp\/v2\/media\/268341"}],"wp:attachment":[{"href":"https:\/\/www.europesays.com\/es\/wp-json\/wp\/v2\/media?parent=268340"}],"wp:term":[{"taxonomy":"category","embeddable":true,"href":"https:\/\/www.europesays.com\/es\/wp-json\/wp\/v2\/categories?post=268340"},{"taxonomy":"post_tag","embeddable":true,"href":"https:\/\/www.europesays.com\/es\/wp-json\/wp\/v2\/tags?post=268340"}],"curies":[{"name":"wp","href":"https:\/\/api.w.org\/{rel}","templated":true}]}}