{"id":268344,"date":"2025-12-03T03:40:14","date_gmt":"2025-12-03T03:40:14","guid":{"rendered":"https:\/\/www.europesays.com\/es\/268344\/"},"modified":"2025-12-03T03:40:14","modified_gmt":"2025-12-03T03:40:14","slug":"el-tribunal-constitucional-rechaza-el-recurso-del-gobierno-de-ayuso-contra-la-ley-de-amnistia","status":"publish","type":"post","link":"https:\/\/www.europesays.com\/es\/268344\/","title":{"rendered":"El Tribunal Constitucional rechaza el recurso del Gobierno de Ayuso contra la ley de amnist\u00eda"},"content":{"rendered":"<p class=\"L6-news-detail__text\">El <b>Tribunal Constitucional<\/b> ha rechazado el <b><a title=\"recurso de inconstitucionalidad\" href=\"https:\/\/www.lasexta.com\/noticias\/nacional\/ayuso-adelanta-direccion-anuncia-que-llevaran-amnistia-tribunal-constitucional_202405306658397de73ed6000142d8cd.html\" target=\"_blank\" rel=\"nofollow noopener\">recurso de inconstitucionalidad<\/a><\/b> de la Comunidad de Madrid contra la <b>ley de amnist\u00eda<\/b>, seg\u00fan ha podido saber <b><a title=\"laSexta\" href=\"https:\/\/www.lasexta.com\/\" target=\"_blank\" rel=\"nofollow noopener\">laSexta<\/a><\/b>. De esta manera, corre la misma suerte que el recurso del Partido Popular, que el tribunal de garant\u00edas <b><a title=\"ya desestim\u00f3 en junio\" href=\"https:\/\/www.lasexta.com\/noticias\/nacional\/tribunal-constitucional-avala-ley-amnistia-seis-votos-frente-cuatro_20250626685d09b85e04161fbbbb5e75.html\" target=\"_blank\" rel=\"nofollow noopener\">ya desestim\u00f3 en junio<\/a><\/b>, avalando as\u00ed la norma y marcando el camino para el resto de impugnaciones que ten\u00eda que dirimir al respecto.<\/p>\n<p class=\"L6-news-detail__text\">El recurso del Ejecutivo de <b>Isabel D\u00edaz Ayuso<\/b> es precisamente uno de los \u00faltimos que quedaba por resolver en el Constitucional. La presidenta madrile\u00f1a, recordemos, <b>se adelant\u00f3 a la direcci\u00f3n nacional<\/b> de su partido para anunciar, en mayo del a\u00f1o pasado, que todas las comunidades aut\u00f3nomas gobernadas por el PP iban a presentar recursos contra la citada norma, que se aprob\u00f3 por ese entonces.<\/p>\n<p class=\"L6-news-detail__text\">Ahora, fuentes jur\u00eddicas citadas por Europa Press y Efe detallan que la mayor\u00eda del pleno ha rechazado los argumentos en contra del Gobierno madrile\u00f1o, como ya hizo con los recursos de <b>Andaluc\u00eda, Murcia, la Comunitat Valenciana y Castilla y Le\u00f3n<\/b>. Lo ha hecho por una mayor\u00eda de <b>seis votos a favor<\/b> de la mayor\u00eda progresista frente a <b>cuatro votos en contra del bloque conservador<\/b>, que considera la ley inconstitucional y as\u00ed lo plasmar\u00e1 en votos particulares.<\/p>\n<p class=\"L6-news-detail__text\">El Constitucional ya sent\u00f3 la doctrina sobre este asunto en junio, cuando <b><a title=\"aval\u00f3 la ley de amnist\u00eda\" href=\"https:\/\/www.lasexta.com\/noticias\/nacional\/tribunal-constitucional-avala-ley-amnistia-dice-que-compatible-constitucion_20250601683cc4c6812a8f1e6a0cea13.html\" target=\"_blank\" rel=\"nofollow noopener\">aval\u00f3 la ley de amnist\u00eda<\/a><\/b>, salvo en determinados aspectos, al rechazar el recurso del PP. La mayor\u00eda progresista del tribunal concluy\u00f3 entonces que la medida no est\u00e1 prohibida en la Constituci\u00f3n y que persigue una finalidad leg\u00edtima, descartando la \u00abautoamnist\u00eda\u00bb.<\/p>\n<p class=\"L6-news-detail__text\">La corte de garant\u00edas declar\u00f3 que \u00abel legislador puede hacer todo lo que la Constituci\u00f3n no proh\u00edba expl\u00edcita o impl\u00edcitamente\u00bb, rechazando as\u00ed que la amnist\u00eda requiriese una \u00abhabilitaci\u00f3n expresa\u00bb en la Carta Magna. Posteriormente, el Constitucional tambi\u00e9n <b>desestim\u00f3 las cuestiones de inconstitucionalidad<\/b> que plantearon el Tribunal Supremo y el Tribunal Superior de Justicia de Catalu\u00f1a.<\/p>\n<p class=\"L6-news-detail__text\"><b><a title=\"*Sigue a laSexta en Google. Toda la actualidad y el mejor contenido aqu\u00ed.\" href=\"https:\/\/profile.google.com\/cp\/CgkvbS8wZG5xejA\" target=\"_blank\" rel=\"nofollow noopener\">*Sigue a laSexta en Google. Toda la actualidad y el mejor contenido aqu\u00ed.<\/a><\/b><\/p>\n<p class=\"L6-support-news-video__title\">Los consumidores lo agradecen<\/p>\n<p>            <a href=\"https:\/\/www.lasexta.com\/noticias\/economia\/precio-cerdo-sufre-caida-historica-espana-baja-17-24-horas-deteccion-peste-porcina_20251202692f67066e5e5012dcd802d6.html\" class=\"L6-news__link\" rel=\"nofollow noopener\" target=\"_blank\"><br \/>\n                El precio del cerdo sufre una ca\u00edda hist\u00f3rica en Espa\u00f1a: baja un 17% en 24 horas tras la detecci\u00f3n de la peste porcina<\/p>\n<p class=\"recirculation-video-desc\">Las cifras El precio por kilo ha bajado en 10 c\u00e9ntimos en un d\u00eda, cuando lo normal es que caiga entre dos o tres c\u00e9ntimos a la semana. Esta tendencia puede suponer p\u00e9rdidas millonarias para el sector.<\/p>\n<p>            <\/a><\/p>\n","protected":false},"excerpt":{"rendered":"El Tribunal Constitucional ha rechazado el recurso de inconstitucionalidad de la Comunidad de Madrid contra la ley de&hellip;\n","protected":false},"author":2,"featured_media":268345,"comment_status":"","ping_status":"","sticky":false,"template":"","format":"standard","meta":{"footnotes":""},"categories":[8],"tags":[17,18,25,24,13,14,11,19,20,9,10,15,16,23,12,21,22],"class_list":{"0":"post-268344","1":"post","2":"type-post","3":"status-publish","4":"format-standard","5":"has-post-thumbnail","7":"category-espana","8":"tag-breaking-news","9":"tag-breakingnews","10":"tag-es","11":"tag-espana","12":"tag-featured-news","13":"tag-featurednews","14":"tag-headlines","15":"tag-latest-news","16":"tag-latestnews","17":"tag-news","18":"tag-noticias","19":"tag-noticias-destacadas","20":"tag-noticiasdestacadas","21":"tag-spain","22":"tag-titulares","23":"tag-ultimas-noticias","24":"tag-ultimasnoticias"},"share_on_mastodon":{"url":"https:\/\/pubeurope.com\/@es\/115653563378879542","error":""},"_links":{"self":[{"href":"https:\/\/www.europesays.com\/es\/wp-json\/wp\/v2\/posts\/268344","targetHints":{"allow":["GET"]}}],"collection":[{"href":"https:\/\/www.europesays.com\/es\/wp-json\/wp\/v2\/posts"}],"about":[{"href":"https:\/\/www.europesays.com\/es\/wp-json\/wp\/v2\/types\/post"}],"author":[{"embeddable":true,"href":"https:\/\/www.europesays.com\/es\/wp-json\/wp\/v2\/users\/2"}],"replies":[{"embeddable":true,"href":"https:\/\/www.europesays.com\/es\/wp-json\/wp\/v2\/comments?post=268344"}],"version-history":[{"count":0,"href":"https:\/\/www.europesays.com\/es\/wp-json\/wp\/v2\/posts\/268344\/revisions"}],"wp:featuredmedia":[{"embeddable":true,"href":"https:\/\/www.europesays.com\/es\/wp-json\/wp\/v2\/media\/268345"}],"wp:attachment":[{"href":"https:\/\/www.europesays.com\/es\/wp-json\/wp\/v2\/media?parent=268344"}],"wp:term":[{"taxonomy":"category","embeddable":true,"href":"https:\/\/www.europesays.com\/es\/wp-json\/wp\/v2\/categories?post=268344"},{"taxonomy":"post_tag","embeddable":true,"href":"https:\/\/www.europesays.com\/es\/wp-json\/wp\/v2\/tags?post=268344"}],"curies":[{"name":"wp","href":"https:\/\/api.w.org\/{rel}","templated":true}]}}