{"id":268350,"date":"2025-12-03T03:51:22","date_gmt":"2025-12-03T03:51:22","guid":{"rendered":"https:\/\/www.europesays.com\/es\/268350\/"},"modified":"2025-12-03T03:51:22","modified_gmt":"2025-12-03T03:51:22","slug":"sienna-miller-anuncia-con-un-camison-transparente-su-tercer-embarazo-a-los-43-anos","status":"publish","type":"post","link":"https:\/\/www.europesays.com\/es\/268350\/","title":{"rendered":"Sienna Miller anuncia con un camis\u00f3n transparente su tercer embarazo a los 43 a\u00f1os"},"content":{"rendered":"<p>La actriz <strong>Sienna Miller<\/strong> ha anunciado el embarazo de su tercer hijo mostrando su evidente barriga en la alfombra roja de los British Fashion Awards 2025, celebrados en Londres el pasado lunes en Londres. Miller, que comenz\u00f3 su carrera como modelo, acudi\u00f3 a la gran noche de los premios de la moda con un camis\u00f3n completamente transparente en tono blanco que dejaba ver su silueta.<\/p>\n<p>Ser\u00e1 el segundo hijo junto al actor <strong>Oli Green<\/strong>, pero el tercero de la actriz, de 43 a\u00f1os. En enero de 2024, la actriz dio a luz a su primera hija en com\u00fan. Miller tiene otra hija, de 13 a\u00f1os, llamada Marlowe, fruto de su relaci\u00f3n con el actor brit\u00e1nico <strong>Tom Sturridge<\/strong>.<\/p>\n<p>    Relacionado<\/p>\n<p>Miller y Green comenzaron a salir a principios de 2022 envueltos en pol\u00e9mica debido a diferencia de edad de 15 a\u00f1os que hay entre ambos. Se conocieron mucho antes, en una fiesta de Halloween que dio una amigo en com\u00fan en 2021. En principio, debido a la juventud de Oli, Sienna declar\u00f3 que pens\u00f3 que la relaci\u00f3n no seguir\u00eda adelante, pero su v\u00ednculo se estrech\u00f3 en 2020 cuando pasaron juntos la cuarentena en medio de la pandemia del covid.<\/p>\n<p><a class=\"fancybox\" href=\"https:\/\/s1.staticld.com\/2025\/12\/02\/sienna-miller-embarazo-0212-1.jpg\" rel=\"nofollow noreferrer noopener\" target=\"_blank\"><img class=\"l\" data-  style=\"aspect-ratio: 1707 \/ 2560\" alt=\"sienna-miller-embarazo-0212-1.jpg\"\/><\/a><\/p>\n<p>La actriz y reconocido icono de moda ha participado en pel\u00edculas como &#8216;Factory Girl&#8217; (2006), &#8216;American Sniper&#8217; (&#8216;El francotirador&#8217;, 2014) o la saga &#8216;Horizon&#8217; (2024), de Kevin Costner.<\/p>\n","protected":false},"excerpt":{"rendered":"La actriz Sienna Miller ha anunciado el embarazo de su tercer hijo mostrando su evidente barriga en la&hellip;\n","protected":false},"author":2,"featured_media":268351,"comment_status":"","ping_status":"","sticky":false,"template":"","format":"standard","meta":{"footnotes":""},"categories":[174],"tags":[255,146,147,25,24,256,65932,23],"class_list":{"0":"post-268350","1":"post","2":"type-post","3":"status-publish","4":"format-standard","5":"has-post-thumbnail","7":"category-famosos","8":"tag-celebrities","9":"tag-entertainment","10":"tag-entretenimiento","11":"tag-es","12":"tag-espana","13":"tag-famosos","14":"tag-sienna-miller","15":"tag-spain"},"share_on_mastodon":{"url":"https:\/\/pubeurope.com\/@es\/115653606294767421","error":""},"_links":{"self":[{"href":"https:\/\/www.europesays.com\/es\/wp-json\/wp\/v2\/posts\/268350","targetHints":{"allow":["GET"]}}],"collection":[{"href":"https:\/\/www.europesays.com\/es\/wp-json\/wp\/v2\/posts"}],"about":[{"href":"https:\/\/www.europesays.com\/es\/wp-json\/wp\/v2\/types\/post"}],"author":[{"embeddable":true,"href":"https:\/\/www.europesays.com\/es\/wp-json\/wp\/v2\/users\/2"}],"replies":[{"embeddable":true,"href":"https:\/\/www.europesays.com\/es\/wp-json\/wp\/v2\/comments?post=268350"}],"version-history":[{"count":0,"href":"https:\/\/www.europesays.com\/es\/wp-json\/wp\/v2\/posts\/268350\/revisions"}],"wp:featuredmedia":[{"embeddable":true,"href":"https:\/\/www.europesays.com\/es\/wp-json\/wp\/v2\/media\/268351"}],"wp:attachment":[{"href":"https:\/\/www.europesays.com\/es\/wp-json\/wp\/v2\/media?parent=268350"}],"wp:term":[{"taxonomy":"category","embeddable":true,"href":"https:\/\/www.europesays.com\/es\/wp-json\/wp\/v2\/categories?post=268350"},{"taxonomy":"post_tag","embeddable":true,"href":"https:\/\/www.europesays.com\/es\/wp-json\/wp\/v2\/tags?post=268350"}],"curies":[{"name":"wp","href":"https:\/\/api.w.org\/{rel}","templated":true}]}}