{"id":268354,"date":"2025-12-03T03:55:15","date_gmt":"2025-12-03T03:55:15","guid":{"rendered":"https:\/\/www.europesays.com\/es\/268354\/"},"modified":"2025-12-03T03:55:15","modified_gmt":"2025-12-03T03:55:15","slug":"exito-en-su-inicio-de-gira-lleno-de-en-valladolid","status":"publish","type":"post","link":"https:\/\/www.europesays.com\/es\/268354\/","title":{"rendered":"\u00c9xito en su inicio de gira. Lleno de en VALLADOLID."},"content":{"rendered":"<p>\u00a0<\/p>\n<p>\u00a0<\/p>\n<p><img fetchpriority=\"high\" decoding=\"async\" src=\"https:\/\/www.europesays.com\/es\/wp-content\/uploads\/2025\/12\/Dunedain-2025-Fran_Cea_Photography-08_500x267.jpg\" alt=\"DUNEDAIN\" width=\"500\" height=\"267\"\/><br \/>\n<strong>DUNEDAIN: \u00c9xito en su inicio de gira. Lleno en VALLADOLID.<\/strong><\/p>\n<p>A la espera de la cr\u00f3nica y m\u00e1s fotos de la actuaci\u00f3n, nos hacemos eco del triunfo de <strong>D\u00dcNEDAIN <\/strong>en su inicio de gira espa\u00f1ola, en Burgos, y sobre todo en Pucela, llenando y convenciendo, Es claro que la banda vive su mejor momento, tras un gran disco y unos directos bestiales.<\/p>\n<p><img loading=\"lazy\" decoding=\"async\" src=\"https:\/\/www.europesays.com\/es\/wp-content\/uploads\/2025\/12\/Dunedain-2025-Fran_Cea_Photography-01.jpg\" alt=\"DUNEDAIN\" width=\"500\" height=\"333\"\/><\/p>\n<p>Esta es la nota que nos env\u00eda su agencia:<\/p>\n<p>El inicio de gira de DUNEDAIN ha sido apote\u00f3sico. Y si bien M\u00e9xico ha sido el comienzo de la gira, con varios llenos, y Burgos fue una gran noche con un excelente p\u00fablico; lo vivido en Valladolid ha sido impresionante. Ante una SALA LAVA llena, su segunda casa les llev\u00f3 en volandas en un concierto que sin duda ha conseguido que los de Madrigal se posicionen para ocupar un lugar que se est\u00e1n ganando con el esfuerzo, trabajo y, por supuesto, con el\u00a0 cari\u00f1o del p\u00fablico.<\/p>\n<p> Una sala de gran aforo llena y con una apuesta de espect\u00e1culo, de luz, sonido e im\u00e1genes, DUNEDAIN ofreci\u00f3 un show de 2 horas en el que la banda present\u00f3 \u201c\u00c9rase\u201d acompa\u00f1ado de sus cl\u00e1sicos. Un repertorio que se ha convertido en imprescindible para todos los amantes de este g\u00e9nero. Atentos a sus pr\u00f3ximas fechas y a su gira de 2026, que pronto anunciaremos. DUNEDAIN han venido para estar con los grandes<\/p>\n<p><img loading=\"lazy\" decoding=\"async\" src=\"https:\/\/www.europesays.com\/es\/wp-content\/uploads\/2025\/12\/Dunedain-2025-Fran_Cea_Photography-08.jpg\" alt=\"DUNEDAIN\" width=\"500\" height=\"333\"\/><br \/>\n<img loading=\"lazy\" decoding=\"async\" src=\"https:\/\/www.europesays.com\/es\/wp-content\/uploads\/2025\/12\/Dunedain-2025-Fran_Cea_Photography-07.jpg\" alt=\"DUNEDAIN\" width=\"500\" height=\"333\"\/><\/p>\n<p>La banda toca el 6 de diciembre en Trebujena (C\u00e1diz)<\/p>\n<tr>\n<td valign=\"top\" width=\"40%\">Trebujena (C\u00e1diz)<br \/>Plaza Joselillo el V\u00e1zquez<\/td>\n<td valign=\"top\" width=\"50%\">Festival Garbanzo Rock<br \/>18:00 h. \u2013 Gratuito<\/td>\n<\/tr>\n<p>\u00a0<\/p>\n<p><img loading=\"lazy\" decoding=\"async\" src=\"https:\/\/www.europesays.com\/es\/wp-content\/uploads\/2025\/12\/cadiz.jpg\" alt=\"DUNEDAIN\" width=\"330\" height=\"500\"\/><\/p>\n<p><strong>Fotos: Fran Cea<\/strong><\/p>\n<p><a href=\"https:\/\/www.dunedain.es\/\" target=\"_blank\" rel=\"noopener nofollow\"><strong>DUNEDAIN<\/strong><\/a> lanzaron \u00abErase\u00bb el pasado 7 de noviembre.<br \/>\n<strong><a href=\"https:\/\/www.rafabasa.com\/2025\/11\/12\/critica-del-cd-dunedain-erase\/\" target=\"_blank\" rel=\"noopener nofollow\">Esta es la review del \u00e1lbum que publicamos<\/a><\/strong><br \/>\n<a href=\"https:\/\/www.rafabasa.com\/2025\/11\/06\/dunedain-entrevista-con-tony-delgado-sobre-erase-en-madrid\/\" target=\"_blank\" rel=\"noopener nofollow\"><strong>Y la entrevista<\/strong><\/a> con Tony Delgado<br \/>\n<img loading=\"lazy\" decoding=\"async\" src=\"https:\/\/www.europesays.com\/es\/wp-content\/uploads\/2025\/10\/erase500.jpg\" alt=\"DUNEDAIN\" width=\"500\" height=\"509\"\/><\/p>\n<p>Este es el tracklist de su \u00e1lbum:<\/p>\n<ol>\n<li>Oh yeah! \u2013 3:35<\/li>\n<li>La misma canci\u00f3n \u2013 4:33<\/li>\n<li>\u00c9rase \u2013 5:04<\/li>\n<li>Pandora \u2013 5:46<\/li>\n<li>Silencio \u2013 5:32<\/li>\n<li>Hijo rojo \u2013 5:17<\/li>\n<li>La herida \u2013 4:02<\/li>\n<li>F\u00e9nix \u2013 5:08<\/li>\n<li>N\u00e9mesis \u2013 3:30<\/li>\n<\/ol>\n<p><a href=\"https:\/\/lnk.to\/erase-KaEYyU\" target=\"_blank\" rel=\"noopener nofollow\">En plataformas digitales<\/a> <a href=\"https:\/\/medicinemusic.es\/tienda-oficial\/escenario-heavy\/artistas-heavy\/dunedain\/\" target=\"_blank\" rel=\"noopener nofollow\"> Compra tu CD, vinilo y merchandise<\/a><\/p>\n<p>Tras los adelantos \u201cF\u00e9nix\u201d y \u201cLa misma canci\u00f3n\u201d, el 7 de noviembre lleg\u00f3 el sexto \u00e1lbum de estudio de <a href=\"https:\/\/www.dunedain.es\/\" target=\"_blank\" rel=\"noopener nofollow\"><strong>DUNEDAIN<\/strong><\/a>. Con producci\u00f3n de Dan D\u00edez y masterizaci\u00f3n de Leon Zervos (Aerosmith, Muse\u2026), \u201c\u00c9rase\u201d viene cargado de fuerza, emoci\u00f3n y el sello inconfundible de <a href=\"https:\/\/www.dunedain.es\/\" target=\"_blank\" rel=\"noopener nofollow\"><strong>DUNEDAIN<\/strong><\/a>. La portada y dise\u00f1o son una espectacular obra de Marcos Rodriguez (M\u00e4go de Oz).<\/p>\n<p><img loading=\"lazy\" decoding=\"async\" src=\"https:\/\/www.europesays.com\/es\/wp-content\/uploads\/2025\/10\/erase500.jpg\" alt=\"DUNEDAIN\" width=\"500\" height=\"509\"\/><\/p>\n<p style=\"text-align: center;\">Estos son sus adelantos\/Videos:<\/p>\n<p>\u00a0<\/p>\n<p>\u00a0<\/p>\n<p>\u00a0<\/p>\n<p>\u00a0<\/p>\n","protected":false},"excerpt":{"rendered":"\u00a0 \u00a0 DUNEDAIN: \u00c9xito en su inicio de gira. Lleno en VALLADOLID. A la espera de la cr\u00f3nica&hellip;\n","protected":false},"author":2,"featured_media":268355,"comment_status":"","ping_status":"","sticky":false,"template":"","format":"standard","meta":{"footnotes":""},"categories":[170],"tags":[27809,146,147,25,24,184,185,23],"class_list":{"0":"post-268354","1":"post","2":"type-post","3":"status-publish","4":"format-standard","5":"has-post-thumbnail","7":"category-musica","8":"tag-dunedain","9":"tag-entertainment","10":"tag-entretenimiento","11":"tag-es","12":"tag-espana","13":"tag-music","14":"tag-musica","15":"tag-spain"},"share_on_mastodon":{"url":"https:\/\/pubeurope.com\/@es\/115653622466641991","error":""},"_links":{"self":[{"href":"https:\/\/www.europesays.com\/es\/wp-json\/wp\/v2\/posts\/268354","targetHints":{"allow":["GET"]}}],"collection":[{"href":"https:\/\/www.europesays.com\/es\/wp-json\/wp\/v2\/posts"}],"about":[{"href":"https:\/\/www.europesays.com\/es\/wp-json\/wp\/v2\/types\/post"}],"author":[{"embeddable":true,"href":"https:\/\/www.europesays.com\/es\/wp-json\/wp\/v2\/users\/2"}],"replies":[{"embeddable":true,"href":"https:\/\/www.europesays.com\/es\/wp-json\/wp\/v2\/comments?post=268354"}],"version-history":[{"count":0,"href":"https:\/\/www.europesays.com\/es\/wp-json\/wp\/v2\/posts\/268354\/revisions"}],"wp:featuredmedia":[{"embeddable":true,"href":"https:\/\/www.europesays.com\/es\/wp-json\/wp\/v2\/media\/268355"}],"wp:attachment":[{"href":"https:\/\/www.europesays.com\/es\/wp-json\/wp\/v2\/media?parent=268354"}],"wp:term":[{"taxonomy":"category","embeddable":true,"href":"https:\/\/www.europesays.com\/es\/wp-json\/wp\/v2\/categories?post=268354"},{"taxonomy":"post_tag","embeddable":true,"href":"https:\/\/www.europesays.com\/es\/wp-json\/wp\/v2\/tags?post=268354"}],"curies":[{"name":"wp","href":"https:\/\/api.w.org\/{rel}","templated":true}]}}