{"id":268360,"date":"2025-12-03T03:59:17","date_gmt":"2025-12-03T03:59:17","guid":{"rendered":"https:\/\/www.europesays.com\/es\/268360\/"},"modified":"2025-12-03T03:59:17","modified_gmt":"2025-12-03T03:59:17","slug":"team-total-celebra-en-clan-la-semana-de-eurovision-junior","status":"publish","type":"post","link":"https:\/\/www.europesays.com\/es\/268360\/","title":{"rendered":"&#8216;Team Total&#8217; celebra en Clan la semana de Eurovisi\u00f3n Junior"},"content":{"rendered":"<p><strong><a href=\"https:\/\/www.rtve.es\/infantil\/series\/team-total\/\" rel=\"nofollow noopener\" target=\"_blank\">\u2018Team Total\u2019<\/a><\/strong> se llena de m\u00fasica e invitados especiales en los d\u00edas previos a <a href=\"https:\/\/www.rtve.es\/television\/eurovision-junior\/\" rel=\"nofollow noopener\" target=\"_blank\">Eurovisi\u00f3n Junior<\/a>. Cada dia, artistas y especialistas en el festival plantear\u00e1n retos y juegos a la audiencia, en una semana que culminar\u00e1 con una conexi\u00f3n con <strong><a href=\"https:\/\/www.rtve.es\/television\/20250723\/gonzalo-pinillos-representante-espana-eurovision-junior-2025\/16674846.shtml\" rel=\"nofollow noopener\" target=\"_blank\">Gonzalo Pinillos<\/a><\/strong>, nuestro representante en Georgia, para desearle suerte en la gran final del 13 de diciembre. <\/p>\n<p style=\"text-align:justify;\">El lunes 8 de diciembre visitar\u00e1n el programa <strong>Tony Aguilar<\/strong> y <strong>Julia Varela<\/strong>. El comentarista de Eurovisi\u00f3n Junior y los presentadores de \u2018Team Total\u2019 se enfrentar\u00e1n a un \u00e9pico duelo a tres: \u00bfqui\u00e9n ser\u00e1 capaz de reconocer m\u00e1s canciones de Eurovisi\u00f3n Junior mediante emojis? Adem\u00e1s, se har\u00e1 un karaoke con claners en la Total House y se podr\u00e1n cantar temas de Eurovisi\u00f3n Junior como \u2018Antes muerta que sencilla\u2019 , \u2018Loviu\u2019 o \u2018Como la Lola\u2019, con los comentarios en directo de Tony y Julia. <\/p>\n<p style=\"text-align:justify;\">El martes 9, el programa recibir\u00e1 a la representante de Eurovisi\u00f3n Junior 2024, <strong><a href=\"https:\/\/www.rtve.es\/play\/colecciones\/chloe-delarosa\/3163\/\" rel=\"nofollow noopener\" target=\"_blank\">Chloe DelaRosa<\/a><\/strong>. Los espectadores podr\u00e1n jugar con ella a \u2018\u00a1Para flipar! (Versi\u00f3n Eurovisiva)\u2019. \u00bfSer\u00e1n verdad o mentira las afirmaciones que lance Mia, la Inteligencia Artificial del programa? <\/p>\n<p>Estar\u00e1n acompa\u00f1ados de unos invitados muy eurovisivos<\/p>\n<p style=\"text-align:justify;\">El mi\u00e9rcoles, la Total House tendr\u00e1 como invitada a la cantante <strong><a href=\"https:\/\/www.rtve.es\/television\/20210625\/nerea-rodriguez-soy-adicta-trabajo\/2111665.shtml\" rel=\"nofollow noopener\" target=\"_blank\">Nerea Rodr\u00edguez<\/a><\/strong> para jugar a \u2018Eurofichados\u2019 con ella. El objetivo: acertar qu\u00e9 personaje de Eurovisi\u00f3n Junior es mediante las pistas que les van lanzando.<\/p>\n<p style=\"text-align:justify;\">El jueves habr\u00e1 una visita muy top: <a href=\"https:\/\/www.rtve.es\/television\/20231126\/sandra-valero-quien-eurovision-junior-espana\/2462130.shtml\" rel=\"nofollow noopener\" target=\"_blank\">la subcampeona de Eurovisi\u00f3n Junior 2023<\/a>. <strong><a href=\"https:\/\/www.rtve.es\/television\/eurovision-junior\/sandra-valero\/\" rel=\"nofollow noopener\" target=\"_blank\">Sandra Valero<\/a><\/strong> participar\u00e1 en el programa para jugar a \u2018Contin\u00faa la canci\u00f3n\u2019. El programa conectar\u00e1 con <strong>Gonzalo Pinillos<\/strong> para ver c\u00f3mo est\u00e1 viviendo los d\u00edas previos a la final, y se pedir\u00e1 a los claners que le env\u00eden un mensaje para darle \u00e1nimo.<\/p>\n<p style=\"text-align:justify;\">Y cada d\u00eda, <strong>\u2018Euromisi\u00f3n\u2019<\/strong>: diferentes personalidades que han pasado por el festival plantear\u00e1n una pregunta en formato v\u00eddeo y los claners tendr\u00e1n que votar cu\u00e1l creen que es la opci\u00f3n correcta. Adem\u00e1s, habr\u00e1 una <strong>\u2018Europorra\u2019<\/strong>: cada uno de los invitados de la semana dejar\u00e1 en un sobre su predicci\u00f3n del Top 3 de Eurovisi\u00f3n Junior 2025. El lunes 15 se abrir\u00e1n y se descubrir\u00e1 si alguien ha acertado. <\/p>\n<p><strong>\u2018Team Total\u2019 <\/strong><\/p>\n<p style=\"text-align:justify;\">Estrenado en septiembre, \u2018Team Total\u2019 es el <strong>primer programa en directo de la historia de Clan<\/strong>. Cada tarde, <strong>Aina Garriga y Hugo P\u00e9rez <\/strong>presentan los contenidos m\u00e1s interesantes para el p\u00fablico preadolescente. Un formato producido por RTVE en colaboraci\u00f3n con Kokoro Content, productora especialista en contenido digital, joven y plataformas. <\/p>\n<p style=\"text-align:justify;\">\u2018Team Total\u2019 forma parte del proyecto <a href=\"https:\/\/www.rtve.es\/infantil\/series\/aprendemos-clan\/\" rel=\"nofollow noopener\" target=\"_blank\">\u2018Aprendemos en Clan\u2019<\/a>, desarrollado con el apoyo del Ministerio de Educaci\u00f3n. El programa busca generar un espacio con contenidos de calidad que ayude a los preadolescentes a desarrollar su alfabetizaci\u00f3n medi\u00e1tica, mejorando su capacidad de pensamiento cr\u00edtico y fomentando la creatividad. Siempre sin olvidar el entretenimiento como eje vertebrador del formato. <\/p>\n","protected":false},"excerpt":{"rendered":"\u2018Team Total\u2019 se llena de m\u00fasica e invitados especiales en los d\u00edas previos a Eurovisi\u00f3n Junior. Cada dia,&hellip;\n","protected":false},"author":2,"featured_media":268361,"comment_status":"","ping_status":"","sticky":false,"template":"","format":"standard","meta":{"footnotes":""},"categories":[91],"tags":[146,147,25,24,23],"class_list":{"0":"post-268360","1":"post","2":"type-post","3":"status-publish","4":"format-standard","5":"has-post-thumbnail","7":"category-entretenimiento","8":"tag-entertainment","9":"tag-entretenimiento","10":"tag-es","11":"tag-espana","12":"tag-spain"},"share_on_mastodon":{"url":"https:\/\/pubeurope.com\/@es\/115653637947352763","error":""},"_links":{"self":[{"href":"https:\/\/www.europesays.com\/es\/wp-json\/wp\/v2\/posts\/268360","targetHints":{"allow":["GET"]}}],"collection":[{"href":"https:\/\/www.europesays.com\/es\/wp-json\/wp\/v2\/posts"}],"about":[{"href":"https:\/\/www.europesays.com\/es\/wp-json\/wp\/v2\/types\/post"}],"author":[{"embeddable":true,"href":"https:\/\/www.europesays.com\/es\/wp-json\/wp\/v2\/users\/2"}],"replies":[{"embeddable":true,"href":"https:\/\/www.europesays.com\/es\/wp-json\/wp\/v2\/comments?post=268360"}],"version-history":[{"count":0,"href":"https:\/\/www.europesays.com\/es\/wp-json\/wp\/v2\/posts\/268360\/revisions"}],"wp:featuredmedia":[{"embeddable":true,"href":"https:\/\/www.europesays.com\/es\/wp-json\/wp\/v2\/media\/268361"}],"wp:attachment":[{"href":"https:\/\/www.europesays.com\/es\/wp-json\/wp\/v2\/media?parent=268360"}],"wp:term":[{"taxonomy":"category","embeddable":true,"href":"https:\/\/www.europesays.com\/es\/wp-json\/wp\/v2\/categories?post=268360"},{"taxonomy":"post_tag","embeddable":true,"href":"https:\/\/www.europesays.com\/es\/wp-json\/wp\/v2\/tags?post=268360"}],"curies":[{"name":"wp","href":"https:\/\/api.w.org\/{rel}","templated":true}]}}