{"id":268368,"date":"2025-12-03T04:03:14","date_gmt":"2025-12-03T04:03:14","guid":{"rendered":"https:\/\/www.europesays.com\/es\/268368\/"},"modified":"2025-12-03T04:03:14","modified_gmt":"2025-12-03T04:03:14","slug":"alli-ganaba-400-euros-aqui-me-dejo-la-espalda-por-1-300-y-se-valora","status":"publish","type":"post","link":"https:\/\/www.europesays.com\/es\/268368\/","title":{"rendered":"\u00abAll\u00ed ganaba 400 euros, aqu\u00ed me dejo la espalda por 1.300 y se valora"},"content":{"rendered":"\n<ul class=\"bodyList bodyList--unordered\">\n<li class=\"bodyList__item\"><a href=\"https:\/\/www.elconfidencial.com\/alma-corazon-vida\/2025-11-12\/santo-fontanero-madrid-autonomo-experiencia-1qrt_4246135\/\" target=\"_self\" rel=\"nofollow noopener\">Santi, fontanero en Madrid: \u201cVi que la gente estaba ganando mucho dinero, yo ten\u00eda un sueldo y dije, &#8216;\u00bfqu\u00e9 hay que hacer para ganar lo que t\u00fa est\u00e1s ganando?'\u00bb<\/a><\/li>\n<li class=\"bodyList__item\"><a href=\"https:\/\/profile.google.com\/cp\/CgsvZy8xMjI2ZzRoMA\" target=\"_blank\" rel=\"nofollow noopener\">Sigue a El Confidencial en Google Discover para enterarte de todas las noticias<\/a><\/li>\n<\/ul>\n<p> <b>Albino<\/b>, un <strong>alba\u00f1il boliviano afincado en Espa\u00f1a<\/strong>, describe sin adornos un oficio que exige esfuerzo f\u00edsico, experiencia y una dedicaci\u00f3n diaria que no siempre se reconoce. Su comparaci\u00f3n salarial entre ambos pa\u00edses, as\u00ed como el impacto del <strong>desgaste f\u00edsico,<\/strong> sit\u00faan el debate sobre la valoraci\u00f3n del trabajo manual en el centro de la conversaci\u00f3n. <\/p>\n<p> La informaci\u00f3n procede de una <a href=\"https:\/\/www.youtube.com\/watch?v=VPZl-yh3B84\" target=\"_blank\" rel=\"nofollow noopener\">entrevista<\/a> publicada en el canal de YouTube <b>(<a href=\"https:\/\/www.youtube.com\/@AdrianG.Martin\" target=\"_blank\" rel=\"nofollow noopener\">@AdrianG.Martin<\/a>)<\/b>, grabada en una obra en marcha, donde varios profesionales explican sus tareas, salarios y riesgos. En ese contexto, Albino se\u00f1ala:<strong> \u201cAll\u00ed ganaba 400 euros, aqu\u00ed me dejo la espalda por 1.300 y se valora\u201d.<\/strong> <\/p>\n<p>              <img decoding=\"async\" class=\"inTextNews__img\" alt=\"Foto: pablo-albanil-noruega-fontanero-4100-euros-30-impuestos\" src=\"https:\/\/www.europesays.com\/es\/wp-content\/uploads\/2025\/12\/f.elconfidencial.com\/original\/bf1\/5c1\/b35\/bf15c1b35bfc4f473f8848de29a33c67.jpg\"  \/>     <\/p>\n<p>TE PUEDE INTERESAR<\/p>\n<p>      <a class=\"inTextNews__title\" href=\"https:\/\/www.elconfidencial.com\/alma-corazon-vida\/2025-10-16\/pablo-albanil-noruega-fontanero-4100-euros-30-impuestos_4226580\/\" onclick=\"window.ECCO.emit(&#039;amplitude&#039;, { dataEventName: &#039;click_related_article_module&#039;, data: { related_article_url: &#039;https:\/\/www.elconfidencial.com\/alma-corazon-vida\/2025-10-16\/pablo-albanil-noruega-fontanero-4100-euros-30-impuestos_4226580\/&#039;, related_article_author: &#039;\u00c1lvaro El\u00edas&#039;, related_article_section: &#039;alma-corazon-vida&#039; } })\" rel=\"nofollow noopener\" target=\"_blank\"> Pablo, alba\u00f1il espa\u00f1ol en Noruega: \u00abUn fontanero gana unos 4.100 euros y hay que quitarle un 30% de impuestos\u00bb <\/a>   <\/p>\n<p>    El Confidencial   <\/p>\n<p>           Condiciones, salarios y riesgos diarios           <\/p>\n<p> El v\u00eddeo muestra el peso real del trabajo. Los alba\u00f1iles explican que<strong> llegan a mover \u201c50, 100 sacos\u201d al d\u00eda, cada uno de \u201c25 kg\u201d,<\/strong> y advierten del desgaste acumulado: \u201ctodos de la espalda hecha polvo\u201d. A ello se suma la <strong>peligrosidad <\/strong>inherente: \u201ces un trabajo peligroso si no sabes lo que est\u00e1s haciendo y si no tomas las precauciones adecuadas\u201d, apunta uno de los entrevistados. <\/p>\n<p> La estructura salarial tambi\u00e9n queda detallada. Albino explica que<strong> un alba\u00f1il en Espa\u00f1a puede cobrar \u201c1.300, 1.400\u201d euros, mientras que en Bolivia percib\u00eda \u201cunos 400\u201d.<\/strong> Otros profesionales confirman que un pe\u00f3n ronda los 900-1.000 euros y que un encargado puede situarse<strong> entre 1.600 y 1.800.<\/strong> Pese a ello, coinciden en que \u201cno estamos bien pagados\u201d en relaci\u00f3n con la exigencia f\u00edsica y los riesgos. <\/p>\n<p>              <img decoding=\"async\" class=\"inTextNews__img\" alt=\"Foto: lexi-abreu-electricista-generacion-z-1qrt\" src=\"https:\/\/www.europesays.com\/es\/wp-content\/uploads\/2025\/12\/f.elconfidencial.com\/original\/ff8\/b6b\/5e9\/ff8b6b5e999a608e0fbc5448b096246e.jpg\"  \/>     <\/p>\n<p>TE PUEDE INTERESAR<\/p>\n<p>      <a class=\"inTextNews__title\" href=\"https:\/\/www.elconfidencial.com\/tecnologia\/2024-10-08\/lexi-abreu-electricista-generacion-z-1qrt_3979016\/\" onclick=\"window.ECCO.emit(&#039;amplitude&#039;, { dataEventName: &#039;click_related_article_module&#039;, data: { related_article_url: &#039;https:\/\/www.elconfidencial.com\/tecnologia\/2024-10-08\/lexi-abreu-electricista-generacion-z-1qrt_3979016\/&#039;, related_article_author: &#039;R. Badillo&#039;, related_article_section: &#039;tecnologia&#039; } })\" rel=\"nofollow noopener\" target=\"_blank\"> Tiene 27 a\u00f1os y gana 182.000 euros al a\u00f1o como electricista: \u201cA diferencia de un trabajo de oficina&#8230;\u201d <\/a>   <\/p>\n<p>    R. Badillo   <\/p>\n<p>           Falta de relevo generacional y presi\u00f3n del mercado           <\/p>\n<p> La entrevista pone sobre la mesa otro problema: <strong>la <a href=\"https:\/\/www.elconfidencial.com\/economia\/2024-12-24\/relevo-generacional-mas-jubilaciones-que-incorporaciones_4026366\/\" target=\"_self\" rel=\"nofollow noopener\">falta de j\u00f3venes formados<\/a><\/strong>. \u201cConozco mucha gente joven, no les interesa trabajar de alba\u00f1il\u201d, afirma uno de los encargados, que advierte de que esta carencia puede comprometer el futuro del sector. Tambi\u00e9n se describe c\u00f3mo la <strong>subida del coste de los materiales<\/strong> \u2014\u00bbuna teja val\u00eda 0,49 c\u00e9ntimos, ahora 1,10\u201d\u2014 y los retrasos administrativos complican a\u00fan m\u00e1s la actividad. <\/p>\n<p> A pesar de las dificultades, muchos <strong>destacan el orgullo de su trabajo. \u201cEsto lo he hecho yo por mis manos\u201d<\/strong>, comenta uno de los alba\u00f1iles al mostrar una terraza reci\u00e9n terminada. Ese sentimiento, unido a la necesidad social del oficio, sostiene una profesi\u00f3n que afirma seguir adelante entre <strong>esfuerzo, vocaci\u00f3n<\/strong> y una reivindicaci\u00f3n constante de <strong>reconocimiento<\/strong>. <\/p>\n","protected":false},"excerpt":{"rendered":"Santi, fontanero en Madrid: \u201cVi que la gente estaba ganando mucho dinero, yo ten\u00eda un sueldo y dije,&hellip;\n","protected":false},"author":2,"featured_media":268369,"comment_status":"","ping_status":"","sticky":false,"template":"","format":"standard","meta":{"footnotes":""},"categories":[8],"tags":[17,18,25,24,13,14,11,19,20,9,10,15,16,23,12,21,22],"class_list":{"0":"post-268368","1":"post","2":"type-post","3":"status-publish","4":"format-standard","5":"has-post-thumbnail","7":"category-espana","8":"tag-breaking-news","9":"tag-breakingnews","10":"tag-es","11":"tag-espana","12":"tag-featured-news","13":"tag-featurednews","14":"tag-headlines","15":"tag-latest-news","16":"tag-latestnews","17":"tag-news","18":"tag-noticias","19":"tag-noticias-destacadas","20":"tag-noticiasdestacadas","21":"tag-spain","22":"tag-titulares","23":"tag-ultimas-noticias","24":"tag-ultimasnoticias"},"share_on_mastodon":{"url":"https:\/\/pubeurope.com\/@es\/115653653789545913","error":""},"_links":{"self":[{"href":"https:\/\/www.europesays.com\/es\/wp-json\/wp\/v2\/posts\/268368","targetHints":{"allow":["GET"]}}],"collection":[{"href":"https:\/\/www.europesays.com\/es\/wp-json\/wp\/v2\/posts"}],"about":[{"href":"https:\/\/www.europesays.com\/es\/wp-json\/wp\/v2\/types\/post"}],"author":[{"embeddable":true,"href":"https:\/\/www.europesays.com\/es\/wp-json\/wp\/v2\/users\/2"}],"replies":[{"embeddable":true,"href":"https:\/\/www.europesays.com\/es\/wp-json\/wp\/v2\/comments?post=268368"}],"version-history":[{"count":0,"href":"https:\/\/www.europesays.com\/es\/wp-json\/wp\/v2\/posts\/268368\/revisions"}],"wp:featuredmedia":[{"embeddable":true,"href":"https:\/\/www.europesays.com\/es\/wp-json\/wp\/v2\/media\/268369"}],"wp:attachment":[{"href":"https:\/\/www.europesays.com\/es\/wp-json\/wp\/v2\/media?parent=268368"}],"wp:term":[{"taxonomy":"category","embeddable":true,"href":"https:\/\/www.europesays.com\/es\/wp-json\/wp\/v2\/categories?post=268368"},{"taxonomy":"post_tag","embeddable":true,"href":"https:\/\/www.europesays.com\/es\/wp-json\/wp\/v2\/tags?post=268368"}],"curies":[{"name":"wp","href":"https:\/\/api.w.org\/{rel}","templated":true}]}}