{"id":268370,"date":"2025-12-03T04:04:26","date_gmt":"2025-12-03T04:04:26","guid":{"rendered":"https:\/\/www.europesays.com\/es\/268370\/"},"modified":"2025-12-03T04:04:26","modified_gmt":"2025-12-03T04:04:26","slug":"el-espectaculo-de-luz-y-musica-se-estrena-este-viernes-a-las-1900-horas","status":"publish","type":"post","link":"https:\/\/www.europesays.com\/es\/268370\/","title":{"rendered":"El espect\u00e1culo de luz y m\u00fasica se estrena este viernes a las 19:00 horas"},"content":{"rendered":"<p>El Ayuntamiento de Irun estrenar\u00e1 este viernes el espect\u00e1culo de luz y m\u00fasica que ofrecer\u00e1 el gran \u00e1rbol instalado en la plaza Jenaro Etxeandia, una de las principales novedades de la Navidad en la ciudad. A las 19:00 horas, los d\u00edas 5, 6, 7, 12, 13 de diciembre y desde el 19 de diciembre y hasta el 6 de enero incluido, esta propuesta art\u00edstica pensada para todas las edades se convertir\u00e1 as\u00ed en una de las principales novedades del programa navide\u00f1o de este a\u00f1o.<\/p>\n<p>El \u00e1rbol, de grandes dimensiones y transitable en su interior, combina iluminaci\u00f3n LED y proyecciones din\u00e1micas sincronizadas con una banda sonora creada especialmente para la ocasi\u00f3n. El resultado es un juego visual envolvente que transformar\u00e1 la plaza en un espacio sorprendente, marcando el pulso de la Navidad en la ciudad.<\/p>\n<p>La diputada de Turismo, Azahara Dom\u00ednguez, y la delegada de Impulso de Ciudad y Promoci\u00f3n Econ\u00f3mica, Nuria Alzaga, han presentado esta novedad destacando su capacidad para atraer visitantes, dinamizar el comercio local y reforzar el car\u00e1cter acogedor de Irun. Ambas han subrayado que la iniciativa nace con la voluntad de consolidarse como un momento ic\u00f3nico de las fiestas: una cita diaria que invita al encuentro y a compartir la ilusi\u00f3n.<\/p>\n<p>En palabras de Nuria Alzaga, \u00abcada a\u00f1o queremos innovar con elementos nuevos como este \u00e1rbol de Navidad, que m\u00e1s de un adorno iluminado m\u00e1s, pretende ser un reclamo m\u00e1s que la ciudadan\u00eda salga a la calle y viva estos d\u00edas de Navidad como un espacio de encuentro para las familias y las amistades. Buscamos tambi\u00e9n atraer m\u00e1s visitantes y que Irun sea un destino estos d\u00edas\u00bb, ha a\u00f1adido.<\/p>\n<p>Por su parte, la diputada Azahara Dom\u00ednguez, ha se\u00f1alado que \u201cdesde el Departamento de Movilidad, Turismo y Ordenaci\u00f3n del Territorio estamos viendo c\u00f3mo la Navidad est\u00e1 adquiriendo cada vez mayor peso en nuestro turismo. Por eso, este a\u00f1o, por primera vez, hemos puesto en marcha la campa\u00f1a Hator Hator Gipuzkoara, con la que queremos que tanto las y los guipuzcoanos como quienes nos visiten se adentren en el territorio, empap\u00e1ndose de la rica agenda navide\u00f1a que nuestros municipios han organizado para estas fechas\u201d. Azahara Dom\u00ednguez ha remarcado la \u201capuesta estrat\u00e9gica\u201d que est\u00e1 realizando Irun por la Navidad y en la que este a\u00f1o la Diputaci\u00f3n contribuye con este \u00e1rbol y el espect\u00e1culo de luz y sonido. La diputada, ha hecho un llamamiento a disfrutar de las navidades, tanto en Irun como en Gipuzkoa, y a hacerlo \u201cutilizando el transporte p\u00fablico\u201d.<\/p>\n<p>El inicio de este espect\u00e1culo ser\u00e1 a las 19:00 horas, salvo el s\u00e1bado 13 de diciembre, que ser\u00e1 a las 20:00 horas puesto que coincide con el show &#8216;Magic Christmas&#8217; de la compa\u00f1\u00eda Pablo M\u00e9ndez Performances que tendr\u00e1 lugar en la plaza San Juan.<\/p>\n<p>Esta novedad se enmarca en la amplia programaci\u00f3n navide\u00f1a que el Ayuntamiento ha preparado bajo el lema &#8216;Irun brilla por Navidad &#8211; Irun, Gabonetako izarra&#8217;, con un total de 117 actividades culturales, familiares, comerciales y de ocio repartidas por toda la ciudad. Un programa concebido para que cada barrio sienta la Navidad cerca, con propuestas accesibles y pensadas para todos los p\u00fablicos.<\/p>\n<p>Adem\u00e1s de la iluminaci\u00f3n extraordinaria, que este a\u00f1o suma nuevas estructuras y puntos de luz, la ciudad contar\u00e1 con mercado navide\u00f1o, pistas de hielo, actividades juveniles, propuestas para mayores, visitas guiadas, m\u00fasica y numerosas iniciativas impulsadas junto al tejido asociativo de la ciudad.<\/p>\n<p>El Ayuntamiento invita a toda la ciudadan\u00eda a disfrutar del espect\u00e1culo durante los dos pr\u00f3ximos fines de semana y a diario desde el 19 de diciembre, a las 19:00 horas, y a recorrer una programaci\u00f3n dise\u00f1ada para vivir la Navidad.<\/p>\n","protected":false},"excerpt":{"rendered":"El Ayuntamiento de Irun estrenar\u00e1 este viernes el espect\u00e1culo de luz y m\u00fasica que ofrecer\u00e1 el gran \u00e1rbol&hellip;\n","protected":false},"author":2,"featured_media":268371,"comment_status":"","ping_status":"","sticky":false,"template":"","format":"standard","meta":{"footnotes":""},"categories":[5],"tags":[17,18,25,24,13,14,11,19,20,9,10,15,16,23,12,21,22],"class_list":{"0":"post-268370","1":"post","2":"type-post","3":"status-publish","4":"format-standard","5":"has-post-thumbnail","7":"category-titulares","8":"tag-breaking-news","9":"tag-breakingnews","10":"tag-es","11":"tag-espana","12":"tag-featured-news","13":"tag-featurednews","14":"tag-headlines","15":"tag-latest-news","16":"tag-latestnews","17":"tag-news","18":"tag-noticias","19":"tag-noticias-destacadas","20":"tag-noticiasdestacadas","21":"tag-spain","22":"tag-titulares","23":"tag-ultimas-noticias","24":"tag-ultimasnoticias"},"share_on_mastodon":{"url":"https:\/\/pubeurope.com\/@es\/115653657456493905","error":""},"_links":{"self":[{"href":"https:\/\/www.europesays.com\/es\/wp-json\/wp\/v2\/posts\/268370","targetHints":{"allow":["GET"]}}],"collection":[{"href":"https:\/\/www.europesays.com\/es\/wp-json\/wp\/v2\/posts"}],"about":[{"href":"https:\/\/www.europesays.com\/es\/wp-json\/wp\/v2\/types\/post"}],"author":[{"embeddable":true,"href":"https:\/\/www.europesays.com\/es\/wp-json\/wp\/v2\/users\/2"}],"replies":[{"embeddable":true,"href":"https:\/\/www.europesays.com\/es\/wp-json\/wp\/v2\/comments?post=268370"}],"version-history":[{"count":0,"href":"https:\/\/www.europesays.com\/es\/wp-json\/wp\/v2\/posts\/268370\/revisions"}],"wp:featuredmedia":[{"embeddable":true,"href":"https:\/\/www.europesays.com\/es\/wp-json\/wp\/v2\/media\/268371"}],"wp:attachment":[{"href":"https:\/\/www.europesays.com\/es\/wp-json\/wp\/v2\/media?parent=268370"}],"wp:term":[{"taxonomy":"category","embeddable":true,"href":"https:\/\/www.europesays.com\/es\/wp-json\/wp\/v2\/categories?post=268370"},{"taxonomy":"post_tag","embeddable":true,"href":"https:\/\/www.europesays.com\/es\/wp-json\/wp\/v2\/tags?post=268370"}],"curies":[{"name":"wp","href":"https:\/\/api.w.org\/{rel}","templated":true}]}}