{"id":268373,"date":"2025-12-03T04:12:17","date_gmt":"2025-12-03T04:12:17","guid":{"rendered":"https:\/\/www.europesays.com\/es\/268373\/"},"modified":"2025-12-03T04:12:17","modified_gmt":"2025-12-03T04:12:17","slug":"la-euroliga-vive-un-arranque-de-curso-con-banquillos-calientes","status":"publish","type":"post","link":"https:\/\/www.europesays.com\/es\/268373\/","title":{"rendered":"La Euroliga vive un arranque de curso con banquillos calientes"},"content":{"rendered":"<p data-gtm-element-container=\"modulo-texto-link\" class=\"paragraph\">La <strong>Euroliga <\/strong>ha registrado un n\u00famero sin precedentes de cambios de entrenador principal en el inicio de la temporada. Hasta cinco t\u00e9cnicos han abandonado sus puestos en los primeros 13 partidos, estableciendo un nuevo r\u00e9cord para el formato actual, vigente desde la campa\u00f1a 2016-17. Esta cifra representa el 25% de los equipos participantes.<\/p>\n<p data-gtm-element-container=\"modulo-texto-link\" class=\"paragraph\">Los relevos comenzaron el 9 de octubre con la salida de Giannis <strong>Sfairopoulos <\/strong>del <strong>Estrella Roja<\/strong>. Le sigui\u00f3 Joan <strong>Penarroya<\/strong>, quien se desvincul\u00f3 del Bar\u00e7a el 9 de noviembre y la tendencia se intensific\u00f3 con las recientes dimisiones de Ettore <strong>Messina <\/strong>del EA7 Armani <strong>Milan <\/strong>y de Zeljko <strong>Obradovic <\/strong>del <strong>Partizan<\/strong>. Finalmente, Igor Kokoskov dej\u00f3 el Anadolu <strong>Efes <\/strong>esta misma semana.<\/p>\n<p data-gtm-element-container=\"modulo-texto-link\" class=\"paragraph\">Coincidiendo con estas renuncias y despidos, desde Israel rumores apuntaban tambi\u00e9n a inestabilidad en el puesto que ocupa Oded <strong>Kattash <\/strong>aunque finalmente la entidad desminti\u00f3 la idea de sustituirle como entrenador.<\/p>\n<p>                <img loading=\"lazy\" decoding=\"async\" data-full-src=\"https:\/\/www.mundodeportivo.com\/uploads\/2025\/12\/02\/692f262a484c9.jpeg\" alt=\"Pe\u00f1arroya, Obradovic y Messina\" width=\"449\" height=\"435\" src=\"https:\/\/www.europesays.com\/es\/wp-content\/uploads\/2025\/12\/692f262a484c9.jpeg\" class=\"lazy\"\/><\/p>\n<p class=\"caption-title \">Pe\u00f1arroya, Obradovic y Messina<\/p>\n<p>                    P. PUNT\u00cd Y EFE<\/p>\n<p data-gtm-element-container=\"modulo-texto-link\" class=\"paragraph\">Este volumen de movimientos contrasta con temporadas anteriores y es que en la campa\u00f1a 2024-25 solo tres equipos cambiaron de entrenador. El r\u00e9cord absoluto de cambios en una temporada completa fue de ocho (2018-19), todos despidos.<\/p>\n<p data-gtm-element-container=\"modulo-texto-link\" class=\"paragraph\">Las salidas de Zeljko <strong>Obradovic <\/strong>y Ettore <strong>Messina<\/strong>, dos figuras emblem\u00e1ticas del baloncesto europeo, han impactado por la influencia que ten\u00edan en sus respectivos equipos. En ambos casos, sus dimisiones han venido acompa\u00f1adas de problemas de salud. Los mencion\u00f3 <strong>Obradovic <\/strong>tras los \u00faltimos intentos la directiva por hacerle cambiar de idea y tambi\u00e9n aparecieron en el caso de Messina coincidiendo con tres derrotas consecutivas.<\/p>\n<p data-gtm-element-container=\"modulo-texto-link\" class=\"paragraph\">Este impacto en los t\u00e9cnicos ha abierto un debate sobre la exigencia a la que est\u00e1n sometidos en un calendario fren\u00e9tico con m\u00faltiples viajes. Luca <strong>Banchi<\/strong>, actual seleccionador de <strong>Italia <\/strong>y ex entrenador de Euroliga, reaccion\u00f3 con esa reflexi\u00f3n a esta oleada de despidos y dimisiones. Tras una victoria en las eliminatorias del PreMundial contra <strong>Lituania<\/strong>, coment\u00f3 que el calendario europeo est\u00e1 \u201cmatando\u201d a los entrenadores atribuyendo responsabilidad a la intensidad del calendario. \u201cSon muchos cambios, esto merece una conversaci\u00f3n m\u00e1s profunda sobre el enfoque, el calendario y c\u00f3mo juzgamos las victorias y las derrotas\u201d, afirm\u00f3 Banchi. \u201cSi queremos emular a la <strong>NBA <\/strong>con un calendario as\u00ed, lamentablemente tenemos que aceptar que estamos creando condiciones donde perder se vuelve m\u00e1s probable. El valor de un solo partido disminuye. Si alguien dice que cada partido importa, no estoy de acuerdo\u201d. Banchi enfatiz\u00f3 la inviabilidad: \u201cCon este calendario, no es humano. Jugar cada noche, cada partido, no deja tiempo para descansar, recuperarse o prepararse adecuadamente\u201d.<\/p>\n<p>        Lee tambi\u00e9n<\/p>\n<p>    Eloy Rodellar<\/p>\n<p>             <img loading=\"lazy\" decoding=\"async\" data-full-src=\"https:\/\/www.mundodeportivo.com\/uploads\/2025\/10\/10\/68e96a10648d4.jpeg\" alt=\"Jasikevicius dirigendo un partido con el Fenerbahce\" width=\"334\" height=\"164\" src=\"https:\/\/www.europesays.com\/es\/wp-content\/uploads\/2025\/12\/68e96a10648d4.r_d.1271-1002.jpeg\" class=\"lazy\"\/><\/p>\n<p data-gtm-element-container=\"modulo-texto-link\" class=\"paragraph\">De igual manera, las dimisiones de <strong>Messina <\/strong>y <strong>Obradovic <\/strong>parecen abrir una nueva era en cada uno de esos clubs por la influencia que sus figuras han tenido hasta ahora. En el caso de la entidad lombarda, el elegido para relevar a Messina es Peppe <strong>Poeta<\/strong>, ex jugador del Baskonia que se retir\u00f3 hace tres a\u00f1os cambiando la pista por los banquillos. Su principal aval es el trabajo con el Germani <strong>Brescia<\/strong>, al que llev\u00f3 a la final de la Liga el pasado a\u00f1o.<\/p>\n<p data-gtm-element-container=\"modulo-texto-link\" class=\"paragraph\">En el Partizan el t\u00e9cnico Mirko <strong>Ocokoljic <\/strong>dirigir\u00e1 al equipo de forma interina. Este martes el club anunci\u00f3 que el legendario Zarko <strong>Paspalj <\/strong>ser\u00e1 el nuevo director t\u00e9cnico en sustituci\u00f3n de Zoran <strong>Savic<\/strong>.<\/p>\n","protected":false},"excerpt":{"rendered":"La Euroliga ha registrado un n\u00famero sin precedentes de cambios de entrenador principal en el inicio de la&hellip;\n","protected":false},"author":2,"featured_media":268374,"comment_status":"","ping_status":"","sticky":false,"template":"","format":"standard","meta":{"footnotes":""},"categories":[269],"tags":[299,298,168,25,24,23,167],"class_list":{"0":"post-268373","1":"post","2":"type-post","3":"status-publish","4":"format-standard","5":"has-post-thumbnail","7":"category-baloncesto","8":"tag-baloncesto","9":"tag-basketball","10":"tag-deportes","11":"tag-es","12":"tag-espana","13":"tag-spain","14":"tag-sports"},"share_on_mastodon":{"url":"https:\/\/pubeurope.com\/@es\/115653689332509336","error":""},"_links":{"self":[{"href":"https:\/\/www.europesays.com\/es\/wp-json\/wp\/v2\/posts\/268373","targetHints":{"allow":["GET"]}}],"collection":[{"href":"https:\/\/www.europesays.com\/es\/wp-json\/wp\/v2\/posts"}],"about":[{"href":"https:\/\/www.europesays.com\/es\/wp-json\/wp\/v2\/types\/post"}],"author":[{"embeddable":true,"href":"https:\/\/www.europesays.com\/es\/wp-json\/wp\/v2\/users\/2"}],"replies":[{"embeddable":true,"href":"https:\/\/www.europesays.com\/es\/wp-json\/wp\/v2\/comments?post=268373"}],"version-history":[{"count":0,"href":"https:\/\/www.europesays.com\/es\/wp-json\/wp\/v2\/posts\/268373\/revisions"}],"wp:featuredmedia":[{"embeddable":true,"href":"https:\/\/www.europesays.com\/es\/wp-json\/wp\/v2\/media\/268374"}],"wp:attachment":[{"href":"https:\/\/www.europesays.com\/es\/wp-json\/wp\/v2\/media?parent=268373"}],"wp:term":[{"taxonomy":"category","embeddable":true,"href":"https:\/\/www.europesays.com\/es\/wp-json\/wp\/v2\/categories?post=268373"},{"taxonomy":"post_tag","embeddable":true,"href":"https:\/\/www.europesays.com\/es\/wp-json\/wp\/v2\/tags?post=268373"}],"curies":[{"name":"wp","href":"https:\/\/api.w.org\/{rel}","templated":true}]}}