{"id":268375,"date":"2025-12-03T04:13:09","date_gmt":"2025-12-03T04:13:09","guid":{"rendered":"https:\/\/www.europesays.com\/es\/268375\/"},"modified":"2025-12-03T04:13:09","modified_gmt":"2025-12-03T04:13:09","slug":"atletico-de-madrid-oblak-sufrimos-bastante-pero-hay-que-levantar-la-cabeza-y-seguir-adelante","status":"publish","type":"post","link":"https:\/\/www.europesays.com\/es\/268375\/","title":{"rendered":"Atl\u00e9tico de Madrid | Oblak: \u00abSufrimos bastante, pero hay que levantar la cabeza y seguir adelante\u00bb"},"content":{"rendered":"<p data-gtm-element-container=\"modulo-texto-link\" class=\"paragraph\"><strong>Jan Oblak,<\/strong> arquero del <strong>Atl\u00e9tico de Madrid<\/strong>, se lament\u00f3 del resultado y del partido disputado ante el <strong>FC Barcelona.<\/strong><\/p>\n<p>        Lee tambi\u00e9n<\/p>\n<p>    Chema G. Fuente<\/p>\n<p>             <img loading=\"lazy\" decoding=\"async\" data-full-src=\"https:\/\/www.mundodeportivo.com\/uploads\/2025\/12\/02\/692f4ae5e5662.jpeg\" alt=\"Johnny Cardoso, futbolista del Atl\u00e9tico de Madrid, se tuvo que retirar tocado.\" width=\"334\" height=\"164\" src=\"https:\/\/www.europesays.com\/es\/wp-content\/uploads\/2025\/12\/692f4ae5e5662.jpeg\" class=\"lazy\"\/><\/p>\n<p data-gtm-element-container=\"modulo-texto-link\" class=\"paragraph\">\u201cEl <strong>Bar\u00e7a <\/strong>fue superior, al final tuvimos dos ocasiones que podr\u00edamos empatar, no lo conseguimos y al final ellos metieron el tercero. Infelizmente, no pudimos llevarnos los puntos, cortamos una racha buena. A seguir adelante, a levantar la cabeza y seguir adelante\u201d, coment\u00f3 el guardameta esloveno, que tiene claro qu\u00e9 le falt\u00f3 su equipo en el <strong>Camp Nou.<\/strong><\/p>\n<p data-gtm-element-container=\"modulo-texto-link\" class=\"paragraph\">\u201cNos falt\u00f3 gol, encajamos tres, nos falt\u00f3 alg\u00fan gol m\u00e1s para ganar el partido. El <strong>Bar\u00e7a <\/strong>hizo un gran partido, tuvieron bastantes ocasiones que no las aprovecharon. Nosotros lo intentamos, al final tuvimos dos para empatar, pero no fue posible\u201d, sigui\u00f3 diciendo en palabras a <strong>Movistar<\/strong>.<\/p>\n<p>        Lee tambi\u00e9n<\/p>\n<p>    Chema G. Fuente<\/p>\n<p>             <img loading=\"lazy\" decoding=\"async\" data-full-src=\"https:\/\/www.mundodeportivo.com\/uploads\/2025\/12\/02\/692f568f3279e.jpeg\" alt=\"Horizontal\" width=\"334\" height=\"164\" src=\"https:\/\/www.europesays.com\/es\/wp-content\/uploads\/2025\/12\/692f568f3279e.r_d.2211-2858.jpeg\" class=\"lazy\"\/><\/p>\n<p data-gtm-element-container=\"modulo-texto-link\" class=\"paragraph\">El esloveno reconoci\u00f3 que el funcionamiento defensivo no fue el deseado. \u201cSufrimos bastante. Estos balones por dentro entraron bastante f\u00e1cil y hablamos de eso, pero con la calidad que tienen encontraron los espacios, nos hicieron mucho da\u00f1o en los balones entre el central y el lateral\u201d, a\u00f1adi\u00f3 el guardameta.<\/p>\n","protected":false},"excerpt":{"rendered":"Jan Oblak, arquero del Atl\u00e9tico de Madrid, se lament\u00f3 del resultado y del partido disputado ante el FC&hellip;\n","protected":false},"author":2,"featured_media":268376,"comment_status":"","ping_status":"","sticky":false,"template":"","format":"standard","meta":{"footnotes":""},"categories":[268],"tags":[168,25,24,280,282,281,23,167],"class_list":{"0":"post-268375","1":"post","2":"type-post","3":"status-publish","4":"format-standard","5":"has-post-thumbnail","7":"category-futbol","8":"tag-deportes","9":"tag-es","10":"tag-espana","11":"tag-football","12":"tag-futbol","13":"tag-soccer","14":"tag-spain","15":"tag-sports"},"share_on_mastodon":{"url":"https:\/\/pubeurope.com\/@es\/115653693165421170","error":""},"_links":{"self":[{"href":"https:\/\/www.europesays.com\/es\/wp-json\/wp\/v2\/posts\/268375","targetHints":{"allow":["GET"]}}],"collection":[{"href":"https:\/\/www.europesays.com\/es\/wp-json\/wp\/v2\/posts"}],"about":[{"href":"https:\/\/www.europesays.com\/es\/wp-json\/wp\/v2\/types\/post"}],"author":[{"embeddable":true,"href":"https:\/\/www.europesays.com\/es\/wp-json\/wp\/v2\/users\/2"}],"replies":[{"embeddable":true,"href":"https:\/\/www.europesays.com\/es\/wp-json\/wp\/v2\/comments?post=268375"}],"version-history":[{"count":0,"href":"https:\/\/www.europesays.com\/es\/wp-json\/wp\/v2\/posts\/268375\/revisions"}],"wp:featuredmedia":[{"embeddable":true,"href":"https:\/\/www.europesays.com\/es\/wp-json\/wp\/v2\/media\/268376"}],"wp:attachment":[{"href":"https:\/\/www.europesays.com\/es\/wp-json\/wp\/v2\/media?parent=268375"}],"wp:term":[{"taxonomy":"category","embeddable":true,"href":"https:\/\/www.europesays.com\/es\/wp-json\/wp\/v2\/categories?post=268375"},{"taxonomy":"post_tag","embeddable":true,"href":"https:\/\/www.europesays.com\/es\/wp-json\/wp\/v2\/tags?post=268375"}],"curies":[{"name":"wp","href":"https:\/\/api.w.org\/{rel}","templated":true}]}}