{"id":268379,"date":"2025-12-03T04:17:14","date_gmt":"2025-12-03T04:17:14","guid":{"rendered":"https:\/\/www.europesays.com\/es\/268379\/"},"modified":"2025-12-03T04:17:14","modified_gmt":"2025-12-03T04:17:14","slug":"guille-toledano-se-convierte-en-finalista-de-operacion-triunfo-nuevaalcarria","status":"publish","type":"post","link":"https:\/\/www.europesays.com\/es\/268379\/","title":{"rendered":"Guille Toledano se convierte en finalista de Operaci\u00f3n Triunfo | NuevaAlcarria"},"content":{"rendered":"<p data-end=\"600\" data-start=\"258\">El cabanillero Guille Toledano contin\u00faa avanzando\u00a0en Operaci\u00f3n Triunfo 2025. El joven artista de Cabanillas del Campo se clasific\u00f3 este lunes como <strong data-end=\"449\" data-start=\"417\">finalista del talent musical.<\/strong><\/p>\n<p data-end=\"933\" data-start=\"602\">La mec\u00e1nica de la noche establec\u00eda que el jurado otorgar\u00eda las puntuaciones para elegir a <strong data-end=\"720\" data-start=\"692\">tres finalistas directos<\/strong>, que resultaron ser <strong data-end=\"751\" data-start=\"741\">Olivia<\/strong>, con la nota m\u00e1s alta, <strong data-end=\"787\" data-start=\"775\">Cristina<\/strong> y <strong data-end=\"801\" data-start=\"790\">Claudia<\/strong>. Por detr\u00e1s quedaron <strong data-end=\"833\" data-start=\"823\">Guille<\/strong> (como \u00faltimo en la tabla), <strong data-end=\"869\" data-start=\"861\">Ti\u00f1o<\/strong> y <strong data-end=\"881\" data-start=\"872\">Guillo<\/strong>, que pasaban as\u00ed a la valoraci\u00f3n de los profesores.<\/p>\n<p data-end=\"1301\" data-start=\"935\">Sin embargo, estos \u00faltimos mostraron una visi\u00f3n distinta a la del jurado. Los docentes\u00a0decidieron <strong data-end=\"1209\" data-start=\"1181\">salvar a Guille Toledano<\/strong>, d\u00e1ndole el pase directo a la final.<\/p>\n<p data-end=\"1612\" data-start=\"1303\">El artista de Cabanillas volvi\u00f3 adem\u00e1s a aparecer entre los <strong data-end=\"1393\" data-start=\"1363\">tres favoritos del p\u00fablico<\/strong>, una figura simb\u00f3lica en esta \u00faltima gala (al no otorgar inmunidad), pero que evidencia que Toledano mantiene un <strong data-end=\"1542\" data-start=\"1507\">fuerte respaldo de la audiencia<\/strong>, creciendo semana a semana como uno de los concursantes m\u00e1s queridos.<\/p>\n<p><a href=\"https:\/\/ad.doubleclick.net\/ddm\/trackclk\/N5132.645338NUEVAALCARRIA.COM2\/B34624462.435366231;dc_trk_aid=627971741;dc_trk_cid=231013270;dc_lat=;dc_rdid=;tag_for_child_directed_treatment=;tfua=;gdpr=${GDPR};gdpr_consent=${GDPR_CONSENT_755};ltd=;dc_tdv=1\" rel=\"nofollow noopener\" target=\"_blank\">&#13;<br \/>\n&#13;<br \/>\n<img decoding=\"async\" src=\"https:\/\/www.europesays.com\/es\/wp-content\/uploads\/2025\/12\/JCCM INCLUSION TU del 1 al 14 dic 2025.gif\"\/>&#13;<br \/>\n<\/a>&#13;<br \/>\n&#13;<br \/>\n<img loading=\"lazy\" decoding=\"async\" src=\"https:\/\/www.europesays.com\/es\/wp-content\/uploads\/2025\/12\/B34624462.435366231;dc_trk_aid=627971741;dc_trk_cid=231013270;ord=[timestamp];dc_lat=;dc_rdid=;tag_f.gif\" attributionsrc=\"\" border=\"0\" height=\"1\" width=\"1\" alt=\"Advertisement\"\/><\/p>\n<p data-end=\"1830\" data-start=\"1614\">Con Guille ya en la final, el programa encara su recta final. <strong data-end=\"1707\" data-start=\"1676\">Quedan \u00fanicamente dos galas<\/strong>: la pr\u00f3xima, en la que se decidir\u00e1 el <strong data-end=\"1766\" data-start=\"1746\">quinto finalista<\/strong>, y la gran final, donde se conocer\u00e1 al ganador de esta edici\u00f3n.<\/p>\n","protected":false},"excerpt":{"rendered":"El cabanillero Guille Toledano contin\u00faa avanzando\u00a0en Operaci\u00f3n Triunfo 2025. El joven artista de Cabanillas del Campo se clasific\u00f3&hellip;\n","protected":false},"author":2,"featured_media":268380,"comment_status":"","ping_status":"","sticky":false,"template":"","format":"standard","meta":{"footnotes":""},"categories":[171],"tags":[442,146,147,25,24,20129,439,62547,441,185,443,440,222,221,23,214],"class_list":{"0":"post-268379","1":"post","2":"type-post","3":"status-publish","4":"format-standard","5":"has-post-thumbnail","7":"category-tv","8":"tag-actualidad-guadalajara","9":"tag-entertainment","10":"tag-entretenimiento","11":"tag-es","12":"tag-espana","13":"tag-finalista","14":"tag-guadalajara","15":"tag-guille-toledano","16":"tag-informacion-guadalajara","17":"tag-musica","18":"tag-noticias-guadalajara","19":"tag-nueva-alcarria","20":"tag-operacion-triunfo","21":"tag-ot","22":"tag-spain","23":"tag-tv"},"share_on_mastodon":{"url":"https:\/\/pubeurope.com\/@es\/115653708945469670","error":""},"_links":{"self":[{"href":"https:\/\/www.europesays.com\/es\/wp-json\/wp\/v2\/posts\/268379","targetHints":{"allow":["GET"]}}],"collection":[{"href":"https:\/\/www.europesays.com\/es\/wp-json\/wp\/v2\/posts"}],"about":[{"href":"https:\/\/www.europesays.com\/es\/wp-json\/wp\/v2\/types\/post"}],"author":[{"embeddable":true,"href":"https:\/\/www.europesays.com\/es\/wp-json\/wp\/v2\/users\/2"}],"replies":[{"embeddable":true,"href":"https:\/\/www.europesays.com\/es\/wp-json\/wp\/v2\/comments?post=268379"}],"version-history":[{"count":0,"href":"https:\/\/www.europesays.com\/es\/wp-json\/wp\/v2\/posts\/268379\/revisions"}],"wp:featuredmedia":[{"embeddable":true,"href":"https:\/\/www.europesays.com\/es\/wp-json\/wp\/v2\/media\/268380"}],"wp:attachment":[{"href":"https:\/\/www.europesays.com\/es\/wp-json\/wp\/v2\/media?parent=268379"}],"wp:term":[{"taxonomy":"category","embeddable":true,"href":"https:\/\/www.europesays.com\/es\/wp-json\/wp\/v2\/categories?post=268379"},{"taxonomy":"post_tag","embeddable":true,"href":"https:\/\/www.europesays.com\/es\/wp-json\/wp\/v2\/tags?post=268379"}],"curies":[{"name":"wp","href":"https:\/\/api.w.org\/{rel}","templated":true}]}}