{"id":268383,"date":"2025-12-03T04:19:16","date_gmt":"2025-12-03T04:19:16","guid":{"rendered":"https:\/\/www.europesays.com\/es\/268383\/"},"modified":"2025-12-03T04:19:16","modified_gmt":"2025-12-03T04:19:16","slug":"la-educacion-de-polly-mcclusky-la-brutal-huida-de-taron-egerton-libertad-digital","status":"publish","type":"post","link":"https:\/\/www.europesays.com\/es\/268383\/","title":{"rendered":"&#8216;La educaci\u00f3n de Polly McClusky&#8217;, la brutal huida de Taron Egerton &#8211; Libertad Digital"},"content":{"rendered":"<p>Una <strong>ni\u00f1a de 11 a\u00f1os espera en la puerta del colegio <\/strong>a que llegue su madre a recogerla. Poco a poco se va quedando sola hasta que aparece un coche con un hombre, es <strong>su padre que acaba de salir de la c\u00e1rcel <\/strong>y con el que la peque\u00f1a parece que no tiene mucha relaci\u00f3n. Se monta en el coche ante la angustia del espectador, que comprueba c\u00f3mo el veh\u00edculo es robado, y comienza un viaje trepidante.<\/p>\n<p>As\u00ed comienza el thriller de acci\u00f3n <strong>La educaci\u00f3n de Polly McClusky <\/strong>que acaba de llegar a <strong>Prime Video<\/strong>. En la siguiente escena, tras una conversaci\u00f3n en el coche, vemos a Polly (<strong>Ana Sophia Heger<\/strong>), la peque\u00f1a, y su padre Nate (<strong>Taron Egerton<\/strong>) en un motel de carretera. El <strong>padre le est\u00e1 ense\u00f1ando a su hija<\/strong> c\u00f3mo noquear a alguien <strong>con un bate de b\u00e9isbol, <\/strong>primero se golpea en la rodilla y una vez en el suelo en la parte trasera de la cabeza.<\/p>\n<p><a href=\"https:\/\/s1.staticld.com\/2025\/11\/28\/la-educacion-de-polly-mcclusky.jpeg\" target=\"_blank\" rel=\"nofollow noreferrer noopener\" class=\"fancybox\"><img class=\"l\" data-  style=\"aspect-ratio: 16 \/ 9\" alt=\"la-educacion-de-polly-mcclusky.jpeg\"\/><\/a><\/p>\n<p>Taron Egerton en &#8216;La educaci\u00f3n de Polly McClusky&#8217;.<\/p>\n<p>Lejos de ser violencia gratuita, el espectador descubre muy pronto que se trata de una clase de supervivencia important\u00edsima. <strong>Nate ha \u00abmolestado\u00bb a una banda<\/strong> durante su estancia en la c\u00e1rcel, banda que ha mandado asesinar a todos sus allegados. Su exmujer y la pareja actual de \u00e9sta ya han sido eliminados. Ahora buscan a la peque\u00f1a, algo que este padre intenta desesperadamente evitar conduciendo por Nuevo M\u00e9xico <strong>huyendo no s\u00f3lo de la banda asesina, sino tambi\u00e9n de la Polic\u00eda<\/strong>.  <\/p>\n<p><strong>La educaci\u00f3n de Polly McClusky, <\/strong>basada en la novela de <strong>Jordan Harper<\/strong>, aborda con maestr\u00eda el g\u00e9nero de las mafias y sabe aumentar el suspense mientras va introduciendo a personajes secundarios sin perder la trama principal en ning\u00fan momento. Y sin caer en la cursiler\u00eda, nos adentra poco a poco en una <strong>bonita historia de padre e hija<\/strong>, un padre delincuente que est\u00e1 conociendo a su hija por fin. Una hija que poco a poco entender\u00e1 que ese hombre lleno de tatuajes y mirada dolorosa quiere lo mejor para ella.<\/p>\n<blockquote>\n<p>T\u00edtulo original: She Rides Shotgun<br \/>G\u00e9nero: Thriller, Acci\u00f3n<br \/>Pa\u00eds: Estados Unidos<br \/>A\u00f1o: 2025<br \/>Duraci\u00f3n: 120 minutos<br \/>Direcci\u00f3n: Nick Rowland<br \/>Reparto: Ana Sophia Heger, Jamie Bernadette, Goldie Tom, Taron Egerton y Kiko S\u00e1nchez.<br \/>Fecha de estreno en Espa\u00f1a: 26 de noviembre<br \/>Plataforma: Prime Video<\/p>\n<\/blockquote>\n<p>La educaci\u00f3n de Polly McClusky no es el \u00fanico <strong>estreno en streaming<\/strong>. A continuaci\u00f3n los repasamos todos.<\/p>\n<p>Una luna de miel gay regada de muertes<\/p>\n<p><strong>Movistar Plus+  <\/strong>acaba de estrenar la comedia <strong>Adivina qui\u00e9n muere esta noche, <\/strong>una oscura s\u00e1tira, con tintes de terror muy ligero, sobre una <strong>pareja homosexual<\/strong> que se van de vacaciones a Italia para celebrar su d\u00e9cimo aniversario. Quieren aprovechar una escapada rom\u00e1ntica antes de que la agencia de adopci\u00f3n les entregue a su hijo.<\/p>\n<p>    Relacionado<\/p>\n<p>Todo parece perfecto, hasta que las cosas empiezan a descontrolarse y <strong>van asesinando personas de forma totalmente fortuita<\/strong>. S\u00e1tira, humor absurdo, situaciones grotescas y muchos malentendidos son el caldo para abordar temas como la paternidad, el amor de pareja y las falsas esperanzas.<\/p>\n<blockquote>\n<p>T\u00edtulo original: I Don&#8217;t Understand You<br \/>G\u00e9nero: Terror<br \/>Pa\u00eds: EE.UU, Italia<br \/>A\u00f1o: 2024<br \/>Duraci\u00f3n: 96 minutos<br \/>Direcci\u00f3n: Brian Crano, David Joseph Craig<br \/>Reparto: Andrew Rannells, Nick Kroll, Morgan Spector, Nunzia Schiano, Amanda Seyfried<br \/>Fecha de estreno en Espa\u00f1a: 25 de noviembre de 2025<br \/>Plataforma: Movistar Plus+<\/p>\n<\/blockquote>\n<p><a href=\"https:\/\/s1.staticld.com\/2025\/12\/01\/adivina-quien-muere-esta-noche.jpg\" target=\"_blank\" rel=\"nofollow noreferrer noopener\" class=\"fancybox\"><img class=\"l\" data-  style=\"aspect-ratio: 889 \/ 500\" alt=\"adivina-quien-muere-esta-noche.jpg\"\/><\/a><\/p>\n<p>&#8216;Adivina qui\u00e9n muere esta noche&#8217;.<\/p>\n<p><strong>Cine navide\u00f1o <\/strong><\/p>\n<p><strong>Netflix <\/strong>sigue apostando por el cine de Navidad con la comedia <strong>Un robo muy navide\u00f1o<\/strong>. En este caso <strong>dos ladrones novatos <\/strong>han planeado un robo a un famoso centro comercial de Londres la v\u00edspera de Navidad. Sin embargo, el plan comienza a complicarse conforme se van enamorando el uno del otro. <\/p>\n<blockquote>\n<p>T\u00edtulo original: Jingle Bell Heist<br \/>G\u00e9nero: Comedia, Rom\u00e1ntico<br \/>Pa\u00eds: Estados Unidos<br \/>A\u00f1o: 2025<br \/>Duraci\u00f3n: 96 minutos<br \/>Direcci\u00f3n: Michael Fimognari<br \/>Reparto: Olivia Holt, Connor Swindells, Lucy Punch<br \/>Fecha de estreno en Espa\u00f1a: 26 de noviembre de 2025<br \/>Plataforma: Netflix<\/p>\n<\/blockquote>\n<p><a href=\"https:\/\/s1.staticld.com\/2025\/12\/01\/robo-navideno.jpg\" target=\"_blank\" rel=\"nofollow noreferrer noopener\" class=\"fancybox\"><img class=\"l\" data-  style=\"aspect-ratio: 200 \/ 133\" alt=\"robo-navideno.jpg\"\/><\/a><\/p>\n<p>&#8216;Un robo muy navide\u00f1o&#8217;.<\/p>\n<p>Drama rural<\/p>\n<p><strong>Filmin <\/strong>estrena el drama rural<strong> Harvest <\/strong>protagonizada por<strong> Caleb Landry Jones<\/strong>, que acaba de estrenar Dr\u00e1cula. Narra la historia de una comunidad rural aislada, de nombre y lugar indeterminados, cuyas vidas de sus habitantes empiezan a cambiar con la llegada inesperada de tres personajes extra\u00f1os: un cart\u00f3grafo, un inmigrante y un banquero.<\/p>\n","protected":false},"excerpt":{"rendered":"Una ni\u00f1a de 11 a\u00f1os espera en la puerta del colegio a que llegue su madre a recogerla.&hellip;\n","protected":false},"author":2,"featured_media":268384,"comment_status":"","ping_status":"","sticky":false,"template":"","format":"standard","meta":{"footnotes":""},"categories":[169],"tags":[177,146,147,25,24,176,66140,66141,175,1878,66143,13086,23,8768,66142,66144],"class_list":{"0":"post-268383","1":"post","2":"type-post","3":"status-publish","4":"format-standard","5":"has-post-thumbnail","7":"category-cine","8":"tag-cine","9":"tag-entertainment","10":"tag-entretenimiento","11":"tag-es","12":"tag-espana","13":"tag-film","14":"tag-la-educacion-de-polly-mcclusky","15":"tag-luna-de-miel-gay","16":"tag-movies","17":"tag-movistar-plus","18":"tag-padre-exconvicto","19":"tag-prime-video","20":"tag-spain","21":"tag-supervivencia","22":"tag-taron-egerton","23":"tag-thriller-de-accion"},"share_on_mastodon":{"url":"https:\/\/pubeurope.com\/@es\/115653716427759304","error":""},"_links":{"self":[{"href":"https:\/\/www.europesays.com\/es\/wp-json\/wp\/v2\/posts\/268383","targetHints":{"allow":["GET"]}}],"collection":[{"href":"https:\/\/www.europesays.com\/es\/wp-json\/wp\/v2\/posts"}],"about":[{"href":"https:\/\/www.europesays.com\/es\/wp-json\/wp\/v2\/types\/post"}],"author":[{"embeddable":true,"href":"https:\/\/www.europesays.com\/es\/wp-json\/wp\/v2\/users\/2"}],"replies":[{"embeddable":true,"href":"https:\/\/www.europesays.com\/es\/wp-json\/wp\/v2\/comments?post=268383"}],"version-history":[{"count":0,"href":"https:\/\/www.europesays.com\/es\/wp-json\/wp\/v2\/posts\/268383\/revisions"}],"wp:featuredmedia":[{"embeddable":true,"href":"https:\/\/www.europesays.com\/es\/wp-json\/wp\/v2\/media\/268384"}],"wp:attachment":[{"href":"https:\/\/www.europesays.com\/es\/wp-json\/wp\/v2\/media?parent=268383"}],"wp:term":[{"taxonomy":"category","embeddable":true,"href":"https:\/\/www.europesays.com\/es\/wp-json\/wp\/v2\/categories?post=268383"},{"taxonomy":"post_tag","embeddable":true,"href":"https:\/\/www.europesays.com\/es\/wp-json\/wp\/v2\/tags?post=268383"}],"curies":[{"name":"wp","href":"https:\/\/api.w.org\/{rel}","templated":true}]}}