{"id":268391,"date":"2025-12-03T04:25:08","date_gmt":"2025-12-03T04:25:08","guid":{"rendered":"https:\/\/www.europesays.com\/es\/268391\/"},"modified":"2025-12-03T04:25:08","modified_gmt":"2025-12-03T04:25:08","slug":"nasralla-encabeza-por-la-minima","status":"publish","type":"post","link":"https:\/\/www.europesays.com\/es\/268391\/","title":{"rendered":"Nasralla encabeza por la m\u00ednima"},"content":{"rendered":"<p>El Consejo Nacional Electoral (CNE) de Honduras ha <strong>actualizado<\/strong> el recuento de votos en las elecciones presidenciales del pa\u00eds: Salvador <strong>Nasralla <\/strong>consigue un 40,16% de las papeletas frente al 39,70% del conservador Nasry <strong>Asfura<\/strong>. <\/p>\n<p>Seg\u00fan el \u00faltimo corte del Consejo Nacional Electoral (CNE), <strong>con el 70%<\/strong> de las actas escrutadas, Nasralla acumula 893.718 votos frente a los 883.639 sufragios de Asfura. Son <strong>10.079 votos <\/strong>de diferencia. <\/p>\n<p>Este martes, el CNE hablaba de un<strong> \u00abempate t\u00e9cnico\u00bb<\/strong> y ped\u00eda \u00abcalma y tener paciencia\u00bb mientras se revisaban las papeletas. Asfura ten\u00eda, en ese momento, 515 votos m\u00e1s. <\/p>\n<p>El Estado centroamericano acudi\u00f3 este domingo a las urnas: m\u00e1s de seis millones de hondure\u00f1os estaban habilitados para elegir al sucesor de la presidenta Xiomara Castro, quien concluir\u00e1 su mandato el 27 de enero de 2026. En el sistema del pa\u00eds no existe la segunda vuelta y vence quien tenga la mayor\u00eda de sufragios. <\/p>\n<p>Tambi\u00e9n votaron por tres designados presidenciales (vicepresidentes), 128 diputados al Parlamento local, 20 al Centroamericano y 298 corporaciones municipales.<\/p>\n<p>Nasralla espera ser designado \u00abpresidente electo\u00bb<\/p>\n<p>Este martes Nasralla, l\u00edder del Partido Liberal, ha se\u00f1alado en un video que \u00abestamos ganando\u00bb. En el mensaje, tambi\u00e9n ha agradecido al pueblo hondure\u00f1o por respaldar su candidatura con su voto en las elecciones. Nasralla ha indicado que espera que la diferencia de votos aumente en las pr\u00f3ximas horas y pronostic\u00f3 que el mi\u00e9rcoles el CNE podr\u00eda declararlo <strong>\u00abpresidente electo\u00bb<\/strong> de Honduras. <\/p>\n<p>\u00abEstamos pr\u00e1cticamente en la recta final del 35% de votos que falta por computar. No va a variar la tendencia y espero que ma\u00f1ana haya una diferencia indescontable de entre 70.000 y 80.000 votos\u00bb, enfatiz\u00f3.<\/p>\n<p>El candidato pidi\u00f3 a la poblaci\u00f3n mantener la tranquilidad y asegur\u00f3 que, de confirmarse su triunfo, su gobierno ser\u00e1 de unidad nacional e inclusivo, basado en la meritocracia. \u00abNo importa de qu\u00e9 partido sean; si son personas honestas y tienen la capacidad, ser\u00e1n consideradas en nuestro gobierno\u00bb, concluy\u00f3. Nasralla se uni\u00f3 en 2022 al Gobierno de Xiomara Castro como <strong>vicepresidente, <\/strong>aunque lo abandon\u00f3 para adherirse al Partido Liberal. <\/p>\n<p>La candidata oficialista <strong>Rixi Moncada<\/strong>, del izquierdista Partido Libertad y Refundaci\u00f3n (Libre), contin\u00faa en tercer lugar al obtener 409.005 votos (19,07%).<\/p>\n<p>Trump y su entrada en campa\u00f1a<\/p>\n<p>Este martes, mientras se segu\u00edan contando votos, el presidente de EE.UU., Donald <strong>Trump<\/strong>, public\u00f3 un mensaje en su red social sobre <strong>Honduras<\/strong>. En \u00e9l apuntaba a que \u00abparece\u00bb que el pa\u00eds centroamericano \u00abest\u00e1 intentando cambiar los resultados de sus elecciones presidenciales\u00bb. Tras esta afirmaci\u00f3n, el pol\u00edtico republicano a\u00f1adi\u00f3 una amenaza: \u00abSi lo hacen,<strong> habr\u00e1 problemas\u00bb.<\/strong><\/p>\n<p>El mandatario de EE.UU. se inmiscuy\u00f3 en los comicios. As\u00ed, se\u00f1al\u00f3 que Asfura, del Partido Nacional Conservador, es su candidato y que el pa\u00eds solo puede esperar recibir dinero de EE.UU. si \u00e9l gana. Tambi\u00e9n ha indultado al expresidente hondure\u00f1o <strong>Juan Orlando Hernandez<\/strong>, de la misma formaci\u00f3n pol\u00edtica que el elegido de Trump, y que fue condenado en suelo norteamericano por narcotr\u00e1fico.<\/p>\n","protected":false},"excerpt":{"rendered":"El Consejo Nacional Electoral (CNE) de Honduras ha actualizado el recuento de votos en las elecciones presidenciales del&hellip;\n","protected":false},"author":2,"featured_media":268392,"comment_status":"","ping_status":"","sticky":false,"template":"","format":"standard","meta":{"footnotes":""},"categories":[42],"tags":[17,18,13,14,11,61,62,63,64,19,20,9,10,15,16,12,21,22,65,66,67],"class_list":{"0":"post-268391","1":"post","2":"type-post","3":"status-publish","4":"format-standard","5":"has-post-thumbnail","7":"category-internacional","8":"tag-breaking-news","9":"tag-breakingnews","10":"tag-featured-news","11":"tag-featurednews","12":"tag-headlines","13":"tag-internacional","14":"tag-international","15":"tag-international-news","16":"tag-internationalnews","17":"tag-latest-news","18":"tag-latestnews","19":"tag-news","20":"tag-noticias","21":"tag-noticias-destacadas","22":"tag-noticiasdestacadas","23":"tag-titulares","24":"tag-ultimas-noticias","25":"tag-ultimasnoticias","26":"tag-world","27":"tag-world-news","28":"tag-worldnews"},"share_on_mastodon":{"url":"https:\/\/pubeurope.com\/@es\/115653740104648702","error":""},"_links":{"self":[{"href":"https:\/\/www.europesays.com\/es\/wp-json\/wp\/v2\/posts\/268391","targetHints":{"allow":["GET"]}}],"collection":[{"href":"https:\/\/www.europesays.com\/es\/wp-json\/wp\/v2\/posts"}],"about":[{"href":"https:\/\/www.europesays.com\/es\/wp-json\/wp\/v2\/types\/post"}],"author":[{"embeddable":true,"href":"https:\/\/www.europesays.com\/es\/wp-json\/wp\/v2\/users\/2"}],"replies":[{"embeddable":true,"href":"https:\/\/www.europesays.com\/es\/wp-json\/wp\/v2\/comments?post=268391"}],"version-history":[{"count":0,"href":"https:\/\/www.europesays.com\/es\/wp-json\/wp\/v2\/posts\/268391\/revisions"}],"wp:featuredmedia":[{"embeddable":true,"href":"https:\/\/www.europesays.com\/es\/wp-json\/wp\/v2\/media\/268392"}],"wp:attachment":[{"href":"https:\/\/www.europesays.com\/es\/wp-json\/wp\/v2\/media?parent=268391"}],"wp:term":[{"taxonomy":"category","embeddable":true,"href":"https:\/\/www.europesays.com\/es\/wp-json\/wp\/v2\/categories?post=268391"},{"taxonomy":"post_tag","embeddable":true,"href":"https:\/\/www.europesays.com\/es\/wp-json\/wp\/v2\/tags?post=268391"}],"curies":[{"name":"wp","href":"https:\/\/api.w.org\/{rel}","templated":true}]}}