{"id":268406,"date":"2025-12-03T04:38:08","date_gmt":"2025-12-03T04:38:08","guid":{"rendered":"https:\/\/www.europesays.com\/es\/268406\/"},"modified":"2025-12-03T04:38:08","modified_gmt":"2025-12-03T04:38:08","slug":"buenas-letras-rinde-un-emotivo-homenaje-a-enrique-valdivieso-el-academico-que-amo-la-pintura-sevillana","status":"publish","type":"post","link":"https:\/\/www.europesays.com\/es\/268406\/","title":{"rendered":"Buenas Letras rinde un emotivo homenaje a Enrique Valdivieso, el acad\u00e9mico que am\u00f3 la pintura sevillana"},"content":{"rendered":"<p style=\"\">Por cada uno de los poros de la <a href=\"https:\/\/www.academiasevillanadebuenasletras.org\/\" target=\"_self\" data-voc-vtm-id=\"in-text-traffic\" title=\"Real Academia Sevillana de Buenas Letras\" data-mrf-link=\"www.academiasevillanadebuenasletras.org\" rel=\"nofollow noopener\">Real Academia Sevillana de Buenas Letras<\/a> se pod\u00eda respirar y sentir a <strong>Enrique Valdivieso<\/strong>. Parec\u00eda, de hecho, que en cualquier momento hubiera podido aparecer este a\u00f1orado acad\u00e9mico por el sal\u00f3n principal con sus sempiternas diapositivas  &#8230; para ofrecer una conferencia magistral, como la \u00faltima que dio en esta docta casa el pasado 28 de enero, cuando present\u00f3 la reedici\u00f3n de su imprescindible monograf\u00eda sobre <strong>Pedro de Campa\u00f1a<\/strong>. Nadie pod\u00eda adivinar que cinco d\u00edas despu\u00e9s, el fat\u00eddico 2 de febrero, falleciera en su domicilio junto a su esposa, <strong>Carmen Mart\u00ednez<\/strong>. Por tal motivo, Buenas Letras la ha dedicado este martes una emotiva sesi\u00f3n necrol\u00f3gica en la que han participado cinco personas que conoc\u00edan muy bien al catedr\u00e1tico de Historia del Arte de la Universidad de Sevilla: <strong>F\u00e1tima Halc\u00f3n<\/strong>, <strong>Alfredo Morales<\/strong>, <strong>Ram\u00f3n Mar\u00eda Serrera<\/strong>, <strong>Ren\u00e9 Jes\u00fas Payo<\/strong> y <strong>Pilar Le\u00f3n-Castro<\/strong>.<\/p>\n<p class=\"voc-p\" style=\"\"><strong>F\u00e1tima Halc\u00f3n<\/strong> fue alumna suya en la Universidad de Sevilla y una privilegiada al formar parte de ese selecto grupo de estudiantes que se iban con el &#8216;Valdi&#8217; \u2014como cari\u00f1osamente lo conoc\u00edan\u2014 tras terminar las clases al bar La Moneda para participar en una improvisada tertulia en la que continuaban conversando sobre el mundo del arte. \u00ab<strong>Enrique Valdivieso revolucion\u00f3 el departamento de Historia del Arte de la Universidad de Sevilla<\/strong>. Sus clases se abarrotaban de gente, siempre cumpl\u00eda con el temario y los alumnos conserv\u00e1bamos sus apuntes como un tesoro\u00bb, ha comentado. Esta tambi\u00e9n ha destacado la teatralidad que el profesor empleaba en su labor docente. No en vano, a Valdivieso le hubiera encantado ser actor e hizo sus pinitos interpretativos en Valladolid como miembro del Teatro Universitario de aquella ciudad. <\/p>\n<p class=\"voc-p\" style=\"\">El profesor <strong>Alfredo Morales<\/strong> fue, por su parte, un c\u00f3mplice colaborador de Enrique Valdivieso durante muchos a\u00f1os y juntos <strong>realizaron incontables trabajos de campo buscando obras de arte desconocidas<\/strong> para el gran p\u00fablico en iglesias, conventos o palacios sevillanos. Este recuerda cuando vio aparecer por primera vez a su futuro compa\u00f1ero por los Jardines de Murillo en 1976. Valdivieso llegaba de la Universidad de La Laguna y nunca se iba a imaginar que su estancia en Sevilla lo har\u00eda un enamorado de la pintura hispalense, a la que le dedic\u00f3 imprescindibles monograf\u00edas. Morales record\u00f3 cuando los dos trabajaban juntos los fines de semana en el sal\u00f3n del peque\u00f1o piso que por entonces el vallisoletano ten\u00eda en la Plaza de Refinadores, mientras las por entonces peque\u00f1as hijas de Valdivieso, <strong>Beatriz<\/strong> y <strong>Leticia<\/strong>, saltaban por el sof\u00e1. \u00abNo s\u00f3lo estudi\u00f3 la pintura barroca sevillana, sino tambi\u00e9n la del siglo XIX cuando nadie le hacia caso. Ese aire fresco que Enrique introdujo fue rechazado por muchos profesores de la Universidad. Otras personas lo ayudaron, como<strong> Jos\u00e9 Mar\u00eda Benjumea Fern\u00e1ndez-Angulo<\/strong>, que era por entonces director del Museo de Bellas Artes de Sevilla, o Manuel Rodr\u00edguez Buz\u00f3n, que acabaron siendo padrinos de sus hijas\u00bb, ha indicado. <\/p>\n<p>\nGran amistad con la familia Serrera\n<\/p>\n<p class=\"voc-p\" style=\"\">La intervenci\u00f3n m\u00e1s sentida de la noche ha sido la del profesor <strong>Ram\u00f3n Mar\u00eda Serrera<\/strong>, cuyo hermano Juan Miguel fue otro de los estrechos colabores de Valdivieso. El catedr\u00e1tico em\u00e9rito de Historia de Am\u00e9rica de la Hispalense ha recordado con cari\u00f1o cuando el vallisoletano comi\u00f3 el primer a\u00f1o de su estancia en Sevilla casi todas las semanas en su casa como si fuera un miembro m\u00e1s de su familia. \u00abLe impresion\u00f3 tanto vernos en Semana Santa a los cinco hermanos varones vestidos con la t\u00fanica de la hermandad de las Penas de San Vicente que<strong> al a\u00f1o siguiente sali\u00f3 \u00e9l tambi\u00e9n de nazareno acompa\u00f1ando a la Virgen de los Dolores<\/strong>\u00bb, ha dicho. <\/p>\n<p class=\"voc-p\" style=\"\">La colaboraci\u00f3n entre Juan Miguel Serrera y Valdivieso fructific\u00f3 en un cat\u00e1logo de obras del Hospital de la Caridad, otro con los cuadros del Palacio Arzobispal y \u00abese gran tomo de la pintura prevelazque\u00f1a,<strong> &#8216;Pintura sevillana del primer tercio del siglo XVII&#8217;<\/strong>, que est\u00e1 en todas las grandes bibliotecas del mundo\u00bb. Tambi\u00e9n Serrera ha rememorado cuando Valdivieso le regal\u00f3 unos d\u00edas antes de morir una pintura acr\u00edlica que este hab\u00eda hecho sobre Marilyn Monroe, actriz que ambos idolatraban. \u00abYo ten\u00eda unas diapositivas de gran formato de Juan Miguel que nunca pude darle porque muri\u00f3 dos d\u00edas despu\u00e9s\u00bb, ha concluido lleno de emoci\u00f3n. <\/p>\n<p class=\"voc-p\" style=\"\">Igualmente ha intervenido en el acto <strong>Ren\u00e9 Jes\u00fas Payo<\/strong>, director de la Academia Burgense y acad\u00e9mico correspondiente de Buenas Letras. La amistad entre ambos profesores de Historia del Arte se ciment\u00f3 cuando se conocieron en oto\u00f1o de 1990. \u00abNuestra relaci\u00f3n profesional se fue consolidando. El contacto epistolar luego pas\u00f3 a los correos electr\u00f3nicos. Siempre atendi\u00f3 mis peticiones. Valladolid perdi\u00f3 con su traslado a un gran historiador y Sevilla lo gan\u00f3\u00bb. Payo ha subrayado tambi\u00e9n el hecho de que Valdivieso public\u00f3 en su etapa castellana importantes libros donde se reflej\u00f3 el trabajo de campo que hizo por Valladolid y Palencia, publicando obras imprescindibles como <strong>&#8216;Pintura barroca vallisoletana&#8217;<\/strong>, donde resaltaba a artistas como <strong>Diego Valent\u00edn D\u00edaz<\/strong>, el llamado Pacheco vallisoletano. <\/p>\n<p class=\"voc-p\" style=\"\">Ha finalizado el acto la arque\u00f3loga y acad\u00e9mica de Buenas Letras Pilar Le\u00f3n-Castro. Esta ha se\u00f1alado que \u00abraramente una sesi\u00f3n necrol\u00f3gica es un recuerdo doble. La que hoy dedicamos a Enrique y a su esposa Carmen lo es. Los dos reviven inseparables\u00bb. Asimismo ha comentado que \u00abcuando se conoci\u00f3 la noticia de la muerte de Enrique Valdivieso la ciudad se conmovi\u00f3. <strong>Enrique no era un personaje de nubes celestiales, sino de pies en la tierra. Su vida estuvo en los andamios<\/strong>. Ten\u00eda un don especial para ver y estaba sensibilizado para distinguir la buena pintura por los cinco sentidos\u00bb. \u00abSevilla est\u00e1 en deuda con Enrique \u2014ha continuado\u2014 y est\u00e1 obligada a responder al orgullo con que llevaba Sevilla. En la Academia de Buenas Letras hizo conferencias, exposiciones, etc. <strong>Es dudoso que incluso en el m\u00e1s all\u00e1 Enrique Valdivieso se d\u00e9 al descanso. La paz nunca le faltar\u00e1<\/strong>\u00bb.<\/p>\n","protected":false},"excerpt":{"rendered":"Por cada uno de los poros de la Real Academia Sevillana de Buenas Letras se pod\u00eda respirar y&hellip;\n","protected":false},"author":2,"featured_media":268407,"comment_status":"","ping_status":"","sticky":false,"template":"","format":"standard","meta":{"footnotes":""},"categories":[173],"tags":[41036,53348,229,233,231,230,2605,232,234,19640,12096,146,147,25,24,6552,5131,503,3656,45273,23,66145],"class_list":{"0":"post-268406","1":"post","2":"type-post","3":"status-publish","4":"format-standard","5":"has-post-thumbnail","7":"category-arte-y-diseno","8":"tag-academico","9":"tag-amo","10":"tag-arte","11":"tag-arte-y-diseno","12":"tag-arts","13":"tag-arts-and-design","14":"tag-buenas","15":"tag-design","16":"tag-diseno","17":"tag-emotivo","18":"tag-enrique","19":"tag-entertainment","20":"tag-entretenimiento","21":"tag-es","22":"tag-espana","23":"tag-homenaje","24":"tag-letras","25":"tag-pintura","26":"tag-rinde","27":"tag-sevillana","28":"tag-spain","29":"tag-valdivieso"},"share_on_mastodon":{"url":"https:\/\/pubeurope.com\/@es\/115653791134675579","error":""},"_links":{"self":[{"href":"https:\/\/www.europesays.com\/es\/wp-json\/wp\/v2\/posts\/268406","targetHints":{"allow":["GET"]}}],"collection":[{"href":"https:\/\/www.europesays.com\/es\/wp-json\/wp\/v2\/posts"}],"about":[{"href":"https:\/\/www.europesays.com\/es\/wp-json\/wp\/v2\/types\/post"}],"author":[{"embeddable":true,"href":"https:\/\/www.europesays.com\/es\/wp-json\/wp\/v2\/users\/2"}],"replies":[{"embeddable":true,"href":"https:\/\/www.europesays.com\/es\/wp-json\/wp\/v2\/comments?post=268406"}],"version-history":[{"count":0,"href":"https:\/\/www.europesays.com\/es\/wp-json\/wp\/v2\/posts\/268406\/revisions"}],"wp:featuredmedia":[{"embeddable":true,"href":"https:\/\/www.europesays.com\/es\/wp-json\/wp\/v2\/media\/268407"}],"wp:attachment":[{"href":"https:\/\/www.europesays.com\/es\/wp-json\/wp\/v2\/media?parent=268406"}],"wp:term":[{"taxonomy":"category","embeddable":true,"href":"https:\/\/www.europesays.com\/es\/wp-json\/wp\/v2\/categories?post=268406"},{"taxonomy":"post_tag","embeddable":true,"href":"https:\/\/www.europesays.com\/es\/wp-json\/wp\/v2\/tags?post=268406"}],"curies":[{"name":"wp","href":"https:\/\/api.w.org\/{rel}","templated":true}]}}