{"id":268412,"date":"2025-12-03T04:42:11","date_gmt":"2025-12-03T04:42:11","guid":{"rendered":"https:\/\/www.europesays.com\/es\/268412\/"},"modified":"2025-12-03T04:42:11","modified_gmt":"2025-12-03T04:42:11","slug":"paramount-anuncia-un-spin-off-de-sonic-y-su-fecha-de-estreno","status":"publish","type":"post","link":"https:\/\/www.europesays.com\/es\/268412\/","title":{"rendered":"Paramount anuncia un spin-off de &#8216;Sonic&#8217; y su fecha de estreno"},"content":{"rendered":"<p>La saga de pel\u00edculas <a href=\"https:\/\/www.ecartelera.com\/sagas\/sonic\/\" data-mention-type=\"saga\" data-mention-id=\"142\" rel=\"nofollow noopener\" target=\"_blank\">Sonic<\/a>  cuenta con tres pel\u00edculas hasta la fecha. La primera, &#8216;<a href=\"https:\/\/www.ecartelera.com\/peliculas\/sonic-the-hedgehog\/\" data-mention-type=\"pelicula\" data-mention-id=\"10855\" rel=\"nofollow noopener\" target=\"_blank\">Sonic: La pel\u00edcula<\/a>&#8216;, fue estrenada en 2020; la segunda, &#8216;<a href=\"https:\/\/www.ecartelera.com\/peliculas\/sonic-la-pelicula-2\/\" data-mention-type=\"pelicula\" data-mention-id=\"16674\" rel=\"nofollow noopener\" target=\"_blank\">Sonic 2: La pel\u00edcula<\/a>&#8216;, en 2022; y, la \u00faltima, &#8216;<a href=\"https:\/\/www.ecartelera.com\/peliculas\/sonic-3-la-pelicula\/\" data-mention-type=\"pelicula\" data-mention-id=\"18468\" rel=\"nofollow noopener\" target=\"_blank\">Sonic 3: La pel\u00edcula<\/a>&#8216;, en 2024. Adem\u00e1s,<strong> la saga cuenta con una cuarta entrega ya confirmada, &#8216;<a href=\"https:\/\/www.ecartelera.com\/peliculas\/sonic-4-la-pelicula\/\" data-mention-type=\"pelicula\" data-mention-id=\"18991\" rel=\"nofollow noopener\" target=\"_blank\">Sonic 4: La pel\u00edcula<\/a>&#8216;, que llegar\u00e1 a los cines en marzo de 2027<\/strong>.<\/p>\n<p>Tr\u00e1iler #2 &#8216;Sonic 3: La pel\u00edcula&#8217;<\/p>\n<p><video id=\"vid-34614\" class=\"video-js vjs-default-skin\" data-title=\"Tr\u00e1iler #2 'Sonic 3: La pel\u00edcula'\" poster=\"https:\/\/www.ecartelera.com\/images\/videos\/34600\/f34614.jpg\" controls=\"\" preload=\"auto\" width=\"640\" height=\"360\" playsinline=\"\" data-vtt=\"\/\/v1.ecartelera.com\/video\/34600\/34614_sprite.vtt\" data-stream=\"1\">El navegador no soporta el tag de v\u00eddeo.<\/video><\/p>\n<p>X<\/p>\n<p>Aunque la idea de a\u00f1adir una quinta pel\u00edcula a la saga promete mucho, por el momento no ha ocurrido. A pesar de eso, Paramount no ha dejado al los fans con las manos vac\u00edas y <strong>ha anunciado una pel\u00edcula m\u00e1s sobre el erizo en forma de spin-off<\/strong>. <\/p>\n<p><strong>Esta pel\u00edcula est\u00e1 programada<\/strong> <strong>para el 22 de diciembre de 2028<\/strong>. Aunque por el momento se desconoce cu\u00e1l es la trama definitiva, en la mente de los fan\u00e1ticos ronda m\u00e1s de una <a href=\"https:\/\/comicbook.com\/movies\/news\/five-years-later-sonic-the-hedgehog-fans-may-finally-get-the-movie-they-always-wanted\/\" target=\"_blank\" rel=\"nofollow noopener\">idea<\/a> que sugiere que estar\u00e1 centrada alrededor del personaje Shadow.<\/p>\n<p>\t\t\t\t\t\t\t<img decoding=\"async\" loading=\"lazy\" src=\"https:\/\/www.europesays.com\/es\/wp-content\/uploads\/2025\/12\/231915_sonic-3-la-pel-cula.jpg\" alt=\"Sonic 3: La pel\u00edcula\" width=\"1200\" height=\"675\"\/><\/p>\n<p>\t\t\t\t\t\tSonic 3: La pel\u00edcula (Paramount)<\/p>\n<p><strong>El proyecto est\u00e1 catalogado por la propia productora como un \u201cevent film\u201d<\/strong>, es decir, una pel\u00edcula que es tan espectacular que se producir\u00e1 con efectos especiales de primera generaci\u00f3n, estrellas en el reparto y un presupuesto que no cuenta con apenas limitaciones.<\/p>\n<p>Tras los alt\u00edsimos beneficios que ha conseguido la empresa con la saga de Sonic, no es de extra\u00f1ar que se van a permitir aumentar el presupuesto del proyecto reci\u00e9n anunciado. <strong>Entre las tres pel\u00edculas ya estrenadas del erizo se acumula un beneficio total aproximado de 1,2 billones de d\u00f3lares<\/strong>, es decir, poco m\u00e1s de mil treinta millones de euros.<\/p>\n<p>La infancia vuelve en las pel\u00edculas del presente y del futuro<\/p>\n<p>Paramount no se ha quedado corto y tambi\u00e9n <strong>ha anunciado una nueva entrega de las &#8216;<a href=\"https:\/\/www.ecartelera.com\/peliculas\/las-tortugas-ninja-2014\/\" data-mention-type=\"pelicula\" data-mention-id=\"6360\" rel=\"nofollow noopener\" target=\"_blank\">Ninja Turtles<\/a>&#8216;<\/strong>. La pel\u00edcula est\u00e1 programada para llegar a la gran pantalla el 17 de noviembre de 2028.<\/p>\n<p>\t\t\t\t\t\t\t<img decoding=\"async\" loading=\"lazy\" src=\"https:\/\/www.europesays.com\/es\/wp-content\/uploads\/2025\/12\/71620_ninja-turtles-fuera-de-las-sombras.jpg\" alt=\"Ninja Turtles: Fuera de las sombras\" width=\"1200\" height=\"449\"\/><\/p>\n<p>\t\t\t\t\t\tNinja Turtles: Fuera de las sombras<\/p>\n<p>El ingenioso productor estadounidense <a href=\"https:\/\/www.ecartelera.com\/personas\/neal-h-moritz\/\" data-mention-type=\"persona\" data-mention-id=\"15576\" rel=\"nofollow noopener\" target=\"_blank\">Neal H. Moritz<\/a> que ha tra\u00eddo a la vida la trilog\u00eda de la saga de \u2018Sonic the Hedgehog\u2019, <strong>se incorporar\u00e1 al proceso de producci\u00f3n de la nueva integrante de la saga de las \u2018Tortugas Ninja\u2019<\/strong>. A trav\u00e9s de un formato h\u00edbrido entre live-action y animaci\u00f3n creada por ordenador, la pel\u00edcula estar\u00e1 pensada para toda la familia y seguir\u00e1 las aventuras de los hermanos Leonardo, Raphael, Michelangelo y Donatello.<\/p>\n","protected":false},"excerpt":{"rendered":"La saga de pel\u00edculas Sonic cuenta con tres pel\u00edculas hasta la fecha. La primera, &#8216;Sonic: La pel\u00edcula&#8216;, fue&hellip;\n","protected":false},"author":2,"featured_media":268413,"comment_status":"","ping_status":"","sticky":false,"template":"","format":"standard","meta":{"footnotes":""},"categories":[169],"tags":[1014,1015,1013,177,1011,146,147,25,24,782,176,1019,1016,175,753,1012,23,1017,1018],"class_list":{"0":"post-268412","1":"post","2":"type-post","3":"status-publish","4":"format-standard","5":"has-post-thumbnail","7":"category-cine","8":"tag-actores","9":"tag-actrices","10":"tag-cartelera","11":"tag-cine","12":"tag-ecartelera","13":"tag-entertainment","14":"tag-entretenimiento","15":"tag-es","16":"tag-espana","17":"tag-estrellas","18":"tag-film","19":"tag-fotogramas","20":"tag-fotos","21":"tag-movies","22":"tag-peliculas","23":"tag-pelis","24":"tag-spain","25":"tag-trailers","26":"tag-videos"},"share_on_mastodon":{"url":"https:\/\/pubeurope.com\/@es\/115653807321671719","error":""},"_links":{"self":[{"href":"https:\/\/www.europesays.com\/es\/wp-json\/wp\/v2\/posts\/268412","targetHints":{"allow":["GET"]}}],"collection":[{"href":"https:\/\/www.europesays.com\/es\/wp-json\/wp\/v2\/posts"}],"about":[{"href":"https:\/\/www.europesays.com\/es\/wp-json\/wp\/v2\/types\/post"}],"author":[{"embeddable":true,"href":"https:\/\/www.europesays.com\/es\/wp-json\/wp\/v2\/users\/2"}],"replies":[{"embeddable":true,"href":"https:\/\/www.europesays.com\/es\/wp-json\/wp\/v2\/comments?post=268412"}],"version-history":[{"count":0,"href":"https:\/\/www.europesays.com\/es\/wp-json\/wp\/v2\/posts\/268412\/revisions"}],"wp:featuredmedia":[{"embeddable":true,"href":"https:\/\/www.europesays.com\/es\/wp-json\/wp\/v2\/media\/268413"}],"wp:attachment":[{"href":"https:\/\/www.europesays.com\/es\/wp-json\/wp\/v2\/media?parent=268412"}],"wp:term":[{"taxonomy":"category","embeddable":true,"href":"https:\/\/www.europesays.com\/es\/wp-json\/wp\/v2\/categories?post=268412"},{"taxonomy":"post_tag","embeddable":true,"href":"https:\/\/www.europesays.com\/es\/wp-json\/wp\/v2\/tags?post=268412"}],"curies":[{"name":"wp","href":"https:\/\/api.w.org\/{rel}","templated":true}]}}