{"id":268414,"date":"2025-12-03T04:43:21","date_gmt":"2025-12-03T04:43:21","guid":{"rendered":"https:\/\/www.europesays.com\/es\/268414\/"},"modified":"2025-12-03T04:43:21","modified_gmt":"2025-12-03T04:43:21","slug":"el-valencia-sigue-sin-ganar-fuera-de-casa-esta-temporada","status":"publish","type":"post","link":"https:\/\/www.europesays.com\/es\/268414\/","title":{"rendered":"El Valencia sigue sin ganar fuera de casa esta temporada"},"content":{"rendered":"<p class=\"articleParagraph\">Rayo Vallecano y Valencia CF se han repartido este lunes los puntos en Vallecas (1-1) en el \u00faltimo partido de la decimocuarta jornada de LaLiga EA Sports, en el que el central Nobel Mendy adelant\u00f3 al equipo madrile\u00f1o en los \u00faltimos minutos de la primera parte y el conjunto &#8216;che&#8217;, que no consigue distanciarse del descenso, amortigu\u00f3 el golpe gracias al tanto de Diego L\u00f3pez en el minuto 64.<\/p>\n<p class=\"articleParagraph\">En los primeros 45 minutos en Vallecas, los de I\u00f1igo P\u00e9rez fueron los que sumaron las mejores ocasiones frente a un conjunto valencianista bien plantado y que trataba de sorprender con un f\u00fatbol m\u00e1s directo. Fran P\u00e9rez avis\u00f3 a los cinco minutos con un disparo desde la frontal que par\u00f3 Julen Agirrezabala, y poco despu\u00e9s el equipo de Carlos Corber\u00e1n respond\u00eda con un remate de Luis Rioja que se march\u00f3 rozando el lateral de la red.<\/p>\n<p class=\"articleParagraph\">Los madrile\u00f1os siguieron insistiendo y rozaron el tanto en una doble ocasi\u00f3n en la que el guardameta &#8216;che&#8217; rechaz\u00f3 un primer intento de Jorge de Frutos y Copete, sobre la l\u00ednea, sac\u00f3 el segundo disparo de Fran P\u00e9rez. Solo unos minutos m\u00e1s tarde, Gerard Gumbau mand\u00f3 otro bal\u00f3n pegado al palo, aunque el que no fall\u00f3 fue Nobel Mendy.<\/p>\n<p class=\"articleParagraph\">En el minuto 37, en una jugada ensayada tras saque de esquina, Gumbau puso un buen centro al primer palo y el central senegal\u00e9s apareci\u00f3 para rematar de cabeza y mandar el bal\u00f3n al fondo de la porter\u00eda. Ya en el tiempo extra de la primera parte, Diego L\u00f3pez perdon\u00f3 el empate en una acci\u00f3n en la que el esf\u00e9rico toc\u00f3 en \u00c1lvaro Garc\u00eda.<\/p>\n<p class=\"articleParagraph\">En la reanudaci\u00f3n, el Rayo amenaz\u00f3 con ampliar su ventaja con un remate cruzado de \u00c1lvaro, pero el Valencia, en el 64, consigui\u00f3 neutralizar el tanto rayista. En un mal despeje del equipo local, el bal\u00f3n qued\u00f3 muerto para Diego L\u00f3pez; el de Tur\u00f3n chut\u00f3 para que el bal\u00f3n, tras rebotar en Gumbau, acabase en los pies de Mendy, que en su intento de despeje lo mand\u00f3 dentro; el africano no acabar\u00eda el partido, que abandonar\u00eda lesionado en el minuto 81.<\/p>\n<p class=\"articleParagraph\">Con su tercer empate consecutivo y cuarta jornada seguida sin vencer, el Rayo termina la jornada noveno con 17 unidades, a siete de los puestos europeos. Por su parte, el Valencia no consigue dar continuidad a su victoria frente al Levante y se queda con 14 puntos, solo dos sobre la zona de descenso.<\/p>\n","protected":false},"excerpt":{"rendered":"Rayo Vallecano y Valencia CF se han repartido este lunes los puntos en Vallecas (1-1) en el \u00faltimo&hellip;\n","protected":false},"author":2,"featured_media":268415,"comment_status":"","ping_status":"","sticky":false,"template":"","format":"standard","meta":{"footnotes":""},"categories":[93],"tags":[168,25,24,23,167],"class_list":{"0":"post-268414","1":"post","2":"type-post","3":"status-publish","4":"format-standard","5":"has-post-thumbnail","7":"category-deportes","8":"tag-deportes","9":"tag-es","10":"tag-espana","11":"tag-spain","12":"tag-sports"},"share_on_mastodon":{"url":"https:\/\/pubeurope.com\/@es\/115653811034499111","error":""},"_links":{"self":[{"href":"https:\/\/www.europesays.com\/es\/wp-json\/wp\/v2\/posts\/268414","targetHints":{"allow":["GET"]}}],"collection":[{"href":"https:\/\/www.europesays.com\/es\/wp-json\/wp\/v2\/posts"}],"about":[{"href":"https:\/\/www.europesays.com\/es\/wp-json\/wp\/v2\/types\/post"}],"author":[{"embeddable":true,"href":"https:\/\/www.europesays.com\/es\/wp-json\/wp\/v2\/users\/2"}],"replies":[{"embeddable":true,"href":"https:\/\/www.europesays.com\/es\/wp-json\/wp\/v2\/comments?post=268414"}],"version-history":[{"count":0,"href":"https:\/\/www.europesays.com\/es\/wp-json\/wp\/v2\/posts\/268414\/revisions"}],"wp:featuredmedia":[{"embeddable":true,"href":"https:\/\/www.europesays.com\/es\/wp-json\/wp\/v2\/media\/268415"}],"wp:attachment":[{"href":"https:\/\/www.europesays.com\/es\/wp-json\/wp\/v2\/media?parent=268414"}],"wp:term":[{"taxonomy":"category","embeddable":true,"href":"https:\/\/www.europesays.com\/es\/wp-json\/wp\/v2\/categories?post=268414"},{"taxonomy":"post_tag","embeddable":true,"href":"https:\/\/www.europesays.com\/es\/wp-json\/wp\/v2\/tags?post=268414"}],"curies":[{"name":"wp","href":"https:\/\/api.w.org\/{rel}","templated":true}]}}