{"id":268418,"date":"2025-12-03T04:45:17","date_gmt":"2025-12-03T04:45:17","guid":{"rendered":"https:\/\/www.europesays.com\/es\/268418\/"},"modified":"2025-12-03T04:45:17","modified_gmt":"2025-12-03T04:45:17","slug":"la-diputacion-y-unicaja-llevan-de-gira-a-culturama-por-la-provincia-de-malaga-en-diciembre","status":"publish","type":"post","link":"https:\/\/www.europesays.com\/es\/268418\/","title":{"rendered":"La Diputaci\u00f3n y Unicaja llevan de gira a &#8216;Culturama&#8217; por la provincia de M\u00e1laga en diciembre"},"content":{"rendered":"<p><img fetchpriority=\"high\" class=\"v-a-img\" src=\"https:\/\/www.europesays.com\/es\/wp-content\/uploads\/2025\/12\/208262202-kP8D--1200x840@Diario Sur-DiarioSur.jpg\" loading=\"eager\" decoding=\"async\" alt=\"Joaqu\u00edn Ruiz del Portal y Manuel L\u00f3pez Mestanza.\"  width=\"1200\" height=\"840\"\/><\/p>\n<p>Joaqu\u00edn Ruiz del Portal y Manuel L\u00f3pez Mestanza.          SUR        <\/p>\n<p>El programa cultural incluye casi una veintena de actividades, entre flamenco, pasacalles, conciertos y zambomba<\/p>\n<p class=\"v-mdl-ath__p v-mdl-ath__p--6\">\nMi\u00e9rcoles, 3 de diciembre 2025, 01:00<\/p>\n<p class=\"v-p\">La Diputaci\u00f3n de M\u00e1laga, en el marco del convenio de colaboraci\u00f3n suscrito con Unicaja para el desarrollo de actividades culturales, refuerza su programaci\u00f3n para diciembre,  &#8230; llevando diversas actuaciones a los municipios de la provincia, sobre todo a aquellos de menor poblaci\u00f3n. Bajo el t\u00edtulo de &#8216;Culturama en gira 2025&#8217;, la Delegaci\u00f3n de Cultura ha programado casi una veintena de actividades (flamenco, pasacalles, conciertos y zambomb\u00e1s) en Algarrobo, Alhaur\u00edn de la Torre, Alm\u00e1char, \u00c1rchez, Archidona, Benarrab\u00e1, Carratraca, Cartajima, Casarabonela, Comares, Genalguacil, Humilladero, Mollina, Nerja, Sedella, Teba y Villanueva del Trabuco.<\/p>\n<p class=\"v-p\">Estos municipios disfrutar\u00e1n de las zambomb\u00e1s navide\u00f1as de Antonio de Ver\u00f3nica y Saray Cort\u00e9s, Jos\u00e9 Lucena, Jos\u00e9 Ortiz, Mar\u00eda Lozano, Mar\u00eda Rub\u00ed, La Boterita, Ortigosa, Flamenco Abierto y La Manuela. En el flamenco, destaca Antonia Contreras y Juan Ram\u00f3n Caro. Por su parte, la m\u00fasica barroca tendr\u00e1 presencia en la programaci\u00f3n a cargo de la Capilla del Maestro Iribarren, junto al pasacalles &#8216;A Mares&#8217;, de La Carpa Teatro; el concierto de Chico P\u00e9rez, y el teatro infantil &#8216;Tiriticlown&#8217;, de Petit Teatro.<\/p>\n<p class=\"v-p\">\u00abLa colaboraci\u00f3n de Unicaja ha sido fundamental para poder ampliar nuestra programaci\u00f3n a la provincia en unas fechas tan se\u00f1aladas como la Navidad\u00bb, explic\u00f3 el vicepresidente de la Diputaci\u00f3n y diputado de Cultura, Manuel L\u00f3pez Mestanza. <\/p>\n<p class=\"v-p\">Tambi\u00e9n destac\u00f3 el doble objetivo de este acuerdo: dar oportunidad de trabajo a artistas, compa\u00f1\u00edas, grupos y otros profesionales que conforman el cat\u00e1logo de &#8216;Culturama&#8217;, adem\u00e1s de colaborar con los ayuntamientos en la programaci\u00f3n navide\u00f1a. Por su parte, el director de Negocio Institucional de Banca de Empresas de Unicaja, Joaqu\u00edn Ruiz del Portal L\u00e1zaro, se\u00f1al\u00f3 que \u00abnuestro objetivo, como banca cercana que sit\u00faa siempre al cliente en el centro de su actividad, no es otro que contribuir a que los ciudadanos de la provincia de M\u00e1laga disfruten de una completa programaci\u00f3n cultural\u00bb.<\/p>\n<p class=\"v-p\">Este acuerdo de colaboraci\u00f3n tendr\u00e1 continuidad en 2026 con el programa &#8216;Sentimiento y tradici\u00f3n&#8217;, con el que se pone en valor el flamenco y la copla como dos g\u00e9neros musicales muy bien aceptados por el p\u00fablico malague\u00f1o.<\/p>\n<p class=\"v-crt__t\"> L\u00edmite de sesiones alcanzadas<\/p>\n<p class=\"v-crt__p\">El acceso al contenido Premium est\u00e1 abierto por cortes\u00eda del establecimiento donde te encuentras, pero ahora mismo hay demasiados usuarios conectados a las vez.<\/p>\n<p class=\"v-crt__p\">Por favor, int\u00e9ntalo pasados unos minutos.<\/p>\n<p>\nVolver a intentar\n<\/p>\n<p class=\"v-crt__t\">Sesi\u00f3n cerrada<\/p>\n<p class=\"v-crt__p\">Al iniciar sesi\u00f3n desde un dispositivo distinto, por seguridad, se cerr\u00f3 la \u00faltima sesi\u00f3n en este.<\/p>\n<p class=\"v-crt__p\">Para continuar disfrutando de su suscripci\u00f3n digital, inicie sesi\u00f3n en este dispositivo.<\/p>\n<p>\nEste contenido es exclusivo para suscriptores\n<\/p>\n<p class=\"text\">\u00bfTienes una suscripci\u00f3n? <a href=\"https:\/\/secure.diariosur.es\/identidad\/inicio#vca=suscribete&amp;vso=diariosur&amp;vmc=on&amp;vli=cdn-ce-link-login\" class=\"login\" data-voc-vtm-id=\"comienzoSuscripcionON\" data-voc-vtm-info=\"cdn-ce-link-login\" rel=\"nofollow noopener\" target=\"_blank\">Inicia sesi\u00f3n<\/a><\/p>\n<p>Reporta un error<\/p>\n","protected":false},"excerpt":{"rendered":"Joaqu\u00edn Ruiz del Portal y Manuel L\u00f3pez Mestanza. SUR El programa cultural incluye casi una veintena de actividades,&hellip;\n","protected":false},"author":2,"featured_media":268419,"comment_status":"","ping_status":"","sticky":false,"template":"","format":"standard","meta":{"footnotes":""},"categories":[91],"tags":[66150,35329,7821,146,147,25,24,1236,9160,6436,23,2246],"class_list":{"0":"post-268418","1":"post","2":"type-post","3":"status-publish","4":"format-standard","5":"has-post-thumbnail","7":"category-entretenimiento","8":"tag-culturama","9":"tag-diciembre","10":"tag-diputacion","11":"tag-entertainment","12":"tag-entretenimiento","13":"tag-es","14":"tag-espana","15":"tag-gira","16":"tag-llevan","17":"tag-provincia","18":"tag-spain","19":"tag-unicaja"},"share_on_mastodon":{"url":"https:\/\/pubeurope.com\/@es\/115653819470074860","error":""},"_links":{"self":[{"href":"https:\/\/www.europesays.com\/es\/wp-json\/wp\/v2\/posts\/268418","targetHints":{"allow":["GET"]}}],"collection":[{"href":"https:\/\/www.europesays.com\/es\/wp-json\/wp\/v2\/posts"}],"about":[{"href":"https:\/\/www.europesays.com\/es\/wp-json\/wp\/v2\/types\/post"}],"author":[{"embeddable":true,"href":"https:\/\/www.europesays.com\/es\/wp-json\/wp\/v2\/users\/2"}],"replies":[{"embeddable":true,"href":"https:\/\/www.europesays.com\/es\/wp-json\/wp\/v2\/comments?post=268418"}],"version-history":[{"count":0,"href":"https:\/\/www.europesays.com\/es\/wp-json\/wp\/v2\/posts\/268418\/revisions"}],"wp:featuredmedia":[{"embeddable":true,"href":"https:\/\/www.europesays.com\/es\/wp-json\/wp\/v2\/media\/268419"}],"wp:attachment":[{"href":"https:\/\/www.europesays.com\/es\/wp-json\/wp\/v2\/media?parent=268418"}],"wp:term":[{"taxonomy":"category","embeddable":true,"href":"https:\/\/www.europesays.com\/es\/wp-json\/wp\/v2\/categories?post=268418"},{"taxonomy":"post_tag","embeddable":true,"href":"https:\/\/www.europesays.com\/es\/wp-json\/wp\/v2\/tags?post=268418"}],"curies":[{"name":"wp","href":"https:\/\/api.w.org\/{rel}","templated":true}]}}