{"id":268422,"date":"2025-12-03T04:49:13","date_gmt":"2025-12-03T04:49:13","guid":{"rendered":"https:\/\/www.europesays.com\/es\/268422\/"},"modified":"2025-12-03T04:49:13","modified_gmt":"2025-12-03T04:49:13","slug":"trump-recupera-su-deseo-de-desnaturalizar-a-migrantes-que-se-nacionalizaron-estadounidenses-inmigracion-en-estados-unidos","status":"publish","type":"post","link":"https:\/\/www.europesays.com\/es\/268422\/","title":{"rendered":"Trump recupera su deseo de desnaturalizar a migrantes que se nacionalizaron estadounidenses | Inmigraci\u00f3n en Estados Unidos"},"content":{"rendered":"<p class=\"\">La ambici\u00f3n de Donald Trump en su ofensiva contra la inmigraci\u00f3n ya ha rebasado varios l\u00edmites, como querer <a href=\"https:\/\/elpais.com\/us\/2025-06-27\/el-derecho-a-la-ciudadania-por-nacimiento-que-sigue-tras-el-fallo-del-tribunal-supremo-y-lo-que-hay-que-saber.html\" target=\"_self\" rel=\"nofollow noopener\" title=\"https:\/\/elpais.com\/us\/2025-06-27\/el-derecho-a-la-ciudadania-por-nacimiento-que-sigue-tras-el-fallo-del-tribunal-supremo-y-lo-que-hay-que-saber.html\">eliminar la ciudadan\u00eda por nacimiento,<\/a> propiciando numerosos litigios que se resuelven en los tribunales. La \u00faltima ocurrencia del republicano apunta a la desnaturalizaci\u00f3n de los extranjeros que han conseguido la nacionalidad estadounidense. \u201cSi tengo el poder para hacerlo, no estoy seguro de tenerlo, pero si lo tengo, desnacionalizar\u00eda, absolutamente\u201d, afirm\u00f3 Trump en una respuesta a la prensa el domingo pasado. <\/p>\n<p class=\"\">Las declaraciones se produjeron a ra\u00edz <a href=\"https:\/\/elpais.com\/us\/migracion\/2025-11-29\/trump-utiliza-el-ataque-a-la-guardia-nacional-para-redoblar-su-ofensiva-contra-los-migrantes.html\" target=\"_self\" rel=\"nofollow noopener\" title=\"https:\/\/elpais.com\/us\/migracion\/2025-11-29\/trump-utiliza-el-ataque-a-la-guardia-nacional-para-redoblar-su-ofensiva-contra-los-migrantes.html\">del ataque sufrido por la Guardia Nacional<\/a> el mi\u00e9rcoles pasado en Washington D. C. a manos del ciudadano afgano llamado <a href=\"https:\/\/elpais.com\/internacional\/2025-11-27\/el-detenido-por-disparar-a-dos-soldados-de-la-guardia-nacional-en-washington-es-un-refugiado-que-colaboro-con-la-cia-en-afganistan.html\" target=\"_self\" rel=\"nofollow noopener\" title=\"https:\/\/elpais.com\/internacional\/2025-11-27\/el-detenido-por-disparar-a-dos-soldados-de-la-guardia-nacional-en-washington-es-un-refugiado-que-colaboro-con-la-cia-en-afganistan.html\">Rahmanullah Lakanwal<\/a>, que acab\u00f3 con la vida de una agente y dej\u00f3 gravemente herido a otro. En respuesta al atentado, la Administraci\u00f3n Trump ha desencadenado un recrudecido asalto tambi\u00e9n a la migraci\u00f3n legal. Este mi\u00e9rcoles ha congelado todas las aplicaciones migratorias de personas provenientes de los 19 pa\u00edses incluidos en la actualmente vigente prohibici\u00f3n de viajes. La Secretaria de Seguridad Nacional, Kristi Noem, ha propuesto, adem\u00e1s, aumentar esa lista hasta 30 naciones. <\/p>\n<p class=\"\">Los deseos del presidente, sin embargo, son dif\u00edcilmente alcanzables, ya que la desnaturalizaci\u00f3n es un proceso complicado que no depende del poder ejecutivo, sino del judicial. Seg\u00fan la legislaci\u00f3n estadounidense, solo se puede revocar la ciudadan\u00eda a los extranjeros naturalizados si esta se obtuvo ilegalmente, generalmente mediante fraude, tergiversaci\u00f3n deliberada u ocultaci\u00f3n de hechos descalificadores. La decisi\u00f3n recae sobre un tribunal federal y la fiscal\u00eda debe aportar pruebas irrefutables en un debido proceso.<\/p>\n<p class=\"\">No obstante, solo el hecho de plantear la posibilidad causa preocupaci\u00f3n entre los ciudadanos nacidos fuera del pa\u00eds. \u201cLa desnaturalizaci\u00f3n es extremadamente limitada (\u2026) Sin embargo, existe una preocupaci\u00f3n real, basada en el patr\u00f3n que hemos observado, de que el Gobierno podr\u00eda intentar extender la desnaturalizaci\u00f3n m\u00e1s all\u00e1 de lo que permite la Constituci\u00f3n\u201d, ha declarado a la cadena NPR Mariam Masumi, abogada de inmigraci\u00f3n en Virginia.<\/p>\n<p class=\"\">\u201cTenemos criminales que llegaron a nuestro pa\u00eds y fueron naturalizados tal vez a trav\u00e9s de [el expresidente Joe] Biden o alguien que no sab\u00eda lo que estaba haciendo\u201d, dijo Trump a la prensa durante el fin de semana. De los 46,2 millones de inmigrantes que resid\u00edan en Estados Unidos en 2022, 24,5 millones (el 53%) son ciudadanos naturalizados, seg\u00fan los datos del Instituto de Pol\u00edtica Migratoria.<\/p>\n<p class=\"\">Para conseguir la ciudadan\u00eda estadounidense los solicitantes se someten a un proceso complejo. Deben haber sido residentes permanentes legales durante al menos cinco a\u00f1os, con excepci\u00f3n de los c\u00f3nyuges de ciudadanos y los miembros de las fuerzas armadas estadounidenses, y aprobar un examen de conocimiento de la historia de Estados Unidos y del idioma ingl\u00e9s. <\/p>\n<p class=\"\">En el a\u00f1o fiscal 2024 el Servicio de Ciudadan\u00eda (USCIS) concedi\u00f3 la naturalizaci\u00f3n a 818.500 personas, pero nuevas reglas recientes han dificultado su obtenci\u00f3n. Adem\u00e1s de aumentar el n\u00famero de preguntas que se les hace en la entrevista, se consultar\u00e1 a vecinos y compa\u00f1eros de trabajo <a href=\"https:\/\/elpais.com\/us\/2025-08-20\/solicitantes-a-la-ciudadania-estadounidense-tendran-que-cumplir-requisitos-mas-amplios-para-demostrar-buen-caracter-moral.html#?rel=mas\" target=\"_self\" rel=\"nofollow noopener\" title=\"https:\/\/elpais.com\/us\/2025-08-20\/solicitantes-a-la-ciudadania-estadounidense-tendran-que-cumplir-requisitos-mas-amplios-para-demostrar-buen-caracter-moral.html#?rel=mas\">sobre el car\u00e1cter moral de los <\/a>solicitantes y la constancia de no haber hecho en el pasado <a href=\"https:\/\/elpais.com\/us\/migracion\/2025-08-21\/la-administracion-trump-comenzara-a-negar-peticiones-de-migracion-por-opiniones-antiestadounidenses.html\" target=\"_self\" rel=\"nofollow noopener\" title=\"https:\/\/elpais.com\/us\/migracion\/2025-08-21\/la-administracion-trump-comenzara-a-negar-peticiones-de-migracion-por-opiniones-antiestadounidenses.html\">\u201ccomentarios antiestadounidenses\u201d<\/a>.<\/p>\n<p class=\"\">En cuanto a la desnaturalizaci\u00f3n, entre 1990 y 2017 se realiz\u00f3 una media de 11 casos anuales. Seg\u00fan<a href=\"https:\/\/www.brennancenter.org\/our-work\/research-reports\/stripping-naturalized-americans-citizenship-faces-high-legal-hurdles\" target=\"_blank\" rel=\"nofollow noopener\" title=\"https:\/\/www.brennancenter.org\/our-work\/research-reports\/stripping-naturalized-americans-citizenship-faces-high-legal-hurdles\"> el Centro para la Justicia Brennan<\/a>, la mayor\u00eda fueron personas que hab\u00edan ocultado actividades delictivas serias o su participaci\u00f3n en violaciones de derechos humanos, como un polic\u00eda nazi que hab\u00eda perseguido a personas jud\u00edas durante la Segunda Guerra Mundial y un exmiembro del ej\u00e9rcito serbobosnio que ocult\u00f3 su participaci\u00f3n en una unidad militar responsable de la masacre de Srebrenica en 1995.<\/p>\n<p class=\"\">Los casos de desnaturalizaci\u00f3n aumentaron durante el primer mandato de Trump, en el que se solicit\u00f3 la retirada de la nacionalidad a 168 personas, seg\u00fan los datos recopilados por Irina Manta, profesora de la Universidad de Hofstra en Nueva York. Durante los cuatro a\u00f1os de la Administraci\u00f3n de Joe Biden fueron 64 casos.<\/p>\n<p class=\"\">En junio, el Departamento de Justicia ya <a href=\"https:\/\/elpais.com\/us\/migracion\/2025-07-01\/la-administracion-trump-quiere-despojar-de-la-nacionalidad-estadounidense-a-los-migrantes-con-delitos-civiles.html\" target=\"_self\" rel=\"nofollow noopener\" title=\"https:\/\/elpais.com\/us\/migracion\/2025-07-01\/la-administracion-trump-quiere-despojar-de-la-nacionalidad-estadounidense-a-los-migrantes-con-delitos-civiles.html\">anunci\u00f3 el impulso que quiere dar a la desnaturalizaci\u00f3n <\/a>con el env\u00edo de una carta a los fiscales en la que les inst\u00f3 a priorizar la retirada de la nacionalidad a los migrantes que hubieran incurrido en varias categor\u00edas de delitos, dejando un amplio margen para el criterio de los abogados del Estado.<\/p>\n<p class=\"\">El fiscal general adjunto Brett A. Shumate, que firm\u00f3 la carta, escribi\u00f3 en el memorando que la desnaturalizaci\u00f3n ser\u00e1 una de las cinco principales prioridades de la agencia. \u201cLa divisi\u00f3n civil priorizar\u00e1 y promover\u00e1 al m\u00e1ximo los procedimientos de desnaturalizaci\u00f3n en todos los casos permitidos por la ley y respaldados por pruebas\u201d, declar\u00f3.<\/p>\n<p class=\"\">La pol\u00e9mica impulsada por el Gobierno sobre qui\u00e9n merece tener la nacionalidad estadounidense ha tenido eco entre los legisladores republicanos. <a href=\"https:\/\/www.moreno.senate.gov\/press-releases\/new-moreno-bill-to-outlaw-dual-citizenship\/\" target=\"_blank\" rel=\"nofollow noopener\" title=\"https:\/\/www.moreno.senate.gov\/press-releases\/new-moreno-bill-to-outlaw-dual-citizenship\/\">La \u00faltima iniciativa corresponde a Bernie Moreno,<\/a> senador por Ohio nacido en Colombia, que ha propuesto una ley de ciudadan\u00eda exclusiva. El proyecto obligar\u00eda a los estadounidenses que tienen doble nacionalidad a renunciar a la que obtuvieron por su nacimiento. Moreno defiende que mantener las dos nacionalidades, como actualmente permite la legislaci\u00f3n estadounidense, puede crear un conflicto de intereses. <\/p>\n<p class=\"\">La desnaturalizaci\u00f3n de los nacidos fuera del pa\u00eds que quiere Trump se a\u00f1adir\u00eda a la lista de acciones para endurecer a\u00fan m\u00e1s la pol\u00edtica migratoria que ha adoptado en respuesta al tiroteo ocurrido contra dos agentes de la Guardia Nacional la semana pasada en Washington. El Gobierno ha suspendido indefinidamente todos los tr\u00e1mites migratorios de los afganos y de los 19 pa\u00edses considerados de alto riesgo cuyos ciudadanos actualmente tienen prohibido viajar a EE UU. Asimismo, ha ordenado una revisi\u00f3n exhaustiva de todas las tarjetas verdes de residencia permanente (la llamada green card) emitidas a migrantes de esos pa\u00edses.<\/p>\n<p class=\"\">La secretaria de Seguridad Nacional, Kristi Noem, ya hab\u00eda declarado el lunes que le hab\u00eda pedido al presidente que proh\u00edba los viajes de los ciudadanos procedentes de pa\u00edses que han enviado \u201cinvasores extranjeros\u201d, aunque no especific\u00f3 a cu\u00e1les se refer\u00eda. \u201cRecomiendo la prohibici\u00f3n total de viajes a todos los pa\u00edses que han estado inundando nuestra naci\u00f3n de asesinos, sanguijuelas y adictos a los beneficios sociales\u201d, escribi\u00f3 Noem en un <a href=\"https:\/\/x.com\/KristiNoem\/status\/1995642737618567676\" target=\"_blank\" rel=\"nofollow\" title=\"https:\/\/x.com\/KristiNoem\/status\/1995642737618567676\">mensaje <\/a>en la red social X, haciendo gala del discurso xen\u00f3fobo habitual de la Administraci\u00f3n y sin reparar en que los migrantes reciben menos beneficios que los ciudadanos nacidos en EE UU.<\/p>\n<blockquote class=\"twitter-tweet\">\n<p lang=\"en\" dir=\"ltr\">I just met with the President.  <\/p>\n<p>I am recommending a full travel ban on every damn country that&#8217;s been flooding our nation with killers, leeches, and entitlement junkies.  <\/p>\n<p>Our forefathers built this nation on blood, sweat, and the unyielding love of freedom\u2014not for foreign\u2026<\/p>\n<p>\u2014 Kristi Noem (@KristiNoem) <a href=\"https:\/\/twitter.com\/KristiNoem\/status\/1995642737618567676?ref_src=twsrc%5Etfw\" rel=\"nofollow noopener\" target=\"_blank\">December 1, 2025<\/a><\/p><\/blockquote>\n<p class=\"\">\u201cNuestros antepasados \u200b\u200bconstruyeron esta naci\u00f3n con sangre, sudor y un amor inquebrantable por la libertad, no para que invasores extranjeros masacren a nuestros h\u00e9roes, agoten nuestros impuestos ganados con tanto esfuerzo o nos arrebaten los beneficios que les debemos a los estadounidenses. NO LOS QUEREMOS. A NINGUNO\u201c, concluy\u00f3 la funcionaria. Se especula que la lista de pa\u00edses con prohibici\u00f3n de viaje pasar\u00e1 de 19 a 30. <\/p>\n<p><script async src=\"https:\/\/platform.twitter.com\/widgets.js\" charset=\"utf-8\"><\/script><\/p>\n","protected":false},"excerpt":{"rendered":"La ambici\u00f3n de Donald Trump en su ofensiva contra la inmigraci\u00f3n ya ha rebasado varios l\u00edmites, como querer&hellip;\n","protected":false},"author":2,"featured_media":60664,"comment_status":"","ping_status":"","sticky":false,"template":"","format":"standard","meta":{"footnotes":""},"categories":[42],"tags":[889,17,18,894,893,352,629,13,14,11,590,895,891,61,62,63,64,21909,19,20,892,890,66151,9,10,15,16,66152,12,21,22,65,66,67],"class_list":{"0":"post-268422","1":"post","2":"type-post","3":"status-publish","4":"format-standard","5":"has-post-thumbnail","7":"category-internacional","8":"tag-america","9":"tag-breaking-news","10":"tag-breakingnews","11":"tag-crisis-migratoria","12":"tag-deportacion","13":"tag-donald-trump","14":"tag-estados-unidos","15":"tag-featured-news","16":"tag-featurednews","17":"tag-headlines","18":"tag-inmigracion","19":"tag-inmigracion-irregular","20":"tag-inmigrantes","21":"tag-internacional","22":"tag-international","23":"tag-international-news","24":"tag-internationalnews","25":"tag-kristi-noem","26":"tag-latest-news","27":"tag-latestnews","28":"tag-migracion","29":"tag-migrantes","30":"tag-nacionalizaciones","31":"tag-news","32":"tag-noticias","33":"tag-noticias-destacadas","34":"tag-noticiasdestacadas","35":"tag-tarjeta-residente-permanente","36":"tag-titulares","37":"tag-ultimas-noticias","38":"tag-ultimasnoticias","39":"tag-world","40":"tag-world-news","41":"tag-worldnews"},"share_on_mastodon":{"url":"","error":"Validation failed: Text character limit of 500 exceeded"},"_links":{"self":[{"href":"https:\/\/www.europesays.com\/es\/wp-json\/wp\/v2\/posts\/268422","targetHints":{"allow":["GET"]}}],"collection":[{"href":"https:\/\/www.europesays.com\/es\/wp-json\/wp\/v2\/posts"}],"about":[{"href":"https:\/\/www.europesays.com\/es\/wp-json\/wp\/v2\/types\/post"}],"author":[{"embeddable":true,"href":"https:\/\/www.europesays.com\/es\/wp-json\/wp\/v2\/users\/2"}],"replies":[{"embeddable":true,"href":"https:\/\/www.europesays.com\/es\/wp-json\/wp\/v2\/comments?post=268422"}],"version-history":[{"count":0,"href":"https:\/\/www.europesays.com\/es\/wp-json\/wp\/v2\/posts\/268422\/revisions"}],"wp:featuredmedia":[{"embeddable":true,"href":"https:\/\/www.europesays.com\/es\/wp-json\/wp\/v2\/media\/60664"}],"wp:attachment":[{"href":"https:\/\/www.europesays.com\/es\/wp-json\/wp\/v2\/media?parent=268422"}],"wp:term":[{"taxonomy":"category","embeddable":true,"href":"https:\/\/www.europesays.com\/es\/wp-json\/wp\/v2\/categories?post=268422"},{"taxonomy":"post_tag","embeddable":true,"href":"https:\/\/www.europesays.com\/es\/wp-json\/wp\/v2\/tags?post=268422"}],"curies":[{"name":"wp","href":"https:\/\/api.w.org\/{rel}","templated":true}]}}