{"id":268423,"date":"2025-12-03T04:50:16","date_gmt":"2025-12-03T04:50:16","guid":{"rendered":"https:\/\/www.europesays.com\/es\/268423\/"},"modified":"2025-12-03T04:50:16","modified_gmt":"2025-12-03T04:50:16","slug":"rtve-estrena-documentartve-el-nuevo-espacio-dedicado-a-la-investigacion-y-memoria-audiovisual","status":"publish","type":"post","link":"https:\/\/www.europesays.com\/es\/268423\/","title":{"rendered":"RTVE estrena &#8216;DocumentaRTVE&#8217;, el nuevo espacio dedicado a la investigaci\u00f3n y memoria audiovisual"},"content":{"rendered":"<p style=\"text-align:justify;\"><a href=\"https:\/\/www.rtve.es\/play\/videos\/exceso-de-equipaje\/\" rel=\"nofollow noopener\" target=\"_blank\">Radiotelevisi\u00f3n Espa\u00f1ola<\/a> estrena <strong>\u2018Carb\u00f3n\u2019<\/strong>, la primera producci\u00f3n de <strong>\u2018DocumentaRTVE\u2019<\/strong>, un nuevo espacio que recupera la tradici\u00f3n de los grandes formatos informativos de la cadena y apuesta por una <strong>narrativa documental contempor\u00e1nea, rigurosa y con acceso directo al terreno<\/strong>.<\/p>\n<p style=\"text-align:justify;\"><strong>\u2018DocumentaRTVE\u2019<\/strong> nace como un contenedor de documentales y reportajes de investigaci\u00f3n elaborados con los recursos de los Servicios Informativos de TVE, lo que garantiza la combinaci\u00f3n de rigor period\u00edstico, profundidad anal\u00edtica y nuevas formas de narraci\u00f3n audiovisual. El espacio, dirigido por <strong>\u00c1ngela Miranda<\/strong>, se apoya adem\u00e1s en el Archivo Hist\u00f3rico de RTVE, una de las colecciones audiovisuales m\u00e1s importantes del pa\u00eds, para ofrecer relatos actuales que dialogan con la memoria colectiva.<\/p>\n<p>&#8216;DocumentaRTVE&#8217;\u00a0\u2122<\/p>\n<p style=\"text-align:justify;\">El documental <strong>\u2018Carb\u00f3n\u2019<\/strong> es una investigaci\u00f3n sobre la miner\u00eda asturleonesa y los \u00faltimos accidentes mortales. Se adentra en el presente de las explotaciones mineras de Asturias y Le\u00f3n, en las consecuencias de su actividad y en el incierto futuro industrial de las cuencas.<\/p>\n<p style=\"text-align:justify;\">La investigaci\u00f3n incorpora un elemento relevante: un equipo de TVE grab\u00f3 dentro de la mina en la que el pasado d\u00eda 21 fallecieron dos mineros, en un rodaje realizado semanas antes del accidente. Ese acceso constituye un <strong>testimonio in\u00e9dito sobre las condiciones de trabajo y el funcionamiento de la explotaci\u00f3n.<\/strong><\/p>\n<p>&#8216;DocumentaRTVE&#8217;\u00a0\u2122<\/p>\n<p style=\"text-align:justify;\">El documental tambi\u00e9n analiza las causas y el impacto del siniestro ocurrido en abril de 2025 en la mina de Cerredo, donde murieron cinco trabajadores, y contextualiza la situaci\u00f3n de la miner\u00eda en la regi\u00f3n, incluyendo la persistencia de pr\u00e1cticas irregulares y los desaf\u00edos de la reconversi\u00f3n pendiente. El trabajo lo firman <strong>V\u00edctor Garc\u00eda Guerrero<\/strong> y <strong>Manu Di\u00e9guez<\/strong>. \u2018Carb\u00f3n\u2019 se emitir\u00e1 el mi\u00e9rcoles 3 de diciembre a las 22:10 horas en La 2 y estar\u00e1 disponible en <a href=\"https:\/\/www.rtve.es\/play\/videos\/exceso-de-equipaje\/\" rel=\"nofollow noopener\" target=\"_blank\">RTVE Play.<\/a><\/p>\n<p>Acerca de \u2018DocumentaRTVE\u2019<\/p>\n<p style=\"text-align:justify;\"><strong>\u2018DocumentaRTVE\u2019<\/strong> forma parte de la Direcci\u00f3n de Expansi\u00f3n Audiovisual, encabezada por <strong>Josep Vilar<\/strong>, y nace con la vocaci\u00f3n de convertirse en un sello de referencia para el documental period\u00edstico en la televisi\u00f3n p\u00fablica, con obras que aporten contexto, nuevas miradas y acceso exclusivo a historias de relevancia social.<\/p>\n","protected":false},"excerpt":{"rendered":"Radiotelevisi\u00f3n Espa\u00f1ola estrena \u2018Carb\u00f3n\u2019, la primera producci\u00f3n de \u2018DocumentaRTVE\u2019, un nuevo espacio que recupera la tradici\u00f3n de los&hellip;\n","protected":false},"author":2,"featured_media":268424,"comment_status":"","ping_status":"","sticky":false,"template":"","format":"standard","meta":{"footnotes":""},"categories":[8],"tags":[17,18,25,24,13,14,11,19,20,9,10,15,16,23,12,21,22],"class_list":{"0":"post-268423","1":"post","2":"type-post","3":"status-publish","4":"format-standard","5":"has-post-thumbnail","7":"category-espana","8":"tag-breaking-news","9":"tag-breakingnews","10":"tag-es","11":"tag-espana","12":"tag-featured-news","13":"tag-featurednews","14":"tag-headlines","15":"tag-latest-news","16":"tag-latestnews","17":"tag-news","18":"tag-noticias","19":"tag-noticias-destacadas","20":"tag-noticiasdestacadas","21":"tag-spain","22":"tag-titulares","23":"tag-ultimas-noticias","24":"tag-ultimasnoticias"},"share_on_mastodon":{"url":"https:\/\/pubeurope.com\/@es\/115653838859855614","error":""},"_links":{"self":[{"href":"https:\/\/www.europesays.com\/es\/wp-json\/wp\/v2\/posts\/268423","targetHints":{"allow":["GET"]}}],"collection":[{"href":"https:\/\/www.europesays.com\/es\/wp-json\/wp\/v2\/posts"}],"about":[{"href":"https:\/\/www.europesays.com\/es\/wp-json\/wp\/v2\/types\/post"}],"author":[{"embeddable":true,"href":"https:\/\/www.europesays.com\/es\/wp-json\/wp\/v2\/users\/2"}],"replies":[{"embeddable":true,"href":"https:\/\/www.europesays.com\/es\/wp-json\/wp\/v2\/comments?post=268423"}],"version-history":[{"count":0,"href":"https:\/\/www.europesays.com\/es\/wp-json\/wp\/v2\/posts\/268423\/revisions"}],"wp:featuredmedia":[{"embeddable":true,"href":"https:\/\/www.europesays.com\/es\/wp-json\/wp\/v2\/media\/268424"}],"wp:attachment":[{"href":"https:\/\/www.europesays.com\/es\/wp-json\/wp\/v2\/media?parent=268423"}],"wp:term":[{"taxonomy":"category","embeddable":true,"href":"https:\/\/www.europesays.com\/es\/wp-json\/wp\/v2\/categories?post=268423"},{"taxonomy":"post_tag","embeddable":true,"href":"https:\/\/www.europesays.com\/es\/wp-json\/wp\/v2\/tags?post=268423"}],"curies":[{"name":"wp","href":"https:\/\/api.w.org\/{rel}","templated":true}]}}