{"id":268425,"date":"2025-12-03T04:51:19","date_gmt":"2025-12-03T04:51:19","guid":{"rendered":"https:\/\/www.europesays.com\/es\/268425\/"},"modified":"2025-12-03T04:51:19","modified_gmt":"2025-12-03T04:51:19","slug":"el-ebro-roza-la-machada-pero-cae-ante-osasuna","status":"publish","type":"post","link":"https:\/\/www.europesays.com\/es\/268425\/","title":{"rendered":"El Ebro roza la machada, pero cae ante Osasuna"},"content":{"rendered":"<p class=\"\">Se med\u00edan Ebro y Osasuna en una nueva eliminatoria de Copa. Los aragoneses tras eliminar al Tarazona y los rojillos tras dejar fuera de la competici\u00f3n al Sant Jordi balear. Aprovechando que se med\u00edan a un rival de categor\u00eda inferior, <b>Lisci decidi\u00f3 dar minutos a los menos habituales y a algunos chavales del filial<\/b>, como Pedroarena o Arguibide. <\/p>\n<p class=\"\">Sin embargo, fue <b>el equipo local el que sali\u00f3 con m\u00e1s ganas<\/b>, con m\u00e1s ilusi\u00f3n y queriendo demostrar que iban a por todas. De hecho, durante los minutos, <b>el Ebro pareci\u00f3 tener el control <\/b>del partido e incluso pusieron a prueba al meta rojillo, Aitor Fern\u00e1ndez, tras una contra muy peligrosa que Charlez lleg\u00f3 a rematar. Se mostraban como <b>un equipo combativo y muy bien estructurado<\/b>. Su atrevimiento era evidente. Por el contrario, a los rojillos le faltaba capacidad para dominar m\u00e1s y les faltaba mover mejor el bal\u00f3n.<\/p>\n<p class=\"\"><b>Seg\u00fan fueron pasando los minutos, los navarros comenzaron a sentirse m\u00e1s c\u00f3modos<\/b> y jugadores como Ra\u00fal o Arguibide dispusieron de alguna ocasi\u00f3n. Pero el Ebro segu\u00eda mostrando que iba a por todas y que no estaba dispuesto a regalar nada y buscaban la menor oportunidad para tratar de generar peligro. Y la tuvieron. Y en una contra, tras una transici\u00f3n de mucha calidad un ex de la cantera de Osasuna,<b> Kevin Soeiro<\/b>, que ya hab\u00eda advertido de su cari\u00f1o al club navarro pero tambi\u00e9n sus ganas de marcar, <b>anotaba en el 45<\/b> para que su equipo se marchara el descanso con ventaja. <\/p>\n<p class=\"\"><b>Las cosas cambiaron para los de Lisci nada m\u00e1s comenzar la segunda parte<\/b>. En el minuto 46, \u00c1ngel Rueda comet\u00eda un <b>penalti sobre Iker Mu\u00f1oz y Ra\u00fal se encargaba de transformarlo <\/b>para igualar el marcador. A partir de ah\u00ed se vio otro Osasuna, que tomaba mejores decisiones y mov\u00eda el bal\u00f3n con m\u00e1s criterio. El Ebro, aunque empezaba a acusar el desgaste f\u00edsico, segu\u00eda haciendo muchas cosas bien y poniendo empe\u00f1o. No se daban por vencidos. <b>En el minuto 77<\/b>, tras un buen centro de Becker, <b>Ra\u00fal hac\u00eda el segundo<\/b>. Pero <b>a Osasuna le dur\u00f3 muy poco la alegr\u00eda porque s\u00f3lo dos minutos despu\u00e9s<\/b>, tras un desbarajuste defensivo de los navarros, <b>anotaban los locales por medio de Marc Prat<\/b>. Entonces<b> el partido se volvi\u00f3 una absoluta locura<\/b>, con goles que ca\u00edan de uno y otro lado. <\/p>\n<p>Noticias relacionadas<a href=\"https:\/\/as.com\/futbol\/copa_del_rey\/ilusion-y-cercania-en-zaragoza-f202512-n\/\" class=\"s_m_w\" title=\"D\u00eda grande para el Ebro, que recibe a Osasuna en un duelo de proximidad geogr\u00e1fica.\" data-tb-link=\"\" rel=\"nofollow noopener\" target=\"_blank\"><img decoding=\"async\" src=\"https:\/\/www.europesays.com\/es\/wp-content\/uploads\/2025\/12\/EFMZDP6MBFAJTAAHQ6PTUVQ6LQ.jpeg\" alt=\"Ilusi\u00f3n y cercan\u00eda en Zaragoza\" class=\"\" height=\"9\" width=\"16\"   loading=\"lazy\" data-tb-thumbnail=\"\"\/><\/a><a href=\"https:\/\/as.com\/futbol\/alessio-lisci-el-ebro-es-un-equipo-muy-competitivo-f202512-n\/\" class=\"s_m_w\" title=\"El t\u00e9cnico italiano no ha dudado en elogiar al Ebro y advertir de lo peligroso que puede resultar. \" data-tb-link=\"\" rel=\"nofollow noopener\" target=\"_blank\"><img decoding=\"async\" src=\"https:\/\/www.europesays.com\/es\/wp-content\/uploads\/2025\/12\/RXLIDUXRCREFNLCPAVUJYU6Q2M.jpg\" alt=\"Alessio Lisci: \u201cEl Ebro es un equipo muy competitivo\u201d\" class=\"\" height=\"9\" width=\"16\"   loading=\"lazy\" data-tb-thumbnail=\"\"\/><\/a><\/p>\n<p class=\"\"><b>En el 83, Moi G\u00f3mez hac\u00eda el tercero y cuatro minutos despu\u00e9s Becker el cuarto<\/b>. El partido parec\u00eda finiquitado, pero nada m\u00e1s lejos de la realidad. En el minuto 90, <b>Mikel Serrano comet\u00eda un penalti y Ch\u00e1rlez se encargaba de establecer el tres a cuatro<\/b>. Quedaba tiempo pero lo aprovecho Osasuna y con el partido a punto de terminar, <b>V\u00edctor Mu\u00f1oz hac\u00eda el tres a cinco definitivo<\/b>. Los rojillos pasaron la eliminatoria pero el Ebro, sobre todo en la primera mitad, hizo un buen partido. <\/p>\n<p class=\"\"><b>\u00a1Tus opiniones importan!<\/b> Comenta en los art\u00edculos y suscr\u00edbete gratis a nuestra <a href=\"https:\/\/asfan.as.com\/newsletters\/\" target=\"_blank\" rel=\"nofollow noopener\" title=\"https:\/\/asfan.as.com\/newsletters\/\">newsletter<\/a> y a las alertas informativas en la <a href=\"https:\/\/as.com\/aplicacion-de-as-n\/\" target=\"_blank\" rel=\"nofollow noopener\" title=\"https:\/\/as.com\/aplicacion-de-as-n\/\">App<\/a> o el canal de <a href=\"https:\/\/www.whatsapp.com\/channel\/0029VaAasdA7j6g745nz9M10\" target=\"_blank\" rel=\"nofollow noopener\" title=\"https:\/\/www.whatsapp.com\/channel\/0029VaAasdA7j6g745nz9M10\">WhatsApp<\/a>. \u00bfBuscas licenciar contenido? Haz clic <a href=\"https:\/\/profesional.elpais.com\/soluciones-sindicacion?utm_medium=interno&amp;utm_source=crosslinking&amp;utm_campaign=sindicacion_as_pie_articulos\" target=\"_blank\" rel=\"nofollow noopener\" title=\"https:\/\/profesional.elpais.com\/soluciones-sindicacion?utm_medium=interno&amp;utm_source=crosslinking&amp;utm_campaign=sindicacion_as_pie_articulos\">aqu\u00ed<\/a><\/p>\n<p>                        <a href=\"https:\/\/as.com\/resultados\/ficha\/equipo\/ebro\/874\/\" class=\"team-banner\" rel=\"nofollow noopener\" target=\"_blank\"><br \/>\n                            Ebro<\/p>\n<p>                                                                                                                                                                                                                                                                                            <img decoding=\"async\" title=\"Ebro\" loading=\"lazy\" src=\"https:\/\/www.europesays.com\/es\/wp-content\/uploads\/2025\/12\/874.png\"  width=\"80\" height=\"80\" data-error-image=\"https:\/\/static.prisa.com\/aside\/resizer\/resize\/img\/sports\/football\/teams\/default.png?width=160&amp;height=160\"\/><\/p>\n<p>                            <\/a>                        <\/p>\n<ul class=\"team-lup\">\n<li class=\"in-pla\">\n                                            1<\/p>\n<p>                                                Mateo Lite<\/p>\n<\/li>\n<li class=\"in-pla\">\n                                            2<\/p>\n<p>                                                \u00c1ngel Rueda<\/p>\n<p>                (73&#8242;)<\/p>\n<\/li>\n<li class=\"in-pla\">\n                                            4<\/p>\n<p>                                                Iv\u00e1n P\u00e9rez<\/p>\n<\/li>\n<li class=\"in-pla\">\n                                            5<\/p>\n<p>                                                H\u00e9ctor Espi\u00e9rrez<\/p>\n<\/li>\n<li class=\"in-pla\">\n                                            15<br \/>\n                                            <a href=\"https:\/\/as.com\/resultados\/ficha\/deportista\/javier_hernandez_tarroc\/48305\/\" target=\"_blank\" class=\"in-pla-name\" rel=\"nofollow noopener\"><br \/>\n                                                Javi Hern\u00e1ndez<br \/>\n                                                <\/a>                                                    <\/p>\n<\/li>\n<li class=\"in-pla\">\n                                            7<\/p>\n<p>                                                Marc Prat<\/p>\n<p>                (90&#8242;)<\/p>\n<\/li>\n<li class=\"in-pla\">\n                                            12<\/p>\n<p>                                                Jaime Requ\u00e9s<\/p>\n<p>                (90&#8242;)<\/p>\n<\/li>\n<li class=\"in-pla\">\n                                            19<\/p>\n<p>                                                Kevin Soeiro<\/p>\n<p>                (73&#8242;)<\/p>\n<\/li>\n<li class=\"in-pla\">\n                                            11<\/p>\n<p>                                                V\u00edctor Charlez<\/p>\n<\/li>\n<li class=\"in-pla\">\n                                            10<\/p>\n<p>                                                Paki<\/p>\n<p>                (56&#8242;)<\/p>\n<\/li>\n<li class=\"ev-fw-sep\">Banquillo<\/li>\n<li class=\"in-pla\">\n                                    3<br \/>\n                                    <a href=\"https:\/\/as.com\/resultados\/ficha\/deportista\/jose_ignacio_uche\/44676\/\" target=\"_blank\" class=\"in-pla-name\" rel=\"nofollow noopener\"><br \/>\n                                        Jos\u00e9 Ignacio Uche<br \/>\n                                        <\/a>                                            <\/p>\n<\/li>\n<li class=\"in-pla\">\n                                    13<\/p>\n<p>                                        Aitor Mujica<\/p>\n<\/li>\n<li class=\"in-pla\">\n                                    9<\/p>\n<p>                                        Kevin Sanchez<\/p>\n<p>                (56&#8242;)<\/p>\n<\/li>\n<li class=\"in-pla\">\n                                    21<\/p>\n<p>                                        \u00c1lvaro Novials<\/p>\n<\/li>\n<li class=\"in-pla\">\n                                    18<\/p>\n<p>                                        Usher Lobede<\/p>\n<p>                (73&#8242;)<\/p>\n<\/li>\n<li class=\"in-pla\">\n                                    27<\/p>\n<p>                                        Raul Gomez<\/p>\n<\/li>\n<li class=\"in-pla\">\n                                    20<\/p>\n<p>                                        Sergio<\/p>\n<p>                (73&#8242;)<\/p>\n<\/li>\n<li class=\"in-pla\">\n                                    29<\/p>\n<p>                                        Iker Vadillo<\/p>\n<p>                (90&#8242;)<\/p>\n<p>                            SC<\/p>\n<\/li>\n<li class=\"in-pla\">\n                                    26<\/p>\n<p>                                        Agustin Magar\u00edn<\/p>\n<\/li>\n<li class=\"in-pla\">\n                                    22<\/p>\n<p>                                        Jorge Arechavaleta<\/p>\n<\/li>\n<li class=\"in-pla\">\n                                    8<br \/>\n                                    <a href=\"https:\/\/as.com\/resultados\/ficha\/deportista\/borja\/24021\/\" target=\"_blank\" class=\"in-pla-name\" rel=\"nofollow noopener\"><br \/>\n                                        Borja<br \/>\n                                        <\/a>                                                                                                                                    <\/p>\n<p>                (90&#8242;)<\/p>\n<p>                            SC<\/p>\n<\/li>\n<\/ul>\n<p class=\"stat-tl ev-fw-tl\"><strong>Cambios<\/strong><\/p>\n<p class=\"ev-text-aux\">\n                            <strong>V\u00edctor Mu\u00f1oz<\/strong> (45&#8242;, Kike Barja),                             <strong>Jorge Herrando<\/strong> (45&#8242;, Asier Osambela),                             <strong>Kevin Sanchez<\/strong> (56&#8242;, Paki),                             <strong>Rub\u00e9n Garc\u00eda<\/strong> (66&#8242;, Mart\u00edn Pedroarena),                             <strong>Usher Lobede<\/strong> (73&#8242;, Kevin Soeiro),                             <strong>Sergio Escolar<\/strong> (73&#8242;, \u00c1ngel Rueda),                             <strong>Abel Bretones<\/strong> (81&#8242;, Juan Cruz),                             <strong>Mikel Serrano<\/strong> (84&#8242;, I\u00f1igo Arguibide),                             <strong>Iker Vadillo<\/strong> (90&#8242;, Marc Prat),                             <strong>Borja Romero<\/strong> (90&#8242;, Jaime Requ\u00e9s)                        <\/p>\n<p class=\"stat-tl ev-fw-tl\"><strong>Goles<\/strong><\/p>\n<p class=\"ev-text-aux\">\n                                                                                                        1-0, 45&#8242;: <strong>Kevin Soeiro<\/strong>,                                                                                 1-1, 48&#8242;: <strong>Raul Garc\u00eda de Haro<\/strong>,                                                                                 1-2, 77&#8242;: <strong>Raul Garc\u00eda de Haro<\/strong>,                                                                                 2-2, 79&#8242;: <strong>Marc Prat<\/strong>,                                                                                 2-3, 83&#8242;: <strong>Moi G\u00f3mez<\/strong>,                                                                                 2-4, 87&#8242;: <strong>Sheraldo Becker<\/strong>,                                                                                 3-4, 92&#8242;: <strong>V\u00edctor Charlez<\/strong>,                                                                                 3-5, 96&#8242;: <strong>V\u00edctor Mu\u00f1oz<\/strong>                        <\/p>\n<p class=\"stat-tl ev-fw-tl\"><strong>Tarjetas<\/strong><\/p>\n<p class=\"ev-text-aux\">\n                Arbitro: Miguel Sesma Espinosa<br \/><strong>Iv\u00e1n P\u00e9rez<\/strong> (5&#8242;,Amarilla),                                     <strong>Moi G\u00f3mez<\/strong> (86&#8242;,Amarilla)                            <\/p>\n","protected":false},"excerpt":{"rendered":"Se med\u00edan Ebro y Osasuna en una nueva eliminatoria de Copa. Los aragoneses tras eliminar al Tarazona y&hellip;\n","protected":false},"author":2,"featured_media":268426,"comment_status":"","ping_status":"","sticky":false,"template":"","format":"standard","meta":{"footnotes":""},"categories":[5],"tags":[17,18,25,24,13,14,11,19,20,9,10,15,16,23,12,21,22],"class_list":{"0":"post-268425","1":"post","2":"type-post","3":"status-publish","4":"format-standard","5":"has-post-thumbnail","7":"category-titulares","8":"tag-breaking-news","9":"tag-breakingnews","10":"tag-es","11":"tag-espana","12":"tag-featured-news","13":"tag-featurednews","14":"tag-headlines","15":"tag-latest-news","16":"tag-latestnews","17":"tag-news","18":"tag-noticias","19":"tag-noticias-destacadas","20":"tag-noticiasdestacadas","21":"tag-spain","22":"tag-titulares","23":"tag-ultimas-noticias","24":"tag-ultimasnoticias"},"share_on_mastodon":{"url":"https:\/\/pubeurope.com\/@es\/115653842980174929","error":""},"_links":{"self":[{"href":"https:\/\/www.europesays.com\/es\/wp-json\/wp\/v2\/posts\/268425","targetHints":{"allow":["GET"]}}],"collection":[{"href":"https:\/\/www.europesays.com\/es\/wp-json\/wp\/v2\/posts"}],"about":[{"href":"https:\/\/www.europesays.com\/es\/wp-json\/wp\/v2\/types\/post"}],"author":[{"embeddable":true,"href":"https:\/\/www.europesays.com\/es\/wp-json\/wp\/v2\/users\/2"}],"replies":[{"embeddable":true,"href":"https:\/\/www.europesays.com\/es\/wp-json\/wp\/v2\/comments?post=268425"}],"version-history":[{"count":0,"href":"https:\/\/www.europesays.com\/es\/wp-json\/wp\/v2\/posts\/268425\/revisions"}],"wp:featuredmedia":[{"embeddable":true,"href":"https:\/\/www.europesays.com\/es\/wp-json\/wp\/v2\/media\/268426"}],"wp:attachment":[{"href":"https:\/\/www.europesays.com\/es\/wp-json\/wp\/v2\/media?parent=268425"}],"wp:term":[{"taxonomy":"category","embeddable":true,"href":"https:\/\/www.europesays.com\/es\/wp-json\/wp\/v2\/categories?post=268425"},{"taxonomy":"post_tag","embeddable":true,"href":"https:\/\/www.europesays.com\/es\/wp-json\/wp\/v2\/tags?post=268425"}],"curies":[{"name":"wp","href":"https:\/\/api.w.org\/{rel}","templated":true}]}}