{"id":268429,"date":"2025-12-03T04:56:12","date_gmt":"2025-12-03T04:56:12","guid":{"rendered":"https:\/\/www.europesays.com\/es\/268429\/"},"modified":"2025-12-03T04:56:12","modified_gmt":"2025-12-03T04:56:12","slug":"no-podia-decir-nada-fue-vergonzoso","status":"publish","type":"post","link":"https:\/\/www.europesays.com\/es\/268429\/","title":{"rendered":"No pod\u00eda decir nada, fue vergonzoso"},"content":{"rendered":"\n<ul class=\"bodyList bodyList--unordered\">\n<li class=\"bodyList__item\"><a href=\"https:\/\/www.elconfidencial.com\/deportes\/tenis\/2025-12-02\/rafa-nadal-problema-alcaraz-sinner-falta-alguien-que-les-apriete-un-poco_4258653\/\" target=\"_self\" rel=\"nofollow noopener\">Nadal, leyenda del tenis, sobre el problema de Alcaraz y Sinner: \u00abFalta alguien que les apriete\u00bb<\/a><\/li>\n<li class=\"bodyList__item\"><a href=\"https:\/\/www.elconfidencial.com\/deportes\/tenis\/2025-12-01\/plan-djokovic-altura-sinner-alcaraz-2026-reconstruyendo-mi-cuerpo_4258026\/\" target=\"_self\" rel=\"nofollow noopener\">El plan de Djokovic para plantar cara a Sinner y Alcaraz en 2026: \u00abEstoy reconstruyendo mi cuerpo\u00bb<\/a><\/li>\n<\/ul>\n<p> <a href=\"https:\/\/www.elconfidencial.com\/deportes\/tenis\/2025-06-25\/andy-murray-wimbledon-rafa-nadal-estatua_4158411\/\" target=\"_self\" rel=\"nofollow noopener\">Andy Murray<\/a> puede presumir de haber coincidido con <a href=\"https:\/\/www.elconfidencial.com\/deportes\/tenis\/2025-11-08\/djokovic-comparacion-alcaraz-sinner-federer-nadal-murray-yo-merecemos-respeto_4244170\/\" target=\"_self\" rel=\"nofollow noopener\">Nadal, Federer y Djokovic<\/a> y haber ganado 46 t\u00edtulos individuales y <strong>tres Grand Slams<\/strong> (un US Open y dos Wimbledon), 14 Masters 1000, <strong>dos medallas de oro ol\u00edmpicas<\/strong> y un t\u00edtulo en las <strong>Finales ATP<\/strong>. <\/p>\n<p> El <a href=\"https:\/\/www.elconfidencial.com\/deportes\/tenis\/2025-09-21\/andy-murray-compara-a-carlos-alcaraz-con-ronaldinho_4213303\/\" target=\"_self\" rel=\"nofollow noopener\">escoc\u00e9s<\/a> <strong>se retir\u00f3 tras los Juegos Ol\u00edmpicos de Par\u00eds 2024<\/strong> y, al poco tiempo, se pas\u00f3 a los banquillos para entrenar a <a href=\"https:\/\/www.elconfidencial.com\/deportes\/tenis\/2025-12-01\/plan-djokovic-altura-sinner-alcaraz-2026-reconstruyendo-mi-cuerpo_4258026\/\" target=\"_self\" rel=\"nofollow noopener\">Novak Djokovic<\/a>. Su vinculaci\u00f3n fue muy corta y apenas <a href=\"https:\/\/www.elconfidencial.com\/deportes\/tenis\/2025-05-13\/djokovic-rompe-con-murray-entrenador-antes-de-roland-garros_4128171\/\" target=\"_self\" rel=\"nofollow noopener\">estuvieron seis meses<\/a>. <\/p>\n<p> Aunque este per\u00edodo breve <a href=\"https:\/\/www.elconfidencial.com\/deportes\/tenis\/2025-07-20\/andy-murray-exentrenador-djokovic-pedia-informacion-tecnica-no-estaba-comodo_4176515\/\" target=\"_self\" rel=\"nofollow noopener\">dej\u00f3 muchas an\u00e9cdotas<\/a>, entre las que destacan c\u00f3mo fue el<strong> primer d\u00eda de Murray <\/strong>como el t\u00e9cnico del serbio. El brit\u00e1nico lo cont\u00f3 en The Tennis Podcast.  <\/p>\n<p>              <img decoding=\"async\" class=\"inTextNews__img\" alt=\"Foto: andy-murray-exentrenador-djokovic-pedia-informacion-tecnica-no-estaba-comodo\" src=\"https:\/\/www.europesays.com\/es\/wp-content\/uploads\/2025\/12\/f.elconfidencial.com\/original\/7eb\/62e\/b7b\/7eb62eb7b07a56b145d4f2b4ff764ef8.jpg\"  \/>     <\/p>\n<p>TE PUEDE INTERESAR<\/p>\n<p>      <a class=\"inTextNews__title\" href=\"https:\/\/www.elconfidencial.com\/deportes\/tenis\/2025-07-20\/andy-murray-exentrenador-djokovic-pedia-informacion-tecnica-no-estaba-comodo_4176515\/\" onclick=\"window.ECCO.emit(&#039;amplitude&#039;, { dataEventName: &#039;click_related_article_module&#039;, data: { related_article_url: &#039;https:\/\/www.elconfidencial.com\/deportes\/tenis\/2025-07-20\/andy-murray-exentrenador-djokovic-pedia-informacion-tecnica-no-estaba-comodo_4176515\/&#039;, related_article_author: &#039;\u00c1lvaro El\u00edas&#039;, related_article_section: &#039;tenis&#039; } })\" rel=\"nofollow noopener\" target=\"_blank\"> Andy Murray, exentrenador de Djokovic: \u00abMe ped\u00eda mucha informaci\u00f3n t\u00e9cnica y no me sent\u00eda muy c\u00f3modo\u00bb <\/a>   <\/p>\n<p>    \u00c1lvaro El\u00edas   <\/p>\n<p> Ahora lo relata con humor, pero realmente lo pas\u00f3 mal<strong> en su estreno con Novak<\/strong>, ya que cuando empez\u00f3 a correr con \u00e9l, not\u00f3 calambres a los cinco minutos.<strong> <\/strong>\u00ab<strong>No pod\u00eda decir nada<\/strong>, porque despu\u00e9s de cuatro o cinco minutos, <strong>era absolutamente vergonzoso<\/strong>. En fin, acab\u00e9, complet\u00e9 los 50 minutos, pero sent\u00eda un dolor impresionante. Le dije a su equipo que ten\u00edan que ayudarme, que llevaba 45 minutos corriendo y que <strong>sent\u00eda calambres en la pantorrilla izquierda<\/strong>\u00ab, comenz\u00f3 recordando. <\/p>\n<p> <strong>Murray <\/strong>tambi\u00e9n explic\u00f3 por qu\u00e9 se aguant\u00f3 y sigui\u00f3 corriendo:<strong> <\/strong>\u00ab<strong>En esos momentos sent\u00eda que no pod\u00eda parar<\/strong>, no quer\u00eda demostr\u00e1rselo, algo as\u00ed como: &#8216;Oh, Dios, <strong>es alguien contra el que he competido<\/strong> tant\u00edsimas veces y aqu\u00ed estoy, <strong>acalambrado despu\u00e9s de 5 minutos de carrera junto a \u00e9l<\/strong>&#8216;. No me qued\u00f3 otra que superarlo, pero fue un momento bastante embarazoso para m\u00ed\u00bb. <\/p>\n","protected":false},"excerpt":{"rendered":"Nadal, leyenda del tenis, sobre el problema de Alcaraz y Sinner: \u00abFalta alguien que les apriete\u00bb El plan&hellip;\n","protected":false},"author":2,"featured_media":268430,"comment_status":"","ping_status":"","sticky":false,"template":"","format":"standard","meta":{"footnotes":""},"categories":[274],"tags":[168,25,24,23,167,327,326],"class_list":{"0":"post-268429","1":"post","2":"type-post","3":"status-publish","4":"format-standard","5":"has-post-thumbnail","7":"category-tenis","8":"tag-deportes","9":"tag-es","10":"tag-espana","11":"tag-spain","12":"tag-sports","13":"tag-tenis","14":"tag-tennis"},"share_on_mastodon":{"url":"https:\/\/pubeurope.com\/@es\/115653862029317875","error":""},"_links":{"self":[{"href":"https:\/\/www.europesays.com\/es\/wp-json\/wp\/v2\/posts\/268429","targetHints":{"allow":["GET"]}}],"collection":[{"href":"https:\/\/www.europesays.com\/es\/wp-json\/wp\/v2\/posts"}],"about":[{"href":"https:\/\/www.europesays.com\/es\/wp-json\/wp\/v2\/types\/post"}],"author":[{"embeddable":true,"href":"https:\/\/www.europesays.com\/es\/wp-json\/wp\/v2\/users\/2"}],"replies":[{"embeddable":true,"href":"https:\/\/www.europesays.com\/es\/wp-json\/wp\/v2\/comments?post=268429"}],"version-history":[{"count":0,"href":"https:\/\/www.europesays.com\/es\/wp-json\/wp\/v2\/posts\/268429\/revisions"}],"wp:featuredmedia":[{"embeddable":true,"href":"https:\/\/www.europesays.com\/es\/wp-json\/wp\/v2\/media\/268430"}],"wp:attachment":[{"href":"https:\/\/www.europesays.com\/es\/wp-json\/wp\/v2\/media?parent=268429"}],"wp:term":[{"taxonomy":"category","embeddable":true,"href":"https:\/\/www.europesays.com\/es\/wp-json\/wp\/v2\/categories?post=268429"},{"taxonomy":"post_tag","embeddable":true,"href":"https:\/\/www.europesays.com\/es\/wp-json\/wp\/v2\/tags?post=268429"}],"curies":[{"name":"wp","href":"https:\/\/api.w.org\/{rel}","templated":true}]}}