{"id":268431,"date":"2025-12-03T04:59:14","date_gmt":"2025-12-03T04:59:14","guid":{"rendered":"https:\/\/www.europesays.com\/es\/268431\/"},"modified":"2025-12-03T04:59:14","modified_gmt":"2025-12-03T04:59:14","slug":"por-que-decidio-jugar-en-puerto-rico","status":"publish","type":"post","link":"https:\/\/www.europesays.com\/es\/268431\/","title":{"rendered":"por qu\u00e9 decidi\u00f3 jugar en Puerto Rico"},"content":{"rendered":"<p><strong>Danilo Gallinari<\/strong> siempre fue un jugador distinto. Elegante, cerebral, capaz de adaptarse a cualquier contexto. Pero nadie imaginaba que, despu\u00e9s de<strong> 16 temporadas en la<\/strong> <strong>NBA<\/strong> y m\u00e1s de 200 millones de d\u00f3lares en contratos, su \u00faltimo gran viaje profesional lo llevar\u00eda a miles de kil\u00f3metros de Italia\u2026 y no a un gran club europeo, sino a <strong><a href=\"https:\/\/www.gigantes.com\/mas-basket\/danilo-gallinari-puerto-rico\/\" rel=\"nofollow noopener\" target=\"_blank\">Puerto Rico<\/a><\/strong>. All\u00ed, en Bayam\u00f3n, encontr\u00f3 algo que no esperaba: paz, minutos, un t\u00edtulo y la chispa final para despedirse del baloncesto jugando el EuroBasket 2025 con la selecci\u00f3n italiana.<\/p>\n<p>Por qu\u00e9 Puerto Rico: la b\u00fasqueda de un \u00faltimo baile en paz<\/p>\n<p>La realidad de su viaje se entiende mejor mirando c\u00f3mo termin\u00f3 su \u00faltima etapa NBA. Tras cerrar su paso por Milwaukee en 2024, Gallinari segu\u00eda convencido de que pod\u00eda tener un rol como veterano en la liga. \u201cQuer\u00eda jugar una \u00faltima vez incluso sabiendo que iba a ser un rol de veterano, en el que no juegas tanto y solo est\u00e1s asesorando a los j\u00f3venes\u201d, explic\u00f3 para ESPN.<\/p>\n<p>M\u00e1s | <a href=\"https:\/\/www.gigantes.com\/selecciones\/palabras-danilo-gallinari-ultimo-baile-seleccion-italiana\/\" rel=\"nofollow noopener\" target=\"_blank\">Las palabras de Danilo Gallinari sobre su \u00faltimo baile con la selecci\u00f3n italiana<\/a><\/p>\n<p>Pero los meses pasaban, las ofertas no llegaban, y el italiano \u2014ya instalado en Miami con su mujer, Eleonora, y sus hijos\u2014 necesitaba competir. Lo hac\u00eda en las tradicionales pachangas dominicales de la Universidad de Miami, donde coincid\u00eda con el ex jugador y actual Gerente General del combinado nacional de Puerto Rico, <strong>Carlos Arroyo<\/strong>. Lo que empez\u00f3 como conversaci\u00f3n casual acab\u00f3 convirti\u00e9ndose en un proyecto real despu\u00e9s de semanas de charlas y caf\u00e9s.<\/p>\n<p>Arroyo, tambi\u00e9n copropietario de los <strong>Vaqueros de Bayam\u00f3n<\/strong>, lo vio claro. Le ofrec\u00eda competitividad real, un gran mercado local, estabilidad y un nivel m\u00e1s alto del que muchos imaginan. Adem\u00e1s, la BSN pod\u00eda darle algo esencial: minutos y liderazgo. Un contexto perfecto para preparar su despedida con Italia. El desenlace acabar\u00eda siendo el ideal para Gallinari: \u201cPuerto Rico fue incre\u00edble. Fue perfecto. Me dio la oportunidad, en primer lugar, de jugar a un nivel alt\u00edsimo\u2026 y era el jugador m\u00e1s importante del equipo o uno de los m\u00e1s importantes\u201d.<\/p>\n<p>Un t\u00edtulo que lo cambi\u00f3 todo<\/p>\n<p>Su experiencia al noroeste del Caribe no fue testimonial. Se convirti\u00f3 en la referencia de los Vaqueros, jug\u00f3 m\u00e1s de 30 minutos por noche y recuper\u00f3 ese rol protag\u00f3nico que hac\u00eda a\u00f1os que no sent\u00eda en la NBA. El resultado fue hist\u00f3rico para \u00e9l: <strong>campe\u00f3n de la BSN y MVP de las Finales<\/strong>.<\/p>\n<p>Ese t\u00edtulo fue algo simb\u00f3lico. Con dos d\u00e9cadas de carrera, Gallinari jam\u00e1s hab\u00eda levantado un trofeo profesional. Puerto Rico le dio el primero y complaci\u00f3 ese deseo, m\u00e1s all\u00e1 de sus otros logros -no de oro- con la selecci\u00f3n nacional, de no ver su vitrina vac\u00eda. Y tambi\u00e9n le abri\u00f3 la puerta para cumplir otro deseo: sentirse en un estado de forma y mental adecuados para defender una \u00faltima vez la camiseta italiana en el EuroBasket 2025.<\/p>\n<blockquote class=\"twitter-tweet\" data-width=\"550\" data-dnt=\"true\">\n<p lang=\"es\" dir=\"ltr\">\ud83c\uddee\ud83c\uddf9 Danilo Gallinari ha recibido de manos de Jorge Garbajosa un reconocimiento a su trayectoria con la selecci\u00f3n italiana de la que se retira tras la eliminaci\u00f3n del <a href=\"https:\/\/twitter.com\/hashtag\/Eurobasket?src=hash&amp;ref_src=twsrc%5Etfw\" rel=\"nofollow noopener\" target=\"_blank\">#Eurobasket<\/a> <a href=\"https:\/\/t.co\/tWwuFacb86\" rel=\"nofollow\">pic.twitter.com\/tWwuFacb86<\/a><\/p>\n<p>\u2014 Gigantes del Basket (@GIGANTESbasket) <a href=\"https:\/\/twitter.com\/GIGANTESbasket\/status\/1964746620177895541?ref_src=twsrc%5Etfw\" rel=\"nofollow noopener\" target=\"_blank\">September 7, 2025<\/a><\/p><\/blockquote>\n<p>Una temporada marcada por un susto inesperado<\/p>\n<p>Pero su estancia en el Caribe tambi\u00e9n dej\u00f3 un cap\u00edtulo dram\u00e1tico. En uno de sus d\u00edas libres, Gallinari y su familia fueron a la playa de Isla Verde, en Carolina. All\u00ed, su mujer \u2014embarazada de seis meses\u2014 sufri\u00f3 la <strong>mordedura de un tibur\u00f3n<\/strong> en la pierna. Un episodio que describi\u00f3 como surrealista, marcado por el miedo y la incertidumbre. No hubo complicaciones, el beb\u00e9 naci\u00f3 y la familia est\u00e1 bien. Pero la experiencia reforz\u00f3 algo en \u00e9l: priorizar el futuro, la estabilidad y el tiempo con sus hijos.<\/p>\n<p>El adi\u00f3s de un competidor puro<\/p>\n<p>A los 37 a\u00f1os, Gallinari lo ten\u00eda claro. \u201c<strong>\u00bfPuedo jugar otra temporada? S\u00ed<\/strong>. Pero ahora tengo una familia numerosa y quiero poder jugar con ellos con mucha intensidad\u201d. El cuerpo le ped\u00eda parar. La mente, tambi\u00e9n. Tras su participaci\u00f3n en el EuroBasket, anunci\u00f3 su retirada de la selecci\u00f3n y, posteriormente,la  definitiva.<\/p>\n<p>Lo hace como <strong>uno de los mejores jugadores italianos de todos los tiempos<\/strong>, un anotador fino, un profesional respetado y un superviviente en lo deportivo que regres\u00f3 tras dos graves lesiones de rodilla. Lo hace orgulloso, aunque consciente del cl\u00e1sico \u201cy si\u2026\u201d.<\/p>\n<p><img decoding=\"async\" src=\"https:\/\/www.europesays.com\/es\/wp-content\/uploads\/2025\/12\/1764732370_486_mtracking.gif\" alt=\"Etiquetas de Mautic\" style=\"display:none;\"\/><\/p>\n<p>\t\t\t\t\t\t<script async src=\"https:\/\/platform.twitter.com\/widgets.js\" charset=\"utf-8\"><\/script><\/p>\n","protected":false},"excerpt":{"rendered":"Danilo Gallinari siempre fue un jugador distinto. Elegante, cerebral, capaz de adaptarse a cualquier contexto. Pero nadie imaginaba&hellip;\n","protected":false},"author":2,"featured_media":268432,"comment_status":"","ping_status":"","sticky":false,"template":"","format":"standard","meta":{"footnotes":""},"categories":[269],"tags":[299,298,168,25,24,1725,23,167],"class_list":{"0":"post-268431","1":"post","2":"type-post","3":"status-publish","4":"format-standard","5":"has-post-thumbnail","7":"category-baloncesto","8":"tag-baloncesto","9":"tag-basketball","10":"tag-deportes","11":"tag-es","12":"tag-espana","13":"tag-nba","14":"tag-spain","15":"tag-sports"},"share_on_mastodon":{"url":"https:\/\/pubeurope.com\/@es\/115653874298273357","error":""},"_links":{"self":[{"href":"https:\/\/www.europesays.com\/es\/wp-json\/wp\/v2\/posts\/268431","targetHints":{"allow":["GET"]}}],"collection":[{"href":"https:\/\/www.europesays.com\/es\/wp-json\/wp\/v2\/posts"}],"about":[{"href":"https:\/\/www.europesays.com\/es\/wp-json\/wp\/v2\/types\/post"}],"author":[{"embeddable":true,"href":"https:\/\/www.europesays.com\/es\/wp-json\/wp\/v2\/users\/2"}],"replies":[{"embeddable":true,"href":"https:\/\/www.europesays.com\/es\/wp-json\/wp\/v2\/comments?post=268431"}],"version-history":[{"count":0,"href":"https:\/\/www.europesays.com\/es\/wp-json\/wp\/v2\/posts\/268431\/revisions"}],"wp:featuredmedia":[{"embeddable":true,"href":"https:\/\/www.europesays.com\/es\/wp-json\/wp\/v2\/media\/268432"}],"wp:attachment":[{"href":"https:\/\/www.europesays.com\/es\/wp-json\/wp\/v2\/media?parent=268431"}],"wp:term":[{"taxonomy":"category","embeddable":true,"href":"https:\/\/www.europesays.com\/es\/wp-json\/wp\/v2\/categories?post=268431"},{"taxonomy":"post_tag","embeddable":true,"href":"https:\/\/www.europesays.com\/es\/wp-json\/wp\/v2\/tags?post=268431"}],"curies":[{"name":"wp","href":"https:\/\/api.w.org\/{rel}","templated":true}]}}