{"id":268433,"date":"2025-12-03T05:00:17","date_gmt":"2025-12-03T05:00:17","guid":{"rendered":"https:\/\/www.europesays.com\/es\/268433\/"},"modified":"2025-12-03T05:00:17","modified_gmt":"2025-12-03T05:00:17","slug":"espana-alemania-en-directo-final-de-la-nations-league-hoy-en-vivo","status":"publish","type":"post","link":"https:\/\/www.europesays.com\/es\/268433\/","title":{"rendered":"Espa\u00f1a &#8211; Alemania, en directo: final de la Nations League hoy en vivo"},"content":{"rendered":"<p><strong>\u00bfQu\u00e9 sientes?<\/strong><\/p>\n<p>\u00abMi cara lo dice todo. Volver y poder estar en mi ciudad, con mi gente, con mi familia, que hayamos dado un espect\u00e1culo\u2026 Es impresionante\u00bb.<\/p>\n<p><strong>\u00bfQu\u00e9 momento se te pasa por la cabeza?<\/strong><\/p>\n<p>\u00abNo quiero pensar en nada m\u00e1s. Vivo mucho el momento. Estoy muy orgullosa de vestir esta camiseta, de ganar un t\u00edtulo m\u00e1s y seguir disfrutando del f\u00fatbol\u00bb.<\/p>\n<p><strong>\u00bfCu\u00e1nto\u00a0ha costado este momento?<\/strong><\/p>\n<p>\u00abHa costado mucho. Ha habido meses de trabajo, de pensar si volverme a poner esta camiseta. Y como se dice, a veces todo tiene su recompensa\u00bb.<\/p>\n<p><strong>\u00bfHa sido uno de los momentos m\u00e1s especiales?<\/strong><\/p>\n<p>\u00abEs uno de los momentos m\u00e1s especiales de mi vida. Celebrar algo en Madrid me hace much\u00edsima ilusi\u00f3n\u00bb.<\/p>\n<p>Jenni Hermoso, jugadora de Espa\u00f1a<\/p>\n","protected":false},"excerpt":{"rendered":"\u00bfQu\u00e9 sientes? \u00abMi cara lo dice todo. Volver y poder estar en mi ciudad, con mi gente, con&hellip;\n","protected":false},"author":2,"featured_media":268434,"comment_status":"","ping_status":"","sticky":false,"template":"","format":"standard","meta":{"footnotes":""},"categories":[268],"tags":[168,25,24,280,282,281,23,167],"class_list":{"0":"post-268433","1":"post","2":"type-post","3":"status-publish","4":"format-standard","5":"has-post-thumbnail","7":"category-futbol","8":"tag-deportes","9":"tag-es","10":"tag-espana","11":"tag-football","12":"tag-futbol","13":"tag-soccer","14":"tag-spain","15":"tag-sports"},"share_on_mastodon":{"url":"https:\/\/pubeurope.com\/@es\/115653877806002399","error":""},"_links":{"self":[{"href":"https:\/\/www.europesays.com\/es\/wp-json\/wp\/v2\/posts\/268433","targetHints":{"allow":["GET"]}}],"collection":[{"href":"https:\/\/www.europesays.com\/es\/wp-json\/wp\/v2\/posts"}],"about":[{"href":"https:\/\/www.europesays.com\/es\/wp-json\/wp\/v2\/types\/post"}],"author":[{"embeddable":true,"href":"https:\/\/www.europesays.com\/es\/wp-json\/wp\/v2\/users\/2"}],"replies":[{"embeddable":true,"href":"https:\/\/www.europesays.com\/es\/wp-json\/wp\/v2\/comments?post=268433"}],"version-history":[{"count":0,"href":"https:\/\/www.europesays.com\/es\/wp-json\/wp\/v2\/posts\/268433\/revisions"}],"wp:featuredmedia":[{"embeddable":true,"href":"https:\/\/www.europesays.com\/es\/wp-json\/wp\/v2\/media\/268434"}],"wp:attachment":[{"href":"https:\/\/www.europesays.com\/es\/wp-json\/wp\/v2\/media?parent=268433"}],"wp:term":[{"taxonomy":"category","embeddable":true,"href":"https:\/\/www.europesays.com\/es\/wp-json\/wp\/v2\/categories?post=268433"},{"taxonomy":"post_tag","embeddable":true,"href":"https:\/\/www.europesays.com\/es\/wp-json\/wp\/v2\/tags?post=268433"}],"curies":[{"name":"wp","href":"https:\/\/api.w.org\/{rel}","templated":true}]}}