{"id":268437,"date":"2025-12-03T05:02:08","date_gmt":"2025-12-03T05:02:08","guid":{"rendered":"https:\/\/www.europesays.com\/es\/268437\/"},"modified":"2025-12-03T05:02:08","modified_gmt":"2025-12-03T05:02:08","slug":"rocio-la-pequena-une-cuerpo-y-hogar-en-la-casa","status":"publish","type":"post","link":"https:\/\/www.europesays.com\/es\/268437\/","title":{"rendered":"Roc\u00edo La Peque\u00f1a une cuerpo y hogar en &#8216;La Casa&#8217;"},"content":{"rendered":"<p class=\"v-mdl-ath__p v-mdl-ath__p--6\">\nMartes, 2 de diciembre 2025, 20:09<\/p>\n<p class=\"v-p\">La Sala Subjetiva Nicomedes G\u00f3mez del Palacio Consistorial de Cartagena acoge, hasta el 6 de enero, la exposici\u00f3n &#8216;La Casa&#8217;, de la artista de Molina de Segura Roc\u00edo P\u00e9rez, conocida art\u00edsticamente como Roc\u00edo La Peque\u00f1a. <\/p>\n<p class=\"v-p\">Se trata de una muestra en la que los conceptos cuerpo y hogar se dan la mano, transmitiendo la importancia de valorar todo tipo de f\u00edsicos, y hacerlo uniendo tradici\u00f3n, g\u00e9nero, inclusi\u00f3n y medios digitales.<\/p>\n<p class=\"v-p\">La artista ha explicado que lo que busca es \u00abreflexionar sobre el concepto en el que el cuerpo es nuestra casa, porque estamos muy acostumbrados a rechazar nuestro cuerpo, a que nunca sea suficiente, parece que siempre necesitamos cambiarlo y mejorarlo\u00bb. De esta manera, ha se\u00f1alado que este sentimiento parece acentuarse en las mujeres y ha insistido en que le gustar\u00eda que la muestra sirva para \u00abreconciliarnos con ese sentimiento de hogar, ya que el cuerpo que tenemos es el que nos lleva a cualquier sitio y es importante que consigamos estar a gusto con el\u00bb.<\/p>\n<p class=\"v-p\">La muestra est\u00e1 compuesta por diferentes obras que conjugan pintura en acr\u00edlico, collage con tela y bordado. <\/p>\n<p>Reporta un error<\/p>\n","protected":false},"excerpt":{"rendered":"Martes, 2 de diciembre 2025, 20:09 La Sala Subjetiva Nicomedes G\u00f3mez del Palacio Consistorial de Cartagena acoge, hasta&hellip;\n","protected":false},"author":2,"featured_media":268438,"comment_status":"","ping_status":"","sticky":false,"template":"","format":"standard","meta":{"footnotes":""},"categories":[173],"tags":[229,233,231,230,385,873,232,234,146,147,25,24,11746,8127,3152,23,14874],"class_list":{"0":"post-268437","1":"post","2":"type-post","3":"status-publish","4":"format-standard","5":"has-post-thumbnail","7":"category-arte-y-diseno","8":"tag-arte","9":"tag-arte-y-diseno","10":"tag-arts","11":"tag-arts-and-design","12":"tag-casa","13":"tag-cuerpo","14":"tag-design","15":"tag-diseno","16":"tag-entertainment","17":"tag-entretenimiento","18":"tag-es","19":"tag-espana","20":"tag-hogar","21":"tag-pequena","22":"tag-rocio","23":"tag-spain","24":"tag-une"},"share_on_mastodon":{"url":"https:\/\/pubeurope.com\/@es\/115653885527016770","error":""},"_links":{"self":[{"href":"https:\/\/www.europesays.com\/es\/wp-json\/wp\/v2\/posts\/268437","targetHints":{"allow":["GET"]}}],"collection":[{"href":"https:\/\/www.europesays.com\/es\/wp-json\/wp\/v2\/posts"}],"about":[{"href":"https:\/\/www.europesays.com\/es\/wp-json\/wp\/v2\/types\/post"}],"author":[{"embeddable":true,"href":"https:\/\/www.europesays.com\/es\/wp-json\/wp\/v2\/users\/2"}],"replies":[{"embeddable":true,"href":"https:\/\/www.europesays.com\/es\/wp-json\/wp\/v2\/comments?post=268437"}],"version-history":[{"count":0,"href":"https:\/\/www.europesays.com\/es\/wp-json\/wp\/v2\/posts\/268437\/revisions"}],"wp:featuredmedia":[{"embeddable":true,"href":"https:\/\/www.europesays.com\/es\/wp-json\/wp\/v2\/media\/268438"}],"wp:attachment":[{"href":"https:\/\/www.europesays.com\/es\/wp-json\/wp\/v2\/media?parent=268437"}],"wp:term":[{"taxonomy":"category","embeddable":true,"href":"https:\/\/www.europesays.com\/es\/wp-json\/wp\/v2\/categories?post=268437"},{"taxonomy":"post_tag","embeddable":true,"href":"https:\/\/www.europesays.com\/es\/wp-json\/wp\/v2\/tags?post=268437"}],"curies":[{"name":"wp","href":"https:\/\/api.w.org\/{rel}","templated":true}]}}