{"id":268439,"date":"2025-12-03T05:04:09","date_gmt":"2025-12-03T05:04:09","guid":{"rendered":"https:\/\/www.europesays.com\/es\/268439\/"},"modified":"2025-12-03T05:04:09","modified_gmt":"2025-12-03T05:04:09","slug":"por-que-se-hunde-la-audiencia-de-telecinco","status":"publish","type":"post","link":"https:\/\/www.europesays.com\/es\/268439\/","title":{"rendered":"\u00bfPor qu\u00e9 se hunde la audiencia de Telecinco?"},"content":{"rendered":"<p class=\"paragraph\">El barco se hunde, no hay suficientes botes salvavidas, y los pasillos, plat\u00f3s y despachos de aquella cadena de Fuencarral  que durante 20 a\u00f1os lider\u00f3 la audiencia de las televisiones en Espa\u00f1a, comienzan a inundarse de fatalidad y desesperaci\u00f3n.  <b>Telecinco<\/b>, como el Titanic, se hunde en su propio \u00e9xito que no supo renovar a tiempo. Y la orquesta, asentada en los despachos de la planta noble, sigue tocando desafinada, incapaz y resucitando de los s\u00f3tanos programas antiguos, casposos que se hunden a las semanas de aparecer en pantalla.<\/p>\n<p class=\"paragraph\">Las audiencias le han dado la espalda a la <b>joya de la corona de Mediaset<\/b>. Desconcertadas, fueron fieles a aquella programaci\u00f3n importada de la Italia de Berlusconi, donde la fiesta, el cachondeo y las chicas semidesnudas, con tonos irreverente y atrevidos, copaban la parrilla. Innovaron ese mundo con <b>Cr\u00f3nicas Marcianas<\/b>, <b>Caiga quien caiga<\/b>,<b> El informal<\/b>\u2026 su objetivo es llevar muchos millones de beneficios a la empresa matriz en Roma.<\/p>\n<p class=\"paragraph\"><b>Paolo Vasile<\/b>, el presidente de <b>Telecinco<\/b>, ten\u00eda el mejor producto: <b>Pasapalabra <\/b>(hoy en A3 con m\u00e1s de dos millones de seguidores diarios) y lo perdi\u00f3 entre pleitos judiciales el a\u00f1o 2019; <b>El Hormiguero <\/b>de<b> Pablo Motos<\/b> emigr\u00f3 a Antena 3 ante la suculenta oferta econ\u00f3mica que no igual\u00f3 <b>Paolo Vasile<\/b>; el cocinero <b>Karlos Agui\u00f1ano <\/b>sigui\u00f3 el mismo camino hace la competencia que le ofreci\u00f3 el doble de lo que cobraba en Telecinco.<\/p>\n<p class=\"paragraph\">Comenz\u00f3 la decadencia. La parrilla se convirti\u00f3 en<b> Ana Rosa Quintana <\/b>por la ma\u00f1ana dominando las audiencias y el interminable <b>S\u00e1lvame <\/b>que acab\u00f3 autofagocit\u00e1ndose entre sus personajes por las tardes. Las noches estaban dedicadas a los realitys: <b>Gran Hermano <\/b> en todas sus variantes; <b>La isla de<\/b> <b>las tentaciones<\/b>, <b>Supervivientes<\/b>. Telecinco manten\u00eda el tipo.<\/p>\n<p class=\"paragraph\">El adi\u00f3s de Vasile sirvi\u00f3 para  dar un giro hacia lo familiar, menos agresivo y marca blanca. Los seguidores huyeron despavoridos. De las mamachicho a <b>S\u00e1lvame<\/b>, a\u00f1os que se borran en d\u00edas. Sin marca clara, sin una programaci\u00f3n asentada , la competencia, gracias a esas bondades de Vasile, captur\u00f3 la columna vertebral de Telecinco. Cayeron los informativos, el liderazgo del informativo de<b> Pedro Piqueras<\/b>, sin <b>Pasapalabra <\/b>por delante y <b>El  Hormiguero<\/b> por detr\u00e1s, comenz\u00f3 a hacer aguas. Jubilan a <b>Piqueras<\/b>, prescinden de<b> David Cantero <\/b>y los informativos, en estos momentos, son la tercera opci\u00f3n.<\/p>\n<p class=\"paragraph\">\u00bfPor qu\u00e9 se ha hundido Telecinco? <b>Ana Rosa Quintana<\/b> da las claves: \u00abLo que le ha pasado factura a Telecinco es la marcha de Pasapalabra, El Hormiguero con Pablo Motos y la p\u00e9rdida de algunos programas emblem\u00e1ticos\u00bb. Otro superviviente, <b>Joaqu\u00edn Prats<\/b>, lo analiza as\u00ed: \u00abEl final de S\u00e1lvame fue un alivio para todos. El modelo comenzaba a resquebrajarse, junto con alg\u00fan error de planteamiento de algunos temas\u00bb.<\/p>\n<p class=\"c-detail__media__subtitle composite_image\">\n<p>        Joaqu\u00edn Prat, presentador de El Tiempo JustoTelecinco<\/p>\n<p class=\"paragraph\">El pen\u00faltimo que abandonar\u00e1 el barco ser\u00e1 una figura emblem\u00e1tica de Mediaset, <b>Jes\u00fas V\u00e1zquez<\/b>. Desde 1990 en la cadena. Un presentador incombustible que, \u00e9l mismo, ya ha anunciado que despu\u00e9s de \u00abBailando con las estrellas\u00bb programa que presenta en la actualidad. \u00abSer\u00e9 libre\u00bb. Su contrato, de larga duraci\u00f3n y en exclusividad, finaliza el 30 de diciembre y sus palabras han sido un adi\u00f3s con sordina, sin confirmarlo claramente: \u00abHay vida ah\u00ed fuera, hay vida y hay cosas y hay que ver qu\u00e9 hacemos\u2026 pero vamos, que despu\u00e9s de este programa\u2026 soy libre\u00bb. No es casualidad que en las redes sociales ya circule su posible futuro: presentar\u00e1 el Benidorm Fest\u2026 de TVE.<\/p>\n<p class=\"paragraph\">Los datos son fr\u00edos y contundentes: Los 20 programas m\u00e1s vistos en Telecinco durante el a\u00f1o 2025 han sido: nueve partidos del mundial de clubes de f\u00fatbol, nueve programas de<b> La isla de las Tentaciones<\/b> y dos programas de <b>Supervivientes<\/b>.  Un bagaje dif\u00edcil de digerir. Ha cerrado noviembre con una media del 9  %, alejada de la 1 de TVE y de la cadena l\u00edder Antena 3. Solo los meses de marzo 10,2 %; abril 10,1 y junio 10,2 % ha superado por los pelos los dos d\u00edgitos. Sin olvidar el 8% del mes de agosto, que fue el m\u00e1s bajo de su historia.<\/p>\n<p class=\"paragraph\">El futuro con<b> Gran Hermano<\/b> diluy\u00e9ndose, la tarde sujetada con pinzas por el incombustible<b> Jorge Javier V\u00e1zquez<\/b> y sus lacrimales historias y la ma\u00f1ana con <b>Ana Rosa Quintana<\/b> peleando m\u00e1s de cuatro horas para volver a ser la reina de las ma\u00f1anas. Ah, y un concurso Ag\u00e1rrate al sill\u00f3n, presentado por Eugeni Alemany, que ten\u00eda fuerza, ser\u00e1 retirado de la parrilla\u2026 peleaba contra <b>Pasapalabra<\/b>. Otro error.<\/p>\n","protected":false},"excerpt":{"rendered":"El barco se hunde, no hay suficientes botes salvavidas, y los pasillos, plat\u00f3s y despachos de aquella cadena&hellip;\n","protected":false},"author":2,"featured_media":268440,"comment_status":"","ping_status":"","sticky":false,"template":"","format":"standard","meta":{"footnotes":""},"categories":[171],"tags":[146,147,25,24,23,214],"class_list":{"0":"post-268439","1":"post","2":"type-post","3":"status-publish","4":"format-standard","5":"has-post-thumbnail","7":"category-tv","8":"tag-entertainment","9":"tag-entretenimiento","10":"tag-es","11":"tag-espana","12":"tag-spain","13":"tag-tv"},"share_on_mastodon":{"url":"https:\/\/pubeurope.com\/@es\/115653893500529185","error":""},"_links":{"self":[{"href":"https:\/\/www.europesays.com\/es\/wp-json\/wp\/v2\/posts\/268439","targetHints":{"allow":["GET"]}}],"collection":[{"href":"https:\/\/www.europesays.com\/es\/wp-json\/wp\/v2\/posts"}],"about":[{"href":"https:\/\/www.europesays.com\/es\/wp-json\/wp\/v2\/types\/post"}],"author":[{"embeddable":true,"href":"https:\/\/www.europesays.com\/es\/wp-json\/wp\/v2\/users\/2"}],"replies":[{"embeddable":true,"href":"https:\/\/www.europesays.com\/es\/wp-json\/wp\/v2\/comments?post=268439"}],"version-history":[{"count":0,"href":"https:\/\/www.europesays.com\/es\/wp-json\/wp\/v2\/posts\/268439\/revisions"}],"wp:featuredmedia":[{"embeddable":true,"href":"https:\/\/www.europesays.com\/es\/wp-json\/wp\/v2\/media\/268440"}],"wp:attachment":[{"href":"https:\/\/www.europesays.com\/es\/wp-json\/wp\/v2\/media?parent=268439"}],"wp:term":[{"taxonomy":"category","embeddable":true,"href":"https:\/\/www.europesays.com\/es\/wp-json\/wp\/v2\/categories?post=268439"},{"taxonomy":"post_tag","embeddable":true,"href":"https:\/\/www.europesays.com\/es\/wp-json\/wp\/v2\/tags?post=268439"}],"curies":[{"name":"wp","href":"https:\/\/api.w.org\/{rel}","templated":true}]}}