{"id":268450,"date":"2025-12-03T05:11:12","date_gmt":"2025-12-03T05:11:12","guid":{"rendered":"https:\/\/www.europesays.com\/es\/268450\/"},"modified":"2025-12-03T05:11:12","modified_gmt":"2025-12-03T05:11:12","slug":"el-black-friday-incremento-las-visitas-a-tienda-un-07-mientras-que-la-semana-completa-obtuvo-un-crecimiento-del-02","status":"publish","type":"post","link":"https:\/\/www.europesays.com\/es\/268450\/","title":{"rendered":"El Black Friday increment\u00f3 las visitas a tienda un 0,7%, mientras que la semana completa obtuvo un crecimiento del 0,2%"},"content":{"rendered":"<p>La campa\u00f1a de Black Friday volvi\u00f3 a concentrar su mayor pulso comercial en la jornada del viernes. Seg\u00fan los datos de TC Group Solutions, tanto el tr\u00e1fico exterior como las entradas en tienda se dispararon ese d\u00eda, definiendo el impacto de la campa\u00f1a en el conjunto de la semana.<\/p>\n<p>En concreto, <strong>en el conjunto de la semana del 28 de noviembre, el tr\u00e1fico exterior en Espa\u00f1a se ha mantenido en niveles pr\u00e1cticamente id\u00e9nticos a los del 2024,<\/strong> mientras que las entradas en tienda han registrado un crecimiento del 0,2%. Durante este periodo, varias capitales han mostrado incrementos destacados en entradas en tienda, entre ellas Barcelona, con un +5,2%, o Granada, con un 3,2%, reflejando la concentraci\u00f3n de compradores en zonas urbanas estrat\u00e9gicas.<\/p>\n<p><strong>En cuanto al viernes 28 de noviembre, se ha confirmado como el d\u00eda clave<\/strong>. Las entradas en tienda han crecido un 0,7% en Espa\u00f1a, con picos significativos en varias ciudades. Barcelona ha registrado un aumento del 4,8%, mientras que Madrid ha tenido un repunte m\u00e1s moderado del 0,7%.<\/p>\n<p><strong>Algunas ciudades menores han mostrado incrementos a\u00fan m\u00e1s llamativos:<\/strong> Logro\u00f1o (+8,4%), Pamplona (+16,8%) y Santander (+26,2%) se han situado entre las capitales con mayor afluencia de entradas en tienda. Por su parte, la ciudad de Sevilla ha registrado un crecimiento discreto del 0,3%, respectivamente.<\/p>\n<p><strong>Fin de semana: moderaci\u00f3n sin perder el dinamismo local<\/strong><\/p>\n<p><strong>Durante el fin de semana del Black Friday, la actividad comercial se ha moderado, con una variaci\u00f3n del -1,1% en tr\u00e1fico exterior y un -0,1% en entradas en el conjunto de Espa\u00f1a<\/strong>. Barcelona ha mantenido un nivel estable, con un +0,1% en entradas, mientras que Madrid ha registrado un -1,1%.<\/p>\n<p>Como conclusi\u00f3n, los datos de TC Group Solutions muestran que <strong>la campa\u00f1a de Black Friday de este a\u00f1o ha estado marcada por una semana estable en t\u00e9rminos generales,<\/strong> con un incremento contenido de entradas, y por una concentraci\u00f3n clara de la actividad en el viernes 28 de noviembre, d\u00eda en el que se registraron los mayores crecimientos en visitas a tiendas en numerosas capitales espa\u00f1olas.<\/p>\n<p>\u00a0<\/p>\n","protected":false},"excerpt":{"rendered":"La campa\u00f1a de Black Friday volvi\u00f3 a concentrar su mayor pulso comercial en la jornada del viernes. Seg\u00fan&hellip;\n","protected":false},"author":2,"featured_media":268451,"comment_status":"","ping_status":"","sticky":false,"template":"","format":"standard","meta":{"footnotes":""},"categories":[80],"tags":[58845,82,95,94,4401,25,24,23,66154,18937,589],"class_list":{"0":"post-268450","1":"post","2":"type-post","3":"status-publish","4":"format-standard","5":"has-post-thumbnail","7":"category-economia","8":"tag-black-friday","9":"tag-business","10":"tag-economia","11":"tag-economy","12":"tag-entradas","13":"tag-es","14":"tag-espana","15":"tag-spain","16":"tag-tc-group-solutions","17":"tag-tiendas","18":"tag-trafico"},"share_on_mastodon":{"url":"https:\/\/pubeurope.com\/@es\/115653921207487735","error":""},"_links":{"self":[{"href":"https:\/\/www.europesays.com\/es\/wp-json\/wp\/v2\/posts\/268450","targetHints":{"allow":["GET"]}}],"collection":[{"href":"https:\/\/www.europesays.com\/es\/wp-json\/wp\/v2\/posts"}],"about":[{"href":"https:\/\/www.europesays.com\/es\/wp-json\/wp\/v2\/types\/post"}],"author":[{"embeddable":true,"href":"https:\/\/www.europesays.com\/es\/wp-json\/wp\/v2\/users\/2"}],"replies":[{"embeddable":true,"href":"https:\/\/www.europesays.com\/es\/wp-json\/wp\/v2\/comments?post=268450"}],"version-history":[{"count":0,"href":"https:\/\/www.europesays.com\/es\/wp-json\/wp\/v2\/posts\/268450\/revisions"}],"wp:featuredmedia":[{"embeddable":true,"href":"https:\/\/www.europesays.com\/es\/wp-json\/wp\/v2\/media\/268451"}],"wp:attachment":[{"href":"https:\/\/www.europesays.com\/es\/wp-json\/wp\/v2\/media?parent=268450"}],"wp:term":[{"taxonomy":"category","embeddable":true,"href":"https:\/\/www.europesays.com\/es\/wp-json\/wp\/v2\/categories?post=268450"},{"taxonomy":"post_tag","embeddable":true,"href":"https:\/\/www.europesays.com\/es\/wp-json\/wp\/v2\/tags?post=268450"}],"curies":[{"name":"wp","href":"https:\/\/api.w.org\/{rel}","templated":true}]}}