{"id":268452,"date":"2025-12-03T05:12:12","date_gmt":"2025-12-03T05:12:12","guid":{"rendered":"https:\/\/www.europesays.com\/es\/268452\/"},"modified":"2025-12-03T05:12:12","modified_gmt":"2025-12-03T05:12:12","slug":"la-detencion-de-mogherini-un-nuevo-golpe-a-la-credibilidad-de-la-ue-en-su-momento-mas-fragil-internacional","status":"publish","type":"post","link":"https:\/\/www.europesays.com\/es\/268452\/","title":{"rendered":"La detenci\u00f3n de Mogherini, un nuevo golpe a la credibilidad de la UE en su momento m\u00e1s fr\u00e1gil | Internacional"},"content":{"rendered":"<p class=\"\">El anuncio de que la Fiscal\u00eda Europea est\u00e1 investigando un presunto fraude en los fondos europeos en relaci\u00f3n con la formaci\u00f3n de j\u00f3venes diplom\u00e1ticos, caso que ha acabado con la detenci\u00f3n e interrogatorio de <a href=\"https:\/\/elpais.com\/internacional\/2025-12-02\/tres-detenidos-por-un-presunto-fraude-de-fondos-europeos-en-el-servicio-exterior-de-la-ue.html\" target=\"_self\" rel=\"nofollow noopener\" title=\"https:\/\/elpais.com\/internacional\/2025-12-02\/tres-detenidos-por-un-presunto-fraude-de-fondos-europeos-en-el-servicio-exterior-de-la-ue.html\">la ex jefa de la diplomacia europea Federica Mogherini,<\/a> ha coincidido con las negociaciones finales en la capital belga de una directiva europea para reforzar el combate contra la corrupci\u00f3n que colea desde 2023. La iron\u00eda no se le escapa a nadie en una Bruselas nuevamente sacudida por un esc\u00e1ndalo \u2014y ya van varios en pocos a\u00f1os\u2014 que, adem\u00e1s, no podr\u00eda haber llegado en peor momento para unas instituciones europeas m\u00e1s cuestionadas que nunca, tanto desde fuera como entre sus propias filas. Sobre todo por una extrema derecha cada vez m\u00e1s fuerte en todas las esferas de poder y que no ha dudado en usar el nuevo potencial caso para atacar al coraz\u00f3n de Europa.<\/p>\n<p class=\"\">\u201cLa ci\u00e9naga de Bruselas no da tregua\u201d, ha declarado, visiblemente complacido, el eurodiputado de Vox Jorge Buxad\u00e9 nada m\u00e1s conocer el operativo policial en dependencias del Servicio Europeo de Acci\u00f3n Exterior (SEAE) y en la sede en Brujas del Colegio de Europa, dirigido por Mogherini y <a href=\"https:\/\/elpais.com\/internacional\/elecciones-europeas\/2024-06-08\/quien-manda-en-europa-el-centro-de-gravedad-se-desplaza-al-este-y-las-elites-tambien.html\" target=\"_self\" rel=\"nofollow noopener\" title=\"https:\/\/elpais.com\/internacional\/elecciones-europeas\/2024-06-08\/quien-manda-en-europa-el-centro-de-gravedad-se-desplaza-al-este-y-las-elites-tambien.html\">vivero de funcionarios europeos<\/a>. O, como las define el pol\u00edtico ultra espa\u00f1ol, \u201clas pu\u00f1eteras \u00e9lites que se van colocando y apoyando mutuamente (\u2026). Bruselas es una ci\u00e9naga de corrupci\u00f3n. Vamos a sacar todos los casos de corrupci\u00f3n\u201d, ha prometido en un v\u00eddeo distribuido por las redes sociales de la formaci\u00f3n de extrema derecha y aliada del h\u00fangaro Viktor Orb\u00e1n en Bruselas. El v\u00eddeo no aclara que ninguno de los altos funcionarios puestos bajo custodia policial para ser interrogados \u2014tambi\u00e9n el ex secretario general del SEAE y actual alto funcionario de la Comisi\u00f3n Stefano Sannino\u2014 ha sido a\u00fan formalmente imputado. <\/p>\n<p class=\"\">Este detalle tampoco ha frenado a Mosc\u00fa, enfurecido por la <a href=\"https:\/\/elpais.com\/internacional\/2025-12-02\/putin-ordena-conquistar-mas-territorio-en-la-frontera-con-ucrania-antes-de-recibir-al-enviado-especial-de-trump.html\" target=\"_self\" rel=\"nofollow noopener\" title=\"https:\/\/elpais.com\/internacional\/2025-12-02\/putin-ordena-conquistar-mas-territorio-en-la-frontera-con-ucrania-antes-de-recibir-al-enviado-especial-de-trump.html\">interferencia europea en sus planes de engatusar a Washington<\/a> para lograr un acuerdo de paz favorable a sus intereses en Ucrania, para atacar a la UE. La portavoz del Ministerio de Exteriores ruso, Maria Zajarova, ha afirmado que mientras Bruselas \u201cest\u00e1 constantemente aleccionando a otros (\u2026), millones de euros fluyen a diario a trav\u00e9s de los conductos de la corrupci\u00f3n desde la UE a Ucrania\u201d. <\/p>\n<p class=\"\">En sus declaraciones, recogidas por Europa Press, Zajarova ha hecho alusi\u00f3n indirecta a otra de las fijaciones de la extrema derecha contra la presidenta de la Comisi\u00f3n Europea, Ursula von der Leyen, a la que acusan de falta de transparencia en la compra de vacunas Pfizer durante la pandemia de covid. No es algo nuevo: ya en julio, justo antes de que fracasara una primera moci\u00f3n de censura presentada por la ultraderecha contra la alemana por este caso, el Kremlin aprovech\u00f3 para lanzar una narrativa sobre las \u201cdisfunciones\u201d de las instituciones europeas, <a href=\"https:\/\/elpais.com\/internacional\/2025-07-22\/rusia-uso-la-mocion-de-censura-a-von-der-leyen-para-agitar-la-polarizacion-en-la-ue.html\" target=\"_self\" rel=\"nofollow noopener\" title=\"https:\/\/elpais.com\/internacional\/2025-07-22\/rusia-uso-la-mocion-de-censura-a-von-der-leyen-para-agitar-la-polarizacion-en-la-ue.html\">con el objetivo de \u201cpolarizar y debilitar\u201d a la UE, <\/a>seg\u00fan un an\u00e1lisis de expertos en desinformaci\u00f3n.<\/p>\n<p class=\"\">El nuevo caso llega adem\u00e1s cuando sigue sin resolverse el esc\u00e1ndalo m\u00e1s grave que ha sacudido a Bruselas en su historia reciente: el <a href=\"https:\/\/elpais.com\/internacional\/2022-12-18\/qatargate-ocho-dias-que-sacudieron-bruselas.html\" target=\"_self\" rel=\"nofollow noopener\" title=\"https:\/\/elpais.com\/internacional\/2022-12-18\/qatargate-ocho-dias-que-sacudieron-bruselas.html\">Qatargate, el presunto intento de soborno de eurodiputados <\/a>y antiguos responsables europeos por parte de pa\u00edses como Qatar o Marruecos. El Qatargate estall\u00f3 hace casi tres a\u00f1os, el 9 de diciembre de 2022, con otra espectacular operaci\u00f3n policial en Bruselas que acab\u00f3 con la detenci\u00f3n de la entonces vicepresidenta de la Euroc\u00e1mara Eva Kaili, de su pareja y asesor parlamentario Francesco Giorgi, y de un antiguo eurodiputado italiano, Pier Antonio Panzeri, que dirig\u00eda una ONG, Fight Impunity (otra de las iron\u00edas de Bruselas). <\/p>\n<p class=\"\">En Fight Impunity figuraba Mogherini junto con otras altas figuras internacionales como miembro del consejo honor\u00edfico de <a href=\"https:\/\/elpais.com\/internacional\/2022-12-17\/el-qatargate-revela-el-lado-oscuro-de-la-capital-europea-del-cabildeo.html\" target=\"_self\" rel=\"nofollow noopener\" title=\"https:\/\/elpais.com\/internacional\/2022-12-17\/el-qatargate-revela-el-lado-oscuro-de-la-capital-europea-del-cabildeo.html\">la organizaci\u00f3n que fue usada como pantalla<\/a> para los chanchullos de los implicados. Estos, pese a haber pasado en su mayor\u00eda largo tiempo en prisi\u00f3n preventiva, siguen sin tener una fecha de juicio en B\u00e9lgica. Tampoco la bater\u00eda de medidas de mayor transparencia y control que prometieron las instituciones europeas tras el esc\u00e1ndalo han acabado de afianzarse. <\/p>\n<p class=\"\">Mientras, los casos han seguido apil\u00e1ndose. El exagerado poder de los lobbies en la capital belga qued\u00f3 puesto de relieve en 2022 con las denominadas Uber Files sobre las agresivas pr\u00e1cticas de la plataforma de transporte privado para imponerse en los pa\u00edses y que tambi\u00e9n salpic\u00f3 a la Euroc\u00e1mara. Pese a la sacudida que supuso este caso pocos meses antes del Qatargate, Bruselas parece tendente a recaer: este mismo a\u00f1o, en marzo, la polic\u00eda belga registraba las oficinas en Bruselas <a href=\"https:\/\/elpais.com\/internacional\/2025-03-13\/la-policia-belga-registra-la-sede-de-huawei-en-bruselas-por-un-presunto-caso-de-corrupcion-en-el-parlamento-europeo.html\" target=\"_self\" rel=\"nofollow noopener\" title=\"https:\/\/elpais.com\/internacional\/2025-03-13\/la-policia-belga-registra-la-sede-de-huawei-en-bruselas-por-un-presunto-caso-de-corrupcion-en-el-parlamento-europeo.html\">del gigante tecnol\u00f3gico chino Huawei<\/a> y deten\u00eda a varios de sus lobistas, en el marco de otro un presunto caso de \u201ccorrupci\u00f3n activa en el Paramento Europeo\u201d. Y en noviembre se conoci\u00f3 la imputaci\u00f3n del antiguo comisario de Justicia, el belga Didier Reynders, por un presunto caso de lavado de dinero.<\/p>\n<p class=\"\">Ahora, la sombra de la corrupci\u00f3n vuelve a extenderse sobre las instituciones europeas y sus bases, como el Colegio de Europa, que forma a buena parte de sus funcionarios. <\/p>\n<p class=\"\">\u201cEs dif\u00edcil imaginar un peor momento para que la UE afronte un esc\u00e1ndalo de integridad p\u00fablica\u201d, comentaba en las redes sociales Alberto Alemanno, fundador de la organizaci\u00f3n The Good Lobby, que impulsa un cabildeo \u201caccesible, transparente, responsable y con rendici\u00f3n de cuentas\u201d. Para el polit\u00f3logo, est\u00e1 claro que la UE \u201cnecesita un organismo de supervisi\u00f3n espec\u00edfico (m\u00e1s all\u00e1 de la Fiscal\u00eda Europea)\u201d.<\/p>\n<p class=\"\">La copresidenta del grupo de Izquierda en el Parlamento Europeo Manon Aubry (Francia Insumisa), ha reclamado \u201ccon urgencia un organismo \u00e9tico con m\u00e1s garra que detenga la corrupci\u00f3n en su origen, en vez de quedarnos esperando a que estalle el pr\u00f3ximo esc\u00e1ndalo\u201d. <\/p>\n<p class=\"\">Espoleados quiz\u00e1s por el nuevo esc\u00e1ndalo, los representantes del Consejo y del Parlamento Europeo han cerrado este martes un texto de compromiso de la nueva directiva contra la corrupci\u00f3n, que por primera vez armoniza a nivel europeo las definiciones de los delitos de corrupci\u00f3n as\u00ed como las sanciones m\u00ednimas que deben conllevar, as\u00ed como las normas para una \u201cinvestigaci\u00f3n y enjuiciamiento m\u00e1s eficaces\u201d. Pero para el grupo ECR de la primera ministra de Italia, la ultra Giorgia Meloni, esto tampoco resolver\u00e1 los problemas de la UE. \u201cTras el Qatargate y las nuevas acusaciones que implican al comisario Reynders y a la antigua direcci\u00f3n del SEAE, los ciudadanos esperaban normas de integridad estrictas. En cambio, la UE decidi\u00f3 eximirse a s\u00ed misma. Ser\u00e1 muy dif\u00edcil explicar al p\u00fablico por qu\u00e9 los funcionarios de la UE est\u00e1n exentos de las obligaciones de transparencia m\u00e1s b\u00e1sicas\u201d, ha criticado el eurodiputado de ECR Mariusz Kaminski.<\/p>\n","protected":false},"excerpt":{"rendered":"El anuncio de que la Fiscal\u00eda Europea est\u00e1 investigando un presunto fraude en los fondos europeos en relaci\u00f3n&hellip;\n","protected":false},"author":2,"featured_media":268453,"comment_status":"","ping_status":"","sticky":false,"template":"","format":"standard","meta":{"footnotes":""},"categories":[42],"tags":[17,18,767,13,14,66155,66032,11,61,62,63,64,734,19,20,66156,9,10,15,16,586,12,29786,21,22,4247,1617,65,66,67],"class_list":{"0":"post-268452","1":"post","2":"type-post","3":"status-publish","4":"format-standard","5":"has-post-thumbnail","7":"category-internacional","8":"tag-breaking-news","9":"tag-breakingnews","10":"tag-corrupcion","11":"tag-featured-news","12":"tag-featurednews","13":"tag-federica-mogherini","14":"tag-fiscalia-europea","15":"tag-headlines","16":"tag-internacional","17":"tag-international","18":"tag-international-news","19":"tag-internationalnews","20":"tag-investigacion-judicial","21":"tag-latest-news","22":"tag-latestnews","23":"tag-lobby","24":"tag-news","25":"tag-noticias","26":"tag-noticias-destacadas","27":"tag-noticiasdestacadas","28":"tag-policia","29":"tag-titulares","30":"tag-transparencia-institucional","31":"tag-ultimas-noticias","32":"tag-ultimasnoticias","33":"tag-ultraderecha","34":"tag-union-europea","35":"tag-world","36":"tag-world-news","37":"tag-worldnews"},"share_on_mastodon":{"url":"","error":"Validation failed: Text character limit of 500 exceeded"},"_links":{"self":[{"href":"https:\/\/www.europesays.com\/es\/wp-json\/wp\/v2\/posts\/268452","targetHints":{"allow":["GET"]}}],"collection":[{"href":"https:\/\/www.europesays.com\/es\/wp-json\/wp\/v2\/posts"}],"about":[{"href":"https:\/\/www.europesays.com\/es\/wp-json\/wp\/v2\/types\/post"}],"author":[{"embeddable":true,"href":"https:\/\/www.europesays.com\/es\/wp-json\/wp\/v2\/users\/2"}],"replies":[{"embeddable":true,"href":"https:\/\/www.europesays.com\/es\/wp-json\/wp\/v2\/comments?post=268452"}],"version-history":[{"count":0,"href":"https:\/\/www.europesays.com\/es\/wp-json\/wp\/v2\/posts\/268452\/revisions"}],"wp:featuredmedia":[{"embeddable":true,"href":"https:\/\/www.europesays.com\/es\/wp-json\/wp\/v2\/media\/268453"}],"wp:attachment":[{"href":"https:\/\/www.europesays.com\/es\/wp-json\/wp\/v2\/media?parent=268452"}],"wp:term":[{"taxonomy":"category","embeddable":true,"href":"https:\/\/www.europesays.com\/es\/wp-json\/wp\/v2\/categories?post=268452"},{"taxonomy":"post_tag","embeddable":true,"href":"https:\/\/www.europesays.com\/es\/wp-json\/wp\/v2\/tags?post=268452"}],"curies":[{"name":"wp","href":"https:\/\/api.w.org\/{rel}","templated":true}]}}