{"id":268454,"date":"2025-12-03T05:13:11","date_gmt":"2025-12-03T05:13:11","guid":{"rendered":"https:\/\/www.europesays.com\/es\/268454\/"},"modified":"2025-12-03T05:13:11","modified_gmt":"2025-12-03T05:13:11","slug":"chivite-cesa-al-director-de-obras-publicas-tras-la-polemica-por-el-sobrecoste-de-belate","status":"publish","type":"post","link":"https:\/\/www.europesays.com\/es\/268454\/","title":{"rendered":"Chivite cesa al director de Obras P\u00fablicas tras la pol\u00e9mica por el sobrecoste de Belate"},"content":{"rendered":"\n<p> La presidenta de Navarra, <strong>Mar\u00eda Chivite<\/strong>, ha cesado al director general de Obras P\u00fablicas,<strong> Pedro L\u00f3pez,<\/strong> en medio de la pol\u00e9mica por el sobrecoste de<a href=\"https:\/\/www.elconfidencial.com\/espana\/2025-11-20\/uco-investigacion-tunel-belate_4250616\/\" target=\"_self\" rel=\"nofollow noopener\"> las obras de duplicaci\u00f3n de los t\u00faneles de Belate<\/a> y el informe emitido al respecto por la Intervenci\u00f3n General del propio Ejecutivo foral. <\/p>\n<p> El nombramiento del sustituto de Pedro L\u00f3pez, en el cargo desde 2019, <strong>se acometer\u00e1 a la mayor brevedad<\/strong>, seg\u00fan ha indicado el Gobierno en una nota. El cese se ha comunicado a los grupos que sustentan al Gobierno. <\/p>\n<p> El Gobierno de Navarra asegura que introducir\u00e1 asimismo <strong>mejoras en la gesti\u00f3n <\/strong>de las obras del t\u00fanel de Belate, entre las que destacan el recambio tambi\u00e9n de la <strong>direcci\u00f3n facultativa y la supervisi\u00f3n directa<\/strong> por parte del Servicio de Intervenci\u00f3n del Departamento de Econom\u00eda y Hacienda. <\/p>\n<p> La duplicaci\u00f3n de los t\u00faneles de Belate, en la N-121-A, fue adjudicada a la UTE formada por Acciona, Os\u00e9s Construcci\u00f3n y Servinabar, la empresa de la que, seg\u00fan el informe de la UCO,<a href=\"https:\/\/www.elconfidencial.com\/espana\/2025-08-25\/chivite-adjudico-83-m-a-servinabar-mientras-la-hermana-de-cerdan-estaba-a-sueldo_4185931\/\" target=\"_self\" rel=\"nofollow noopener\"> Santos Cerd\u00e1n era propietario<\/a> del 45 por ciento. El proceso de adjudicaci\u00f3n <strong>se est\u00e1 investigando<\/strong> en la Comisi\u00f3n de Investigaci\u00f3n del Parlamento de Navarra. <\/p>\n<p>            F\u00f3rmulas legales y seguridad           <\/p>\n<p> La Intervenci\u00f3n General del Gobierno foral ha incoado un reparo suspensivo del modificado de las obras que ten\u00eda un valor de <strong>8,5 millones de euros. <\/strong>Y el Departamento de Cohesi\u00f3n Territorial ha anunciado que trabaja en nuevas f\u00f3rmulas legales que permitan <a href=\"https:\/\/www.elconfidencial.com\/espana\/2025-07-23\/navarra-tendra-nuevo-tunel-zonas-clave-1qrt-1tna_4178109\/\" target=\"_self\" rel=\"nofollow noopener\">continuar con unas obras<\/a> que considera imprescindibles en t\u00e9rminos de seguridad para la ciudadan\u00eda y cumplimiento de la legalidad europea. <\/p>\n<p> En ese sentido, Obras P\u00fablicas ha trasladado a la UTE de Belate, formada por Acciona y Os\u00e9s Construcci\u00f3n tras la salida de Servinabar, el inter\u00e9s en que <strong>prosigan los trabajos con normalidad,<\/strong> desde la prioridad de cumplir con la Directiva Europea que exige una mayor seguridad en t\u00faneles como el de Belate. De esta manera, se <strong>autorizar\u00e1 el pago<\/strong> de los trabajos realizados seg\u00fan las especificaciones de Intervenci\u00f3n General. <\/p>\n<p>              <img decoding=\"async\" class=\"inTextNews__img\" alt=\"Foto: anticorrupcion-detecta-graves-irregularidades-obras-chivite-adjudico-cerdan\" src=\"https:\/\/www.europesays.com\/es\/wp-content\/uploads\/2025\/12\/f.elconfidencial.com\/original\/dca\/4c2\/606\/dca4c26067390a29974b205f06b858e6.jpg\"  \/>     <\/p>\n<p>TE PUEDE INTERESAR<\/p>\n<p>      <a class=\"inTextNews__title\" href=\"https:\/\/www.elconfidencial.com\/espana\/2025-09-16\/anticorrupcion-detecta-graves-irregularidades-obras-chivite-adjudico-cerdan_4209532\/\" onclick=\"window.ECCO.emit(&#039;amplitude&#039;, { dataEventName: &#039;click_related_article_module&#039;, data: { related_article_url: &#039;https:\/\/www.elconfidencial.com\/espana\/2025-09-16\/anticorrupcion-detecta-graves-irregularidades-obras-chivite-adjudico-cerdan_4209532\/&#039;, related_article_author: &#039;Juan Fern\u00e1ndez-Miranda,Borja Negrete&#039;, related_article_section: &#039;espana&#039; } })\" rel=\"nofollow noopener\" target=\"_blank\"> Anticorrupci\u00f3n detecta \u00abgraves irregularidades\u00bb en las millonarias obras que Chivite adjudic\u00f3 a Cerd\u00e1n <\/a>   <\/p>\n<p>    Juan Fern\u00e1ndez-Miranda     Borja Negrete   <\/p>\n<p> El Gobierno foral justific\u00f3 el modificado de las obras de duplicaci\u00f3n de los t\u00faneles de Belate <strong>por cuestiones t\u00e9cnicas<\/strong> relacionadas con la morfolog\u00eda del terreno, la cantidad de agua que emerge de la monta\u00f1a y diversas prescripciones de obligado cumplimiento para <a href=\"https:\/\/www.elconfidencial.com\/espana\/2024-02-08\/polemica-adjudicacion-obras-tunel-belate-navarra_3826319\/\" target=\"_self\" rel=\"nofollow noopener\">la obtenci\u00f3n de las autorizaciones<\/a>. Estas cuestiones<strong> no han sido compartidas por la Intervenci\u00f3n General.<\/strong> <\/p>\n<p> Los socios de Gobierno, Geroa Bai y Contigo-Zurekin, hab\u00edan pedido al Gobierno de Mar\u00eda Chivite que se asumieran responsabilidades tras el informe del interventor. Chivite ha tomado la decisi\u00f3n de cesar al director general un d\u00eda <strong>despu\u00e9s de reunirse con sus socios.<\/strong> <\/p>\n<p> La presidenta de Navarra, <strong>Mar\u00eda Chivite<\/strong>, ha cesado al director general de Obras P\u00fablicas,<strong> Pedro L\u00f3pez,<\/strong> en medio de la pol\u00e9mica por el sobrecoste de<a href=\"https:\/\/www.elconfidencial.com\/espana\/2025-11-20\/uco-investigacion-tunel-belate_4250616\/\" target=\"_self\" rel=\"nofollow noopener\"> las obras de duplicaci\u00f3n de los t\u00faneles de Belate<\/a> y el informe emitido al respecto por la Intervenci\u00f3n General del propio Ejecutivo foral. <\/p>\n","protected":false},"excerpt":{"rendered":"La presidenta de Navarra, Mar\u00eda Chivite, ha cesado al director general de Obras P\u00fablicas, Pedro L\u00f3pez, en medio&hellip;\n","protected":false},"author":2,"featured_media":268455,"comment_status":"","ping_status":"","sticky":false,"template":"","format":"standard","meta":{"footnotes":""},"categories":[8],"tags":[17,18,25,24,13,14,11,19,20,9,10,15,16,23,12,21,22],"class_list":{"0":"post-268454","1":"post","2":"type-post","3":"status-publish","4":"format-standard","5":"has-post-thumbnail","7":"category-espana","8":"tag-breaking-news","9":"tag-breakingnews","10":"tag-es","11":"tag-espana","12":"tag-featured-news","13":"tag-featurednews","14":"tag-headlines","15":"tag-latest-news","16":"tag-latestnews","17":"tag-news","18":"tag-noticias","19":"tag-noticias-destacadas","20":"tag-noticiasdestacadas","21":"tag-spain","22":"tag-titulares","23":"tag-ultimas-noticias","24":"tag-ultimasnoticias"},"share_on_mastodon":{"url":"https:\/\/pubeurope.com\/@es\/115653929229003852","error":""},"_links":{"self":[{"href":"https:\/\/www.europesays.com\/es\/wp-json\/wp\/v2\/posts\/268454","targetHints":{"allow":["GET"]}}],"collection":[{"href":"https:\/\/www.europesays.com\/es\/wp-json\/wp\/v2\/posts"}],"about":[{"href":"https:\/\/www.europesays.com\/es\/wp-json\/wp\/v2\/types\/post"}],"author":[{"embeddable":true,"href":"https:\/\/www.europesays.com\/es\/wp-json\/wp\/v2\/users\/2"}],"replies":[{"embeddable":true,"href":"https:\/\/www.europesays.com\/es\/wp-json\/wp\/v2\/comments?post=268454"}],"version-history":[{"count":0,"href":"https:\/\/www.europesays.com\/es\/wp-json\/wp\/v2\/posts\/268454\/revisions"}],"wp:featuredmedia":[{"embeddable":true,"href":"https:\/\/www.europesays.com\/es\/wp-json\/wp\/v2\/media\/268455"}],"wp:attachment":[{"href":"https:\/\/www.europesays.com\/es\/wp-json\/wp\/v2\/media?parent=268454"}],"wp:term":[{"taxonomy":"category","embeddable":true,"href":"https:\/\/www.europesays.com\/es\/wp-json\/wp\/v2\/categories?post=268454"},{"taxonomy":"post_tag","embeddable":true,"href":"https:\/\/www.europesays.com\/es\/wp-json\/wp\/v2\/tags?post=268454"}],"curies":[{"name":"wp","href":"https:\/\/api.w.org\/{rel}","templated":true}]}}